{"id":48146,"date":"2018-08-31T10:27:42","date_gmt":"2018-08-31T13:27:42","guid":{"rendered":"http:\/\/www.simepe.com.br\/novo\/?p=48146"},"modified":"2018-08-31T10:27:42","modified_gmt":"2018-08-31T13:27:42","slug":"nem-todos-os-adultos-precisam-de-vacina-contra-o-sarampo-entenda","status":"publish","type":"post","link":"https:\/\/www.simepe.com.br\/novo\/nem-todos-os-adultos-precisam-de-vacina-contra-o-sarampo-entenda\/","title":{"rendered":"Nem todos os adultos precisam de vacina contra o sarampo; entenda"},"content":{"rendered":"<p style=\"text-align: justify;\">Especialistas alertam que as pessoas mais velhas s\u00f3 precisam do imunizante contra o sarampo caso n\u00e3o tenham sido vacinadas com duas doses na inf\u00e2ncia<\/p>\n<p style=\"text-align: justify;\">Pernambuco j\u00e1 imunizou 93% das crian\u00e7as de 1 a menores de 5 anos contra o sarampo e a poliomielite at\u00e9 essa quinta-feira (30) e deve alcan\u00e7ar a marca dos 95% recomendados nesta sexta-feira (31), \u00faltimo dia oficial da campanha nacional de imuniza\u00e7\u00e3o contra as duas doen\u00e7as. Entre as cidades pernambucanas, 76 j\u00e1 chegaram ao \u00edndice dos 95% do p\u00fablico infantil protegido contra a p\u00f3lio e 74 cidades alcan\u00e7aram o percentual para o sarampo. O Recife conseguiu concluir a quinta-feira com 100%. Para os adultos, tamb\u00e9m n\u00e3o h\u00e1 necessidade de corrida pela tr\u00edplice viral. Os especialistas alertam que as pessoas mais velhas s\u00f3 precisam da dose caso n\u00e3o tenham sido vacinadas com duas doses na inf\u00e2ncia.<\/p>\n<p style=\"text-align: justify;\">A coordenadora do Programa Nacional de Imuniza\u00e7\u00f5es (PNI) do Recife, Elizabeth Azoubel, comentou que desde o \u00faltimo dia 6, data da abertura da campanha de vacina\u00e7\u00e3o para as crian\u00e7as, tamb\u00e9m houve um aumento do fluxo de adultos nos postos. Muitos chegavam com relatos de desconhecimento sobre a situa\u00e7\u00e3o vacinal para o sarampo e por isso eram imunizados. Nessa quinta, na Policl\u00ednica Lessa de Andrade, no bairro da Madalena, Zona Oeste do Recife, por exemplo, mais de 50 pessoas aguardavam pela dose na sala que vive lotada nessas \u00faltimas semanas. Entre eles estava a psic\u00f3loga Patr\u00edcia Coutinho, 41 anos. \u201cFiquei com medo por isso resolvi procurar a vacina. Tenho o meu cart\u00e3o de quando ainda era crian\u00e7a e s\u00f3 consta uma dose e depois disso n\u00e3o tomei mais\u201d, mostrou.<\/p>\n<p style=\"text-align: justify;\">Desprotegida tamb\u00e9m estava a dom\u00e9stica Iranilde Maria da Silva, 42. \u201cEu n\u00e3o sabia nem que existia essa vacina de sarampo. Morava no Interior e minha m\u00e3e nunca deu na gente\u201d, disse. Outros tantos homens e mulheres na fila, no entanto, comentaram terem recebido as doses na inf\u00e2ncia, mas sem comprova\u00e7\u00e3o na caderneta preferiam tomar mais uma dose. \u201cO adulto s\u00f3 vai ser vacinado se ele n\u00e3o tiver sido vacinado na inf\u00e2ncia. N\u00e3o \u00e9 uma nova vacina. Se ele tem dose anterior, n\u00e3o precisa fazer\u201d, esclareceu a coordenadora do PNI do Estado, Ana Catarina Melo.<\/p>\n<p style=\"text-align: justify;\">Ela refor\u00e7ou que, se o indiv\u00edduo j\u00e1 foi imunizado aos 12 meses e aos 15 meses de vida, n\u00e3o precisa fazer mais esquemas. O problema \u00e9 que a maioria das pessoas n\u00e3o se recorda e n\u00e3o arquiva a caderneta de quando era pequeno. \u201cA gente precisa fortalecer a import\u00e2ncia de ter esse registro. Porque excesso de dose de vacina pode n\u00e3o ter nada, mas se tiver alguma coisa? Nunca aconteceu (uma intercorr\u00eancia), mas a gente n\u00e3o pode estar dando chance ao azar\u201d, alertou sobre m\u00faltiplas exposi\u00e7\u00f5es desnecess\u00e1rias ao imunizante. Catarina relembrou ainda que no ano 2000 houve uma campanha de vacina\u00e7\u00e3o em massa para sarampo e outra em 2008 para a rub\u00e9ola, que era dupla viral e tamb\u00e9m protegia contra o sarampo.<\/p>\n<p style=\"text-align: justify;\">O infectologista da Rede D\u2019OR S\u00e3o Luiz, Moacir Juc\u00e1, explicou que duas doses da vacina administradas ao longo da vida s\u00e3o suficientes para a prote\u00e7\u00e3o do indiv\u00edduo, mesmo sendo elas aplicadas na inf\u00e2ncia. Somente em casos excepcionais e incomuns \u00e9 que pode n\u00e3o haver a prote\u00e7\u00e3o completa e a pessoa continuar suscept\u00edvel ao v\u00edrus. J\u00e1 quem teve sarampo uma vez n\u00e3o ter\u00e1 de novo. \u00c9 essa imunidade adquirida pelo adoecimento que fez o Minist\u00e9rio da Sa\u00fade (MS) estabelecer o crit\u00e9rio de idade m\u00e1xima, at\u00e9 49 anos, para a vacina no SUS. \u201cQuem j\u00e1 \u00e9 mais velho, acima de 40 anos ou 50 anos, \u00e9 muito prov\u00e1vel que j\u00e1 tenha adoecido. Porque o sarampo h\u00e1 muitos anos era bastante comum e j\u00e1 gerava imunidade naquelas popula\u00e7\u00f5es\u201d, comentou Juc\u00e1.<\/p>\n<p style=\"text-align: justify;\">O m\u00e9dico refor\u00e7ou que n\u00e3o existe descri\u00e7\u00e3o de muta\u00e7\u00e3o do v\u00edrus do sarampo no Brasil, mas que a reinser\u00e7\u00e3o da doen\u00e7a encontrou brecha no afrouxamento que as pessoas tiveram em rela\u00e7\u00e3o \u00e0 vacina\u00e7\u00e3o nos \u00faltimos anos. A presen\u00e7a de venezuelanos no Estado gerou preocupa\u00e7\u00e3o na popula\u00e7\u00e3o, mas todos esses visitantes j\u00e1 chegaram imunizados.<\/p>\n<p style=\"text-align: justify;\">\n<p style=\"text-align: justify;\">Fonte: Folha de Pernambuco<\/p>\n","protected":false},"excerpt":{"rendered":"<p>Especialistas alertam que as pessoas mais velhas s\u00f3 precisam do imunizante contra o sarampo caso n\u00e3o tenham sido vacinadas com duas doses na inf\u00e2ncia Pernambuco j\u00e1 imunizou 93% das crian\u00e7as de 1 a menores de 5 anos contra o sarampo e a poliomielite at\u00e9 essa quinta-feira (30) e deve alcan\u00e7ar a marca dos 95% recomendados [&hellip;]<\/p>\n","protected":false},"author":1,"featured_media":48147,"comment_status":"open","ping_status":"open","sticky":false,"template":"","format":"standard","meta":{"ocean_post_layout":"","ocean_both_sidebars_style":"","ocean_both_sidebars_content_width":0,"ocean_both_sidebars_sidebars_width":0,"ocean_sidebar":"","ocean_second_sidebar":"","ocean_disable_margins":"enable","ocean_add_body_class":"","ocean_shortcode_before_top_bar":"","ocean_shortcode_after_top_bar":"","ocean_shortcode_before_header":"","ocean_shortcode_after_header":"","ocean_has_shortcode":"","ocean_shortcode_after_title":"","ocean_shortcode_before_footer_widgets":"","ocean_shortcode_after_footer_widgets":"","ocean_shortcode_before_footer_bottom":"","ocean_shortcode_after_footer_bottom":"","ocean_display_top_bar":"default","ocean_display_header":"default","ocean_header_style":"","ocean_center_header_left_menu":"","ocean_custom_header_template":"","ocean_custom_logo":0,"ocean_custom_retina_logo":0,"ocean_custom_logo_max_width":0,"ocean_custom_logo_tablet_max_width":0,"ocean_custom_logo_mobile_max_width":0,"ocean_custom_logo_max_height":0,"ocean_custom_logo_tablet_max_height":0,"ocean_custom_logo_mobile_max_height":0,"ocean_header_custom_menu":"","ocean_menu_typo_font_family":"","ocean_menu_typo_font_subset":"","ocean_menu_typo_font_size":0,"ocean_menu_typo_font_size_tablet":0,"ocean_menu_typo_font_size_mobile":0,"ocean_menu_typo_font_size_unit":"px","ocean_menu_typo_font_weight":"","ocean_menu_typo_font_weight_tablet":"","ocean_menu_typo_font_weight_mobile":"","ocean_menu_typo_transform":"","ocean_menu_typo_transform_tablet":"","ocean_menu_typo_transform_mobile":"","ocean_menu_typo_line_height":0,"ocean_menu_typo_line_height_tablet":0,"ocean_menu_typo_line_height_mobile":0,"ocean_menu_typo_line_height_unit":"","ocean_menu_typo_spacing":0,"ocean_menu_typo_spacing_tablet":0,"ocean_menu_typo_spacing_mobile":0,"ocean_menu_typo_spacing_unit":"","ocean_menu_link_color":"","ocean_menu_link_color_hover":"","ocean_menu_link_color_active":"","ocean_menu_link_background":"","ocean_menu_link_hover_background":"","ocean_menu_link_active_background":"","ocean_menu_social_links_bg":"","ocean_menu_social_hover_links_bg":"","ocean_menu_social_links_color":"","ocean_menu_social_hover_links_color":"","ocean_disable_title":"default","ocean_disable_heading":"default","ocean_post_title":"","ocean_post_subheading":"","ocean_post_title_style":"","ocean_post_title_background_color":"","ocean_post_title_background":0,"ocean_post_title_bg_image_position":"","ocean_post_title_bg_image_attachment":"","ocean_post_title_bg_image_repeat":"","ocean_post_title_bg_image_size":"","ocean_post_title_height":0,"ocean_post_title_bg_overlay":0.5,"ocean_post_title_bg_overlay_color":"","ocean_disable_breadcrumbs":"default","ocean_breadcrumbs_color":"","ocean_breadcrumbs_separator_color":"","ocean_breadcrumbs_links_color":"","ocean_breadcrumbs_links_hover_color":"","ocean_display_footer_widgets":"default","ocean_display_footer_bottom":"default","ocean_custom_footer_template":"","ocean_post_oembed":"","ocean_post_self_hosted_media":"","ocean_post_video_embed":"","ocean_link_format":"","ocean_link_format_target":"self","ocean_quote_format":"","ocean_quote_format_link":"post","ocean_gallery_link_images":"on","ocean_gallery_id":[]},"categories":[1],"tags":[3136,1283,82],"acf":[],"_links":{"self":[{"href":"https:\/\/www.simepe.com.br\/novo\/wp-json\/wp\/v2\/posts\/48146"}],"collection":[{"href":"https:\/\/www.simepe.com.br\/novo\/wp-json\/wp\/v2\/posts"}],"about":[{"href":"https:\/\/www.simepe.com.br\/novo\/wp-json\/wp\/v2\/types\/post"}],"author":[{"embeddable":true,"href":"https:\/\/www.simepe.com.br\/novo\/wp-json\/wp\/v2\/users\/1"}],"replies":[{"embeddable":true,"href":"https:\/\/www.simepe.com.br\/novo\/wp-json\/wp\/v2\/comments?post=48146"}],"version-history":[{"count":1,"href":"https:\/\/www.simepe.com.br\/novo\/wp-json\/wp\/v2\/posts\/48146\/revisions"}],"predecessor-version":[{"id":48148,"href":"https:\/\/www.simepe.com.br\/novo\/wp-json\/wp\/v2\/posts\/48146\/revisions\/48148"}],"wp:featuredmedia":[{"embeddable":true,"href":"https:\/\/www.simepe.com.br\/novo\/wp-json\/wp\/v2\/media\/48147"}],"wp:attachment":[{"href":"https:\/\/www.simepe.com.br\/novo\/wp-json\/wp\/v2\/media?parent=48146"}],"wp:term":[{"taxonomy":"category","embeddable":true,"href":"https:\/\/www.simepe.com.br\/novo\/wp-json\/wp\/v2\/categories?post=48146"},{"taxonomy":"post_tag","embeddable":true,"href":"https:\/\/www.simepe.com.br\/novo\/wp-json\/wp\/v2\/tags?post=48146"}],"curies":[{"name":"wp","href":"https:\/\/api.w.org\/{rel}","templated":true}]}}