{"id":48151,"date":"2018-08-31T10:38:08","date_gmt":"2018-08-31T13:38:08","guid":{"rendered":"http:\/\/www.simepe.com.br\/novo\/?p=48151"},"modified":"2018-08-31T10:38:08","modified_gmt":"2018-08-31T13:38:08","slug":"recife-supera-meta-de-vacinacao-da-campanha-contra-sarampo-e-polio","status":"publish","type":"post","link":"https:\/\/www.simepe.com.br\/novo\/recife-supera-meta-de-vacinacao-da-campanha-contra-sarampo-e-polio\/","title":{"rendered":"Recife supera meta de vacina\u00e7\u00e3o da campanha contra sarampo e p\u00f3lio"},"content":{"rendered":"<p style=\"text-align: justify;\">Mais de 78 mil crian\u00e7as, de 1 ano a menores de 5 anos, j\u00e1 est\u00e3o imunizadas contra poliomielite e sarampo, o que representa uma cobertura vacinal de 97,8%<\/p>\n<p style=\"text-align: justify;\">Na manh\u00e3 desta quinta-feira (30), o Recife contabiliza mais de 78 mil crian\u00e7as, de 1 ano a menores de 5 anos, imunizadas contra poliomielite e sarampo, o que representa uma cobertura vacinal de 97,8%. O percentual faz a capital pernambucana superar a meta de imunizar 95% dos meninos e meninas contra ambas as doen\u00e7as.<\/p>\n<p style=\"text-align: justify;\">A campanha nacional termina amanh\u00e3 (31) e ainda tem a miss\u00e3o de vacinar, em todo o Estado de Pernambuco, 4% de meninos e meninas, nessa faixa et\u00e1ria, para atingir a meta m\u00ednima de prote\u00e7\u00e3o. O Minist\u00e9rio da Sa\u00fade recomenda aos munic\u00edpios, que n\u00e3o atingiram a meta da campanha de vacina\u00e7\u00e3o, a realiza\u00e7\u00e3o de um novo \u2018Dia D\u2019 no pr\u00f3ximo s\u00e1bado (1\u00ba). A Secretaria Estadual de Sa\u00fade (SES) informa que continuar\u00e1 monitorando o cen\u00e1rio at\u00e9 amanh\u00e3 para orientar os munic\u00edpios. A cidade de Caruaru (84% de cobertura), no Agreste do Estado, contudo, j\u00e1 confirmou que a campanha segue at\u00e9 o s\u00e1bado.<\/p>\n<p style=\"text-align: justify;\"><strong>Casos confirmados de sarampo<\/strong><br \/>\nCom mais dois casos confirmados de sarampo na quarta-feira (29), \u00e0s v\u00e9speras do t\u00e9rmino da campanha nacional de imuniza\u00e7\u00e3o, Pernambuco refor\u00e7a a import\u00e2ncia de a popula\u00e7\u00e3o manter a caderneta de vacina\u00e7\u00e3o corretamente atualizada. Com o balan\u00e7o atualizado, sobe para quatro o n\u00famero de confirma\u00e7\u00f5es (todas do Recife) de uma doen\u00e7a que mata e que tem a vacina como a \u00fanica maneira de preven\u00e7\u00e3o.<\/p>\n<p style=\"text-align: justify;\">Os casos confirmados de sarampo, na cidade, foram relativos a dois adolescentes (13 e 19 anos) que s\u00e3o parentes das outras duas pessoas que tiveram o diagn\u00f3stico confirmado da doen\u00e7a anteriormente: uma menina de 2 anos e um homem de 27 anos. Ele tem hist\u00f3rico de viagem, no in\u00edcio de julho, para Manaus, \u00e1rea onde est\u00e1 circulando o v\u00edrus (o Amazonas j\u00e1 computa 1.211 casos e tr\u00eas \u00f3bitos). A quinta pessoa que estava sob investiga\u00e7\u00e3o no Recife \u00e9 uma mulher de 42 anos. Ela tinha contato pr\u00f3ximo com a fam\u00edlia, mas teve o diagn\u00f3stico para sarampo descartado. As an\u00e1lises laboratoriais foram realizadas pelo Laborat\u00f3rio Central de Pernambuco (Lacen-PE) e pela Funda\u00e7\u00e3o Oswaldo Cruz do Rio de Janeiro (Fiocruz-RJ). Os cinco casos se recuperaram bem.<\/p>\n<p style=\"text-align: justify;\">\n\u201cA boa not\u00edcia \u00e9 que, a partir das a\u00e7\u00f5es de bloqueio vacinal, feitas com as pessoas que tiveram contato com os quatro casos confirmados, n\u00e3o observamos outros adoecimentos secund\u00e1rios. Ent\u00e3o, o trabalho foi efetivo e provavelmente houve quebra da cadeia de transmiss\u00e3o do sarampo. Claro que, num cen\u00e1rio improv\u00e1vel, podemos assistir a novas entradas de casos no Recife. Mas se isso acontecer, certamente ser\u00e1 uma transmiss\u00e3o bem delimitada (com baixa possibilidade de se expandir)\u201d, acredita o secret\u00e1rio municipal de Sa\u00fade, Jailson Correia.<\/p>\n<p style=\"text-align: justify;\">A Secretaria Estadual de Sa\u00fade (SES) informa que, diante do cen\u00e1rio atual, continua vigilante para o risco de reintrodu\u00e7\u00e3o do sarampo em Pernambuco. O \u00f3rg\u00e3o ainda refor\u00e7a com os servi\u00e7os de sa\u00fade a necessidade da notifica\u00e7\u00e3o imediata de um caso suspeito, para que as medidas de vigil\u00e2ncia e controle sejam realizadas e, com isso, possa ser quebrada a cadeia de transmiss\u00e3o.<\/p>\n<p style=\"text-align: justify;\">\u201cFoi passado um pente-fino em todos os contatos (pessoas pr\u00f3ximas) dos quatro casos confirmados. Aparentemente esse surto isolado de sarampo foi contido. Mas n\u00e3o podemos deixar de orientar a popula\u00e7\u00e3o sobre a necessidade de se vacinar, pois o fluxo tur\u00edstico \u00e9 constante: h\u00e1 sempre viajantes que v\u00eam do Norte e de pa\u00edses da Europa (onde se concentram casos) para o Estado, especialmente na nossa temporada de ver\u00e3o, que est\u00e1 pr\u00f3xima\u201d, frisa o diretor-geral de Controle de Doen\u00e7as Transmiss\u00edveis da SES, George Dimech.<\/p>\n<p style=\"text-align: justify;\">\n<p style=\"text-align: justify;\">Fonte: Jornal do Commercio<\/p>\n","protected":false},"excerpt":{"rendered":"<p>Mais de 78 mil crian\u00e7as, de 1 ano a menores de 5 anos, j\u00e1 est\u00e3o imunizadas contra poliomielite e sarampo, o que representa uma cobertura vacinal de 97,8% Na manh\u00e3 desta quinta-feira (30), o Recife contabiliza mais de 78 mil crian\u00e7as, de 1 ano a menores de 5 anos, imunizadas contra poliomielite e sarampo, o [&hellip;]<\/p>\n","protected":false},"author":1,"featured_media":0,"comment_status":"open","ping_status":"open","sticky":false,"template":"","format":"standard","meta":{"ocean_post_layout":"","ocean_both_sidebars_style":"","ocean_both_sidebars_content_width":0,"ocean_both_sidebars_sidebars_width":0,"ocean_sidebar":"","ocean_second_sidebar":"","ocean_disable_margins":"enable","ocean_add_body_class":"","ocean_shortcode_before_top_bar":"","ocean_shortcode_after_top_bar":"","ocean_shortcode_before_header":"","ocean_shortcode_after_header":"","ocean_has_shortcode":"","ocean_shortcode_after_title":"","ocean_shortcode_before_footer_widgets":"","ocean_shortcode_after_footer_widgets":"","ocean_shortcode_before_footer_bottom":"","ocean_shortcode_after_footer_bottom":"","ocean_display_top_bar":"default","ocean_display_header":"default","ocean_header_style":"","ocean_center_header_left_menu":"","ocean_custom_header_template":"","ocean_custom_logo":0,"ocean_custom_retina_logo":0,"ocean_custom_logo_max_width":0,"ocean_custom_logo_tablet_max_width":0,"ocean_custom_logo_mobile_max_width":0,"ocean_custom_logo_max_height":0,"ocean_custom_logo_tablet_max_height":0,"ocean_custom_logo_mobile_max_height":0,"ocean_header_custom_menu":"","ocean_menu_typo_font_family":"","ocean_menu_typo_font_subset":"","ocean_menu_typo_font_size":0,"ocean_menu_typo_font_size_tablet":0,"ocean_menu_typo_font_size_mobile":0,"ocean_menu_typo_font_size_unit":"px","ocean_menu_typo_font_weight":"","ocean_menu_typo_font_weight_tablet":"","ocean_menu_typo_font_weight_mobile":"","ocean_menu_typo_transform":"","ocean_menu_typo_transform_tablet":"","ocean_menu_typo_transform_mobile":"","ocean_menu_typo_line_height":0,"ocean_menu_typo_line_height_tablet":0,"ocean_menu_typo_line_height_mobile":0,"ocean_menu_typo_line_height_unit":"","ocean_menu_typo_spacing":0,"ocean_menu_typo_spacing_tablet":0,"ocean_menu_typo_spacing_mobile":0,"ocean_menu_typo_spacing_unit":"","ocean_menu_link_color":"","ocean_menu_link_color_hover":"","ocean_menu_link_color_active":"","ocean_menu_link_background":"","ocean_menu_link_hover_background":"","ocean_menu_link_active_background":"","ocean_menu_social_links_bg":"","ocean_menu_social_hover_links_bg":"","ocean_menu_social_links_color":"","ocean_menu_social_hover_links_color":"","ocean_disable_title":"default","ocean_disable_heading":"default","ocean_post_title":"","ocean_post_subheading":"","ocean_post_title_style":"","ocean_post_title_background_color":"","ocean_post_title_background":0,"ocean_post_title_bg_image_position":"","ocean_post_title_bg_image_attachment":"","ocean_post_title_bg_image_repeat":"","ocean_post_title_bg_image_size":"","ocean_post_title_height":0,"ocean_post_title_bg_overlay":0.5,"ocean_post_title_bg_overlay_color":"","ocean_disable_breadcrumbs":"default","ocean_breadcrumbs_color":"","ocean_breadcrumbs_separator_color":"","ocean_breadcrumbs_links_color":"","ocean_breadcrumbs_links_hover_color":"","ocean_display_footer_widgets":"default","ocean_display_footer_bottom":"default","ocean_custom_footer_template":"","ocean_post_oembed":"","ocean_post_self_hosted_media":"","ocean_post_video_embed":"","ocean_link_format":"","ocean_link_format_target":"self","ocean_quote_format":"","ocean_quote_format_link":"post","ocean_gallery_link_images":"on","ocean_gallery_id":[]},"categories":[9],"tags":[1723,748,592,62,1283,467],"acf":[],"_links":{"self":[{"href":"https:\/\/www.simepe.com.br\/novo\/wp-json\/wp\/v2\/posts\/48151"}],"collection":[{"href":"https:\/\/www.simepe.com.br\/novo\/wp-json\/wp\/v2\/posts"}],"about":[{"href":"https:\/\/www.simepe.com.br\/novo\/wp-json\/wp\/v2\/types\/post"}],"author":[{"embeddable":true,"href":"https:\/\/www.simepe.com.br\/novo\/wp-json\/wp\/v2\/users\/1"}],"replies":[{"embeddable":true,"href":"https:\/\/www.simepe.com.br\/novo\/wp-json\/wp\/v2\/comments?post=48151"}],"version-history":[{"count":1,"href":"https:\/\/www.simepe.com.br\/novo\/wp-json\/wp\/v2\/posts\/48151\/revisions"}],"predecessor-version":[{"id":48152,"href":"https:\/\/www.simepe.com.br\/novo\/wp-json\/wp\/v2\/posts\/48151\/revisions\/48152"}],"wp:attachment":[{"href":"https:\/\/www.simepe.com.br\/novo\/wp-json\/wp\/v2\/media?parent=48151"}],"wp:term":[{"taxonomy":"category","embeddable":true,"href":"https:\/\/www.simepe.com.br\/novo\/wp-json\/wp\/v2\/categories?post=48151"},{"taxonomy":"post_tag","embeddable":true,"href":"https:\/\/www.simepe.com.br\/novo\/wp-json\/wp\/v2\/tags?post=48151"}],"curies":[{"name":"wp","href":"https:\/\/api.w.org\/{rel}","templated":true}]}}