{"id":48158,"date":"2018-08-31T10:55:19","date_gmt":"2018-08-31T13:55:19","guid":{"rendered":"http:\/\/www.simepe.com.br\/novo\/?p=48158"},"modified":"2018-08-31T10:55:45","modified_gmt":"2018-08-31T13:55:45","slug":"pernambucanos-elegem-saude-como-prioridade-para-o-proximo-governo-estadual","status":"publish","type":"post","link":"https:\/\/www.simepe.com.br\/novo\/pernambucanos-elegem-saude-como-prioridade-para-o-proximo-governo-estadual\/","title":{"rendered":"Pernambucanos elegem Sa\u00fade como prioridade para o pr\u00f3ximo governo estadual"},"content":{"rendered":"<p>Seguran\u00e7a aparece logo em seguida como preocupa\u00e7\u00e3o para o futuro gestor pernambucano<\/p>\n<p style=\"text-align: justify;\">Sa\u00fade, seguran\u00e7a e educa\u00e7\u00e3o. As prioridades da vida dos eleitores pernambucanos t\u00eam perdido espa\u00e7o na campanha para a rinha entre os candidatos ao governo do Estado sobre quem representa o palanque do ex-presidente Lula (PT) e quem \u00e9 ou deixa de ser da \u201cturma do Temer\u201d. Em seguidas entrevistas, r\u00e9plicas e tr\u00e9plicas, de aliados e de aliados de aliados, o assunto arrodeia e sempre volta para o mesmo lugar. A disputa iniciada oficialmente em 16 de agosto entra hoje em um novo momento, com o guia eleitoral na TV e no r\u00e1dio, a pouco mais de um m\u00eas da vota\u00e7\u00e3o. Mas, at\u00e9 agora, as poucas tentativas de apresenta\u00e7\u00e3o de propostas se perderam na gin\u00e1stica discursiva dos candidatos inspirada no ensinamento \u201cdiga-me com quem andas, e eu te direi quem \u00e9s\u201d.<\/p>\n<p style=\"text-align: justify;\">Pesquisa do Ibope divulgada pelo JC e pela Rede Globo no \u00faltimo dia 20 mostra que tr\u00eas em cada quatro pernambucanos (74%) elegem a sa\u00fade como uma grande preocupa\u00e7\u00e3o. Mais da metade dos entrevistados (53%) tamb\u00e9m se mostra preocupada com a seguran\u00e7a p\u00fablica. Enquanto 43% apontam a educa\u00e7\u00e3o. E outros 27% citam a gera\u00e7\u00e3o de empregos como tema importante para o debate no Estado.<\/p>\n<p style=\"text-align: justify;\">\u201cOs candidatos est\u00e3o ainda disputando uma esp\u00e9cie de esp\u00f3lio da inten\u00e7\u00e3o de voto de Lula aqui em Pernambuco. Isso \u00e9 um pouco segmentado no Nordeste. Tendo em vista que todas as pesquisas mostram que a inten\u00e7\u00e3o de voto de Lula aqui no Nordeste, na m\u00e9dia, dobra se voc\u00ea comparar ao resto do Pa\u00eds\u201d, explica o cientista pol\u00edtico Ernani Carvalho, professor da UFPE. Para o especialista, por\u00e9m, o in\u00edcio do guia eleitoral tende a mudar a din\u00e2mica do debate eleitoral. \u201cO disco da nostalgia dos tempos \u00e1ureos do governo Lula em algum momento vai ceder lugar para as propostas para o Estado. Pernambuco enfrentou problemas de desemprego durante a crise, al\u00e9m de sa\u00fade, educa\u00e7\u00e3o, transporte. A Previd\u00eancia dos servidores tamb\u00e9m \u00e9 um dos grandes problemas para o Estado se debru\u00e7ar. Em algum ponto, isso precisar\u00e1 ser colocado pelos candidatos\u201d, argumenta.<\/p>\n<p style=\"text-align: justify;\">A cientista pol\u00edtica Priscila Lapa, professora da Facho, tem vis\u00e3o diferente. Para ela, \u00e9 pouco prov\u00e1vel que o discursos dos candidatos mudem do dia para a noite. Segundo a docente, o principal desejo de quem participa da corrida ao Pal\u00e1cio do Campo das Princesas este ano \u00e9 a conquista da confian\u00e7a dos eleitores, e os postulantes creem que podem alcan\u00e7ar esse objetivo vinculando suas imagens \u00e0 de pol\u00edticos bem avaliados junto \u00e0 popula\u00e7\u00e3o.<\/p>\n<p style=\"text-align: justify;\">\u201cEu acho que o tom desta elei\u00e7\u00e3o n\u00e3o vai ser muito propositivo. O debate sobre as propostas vai recair muito nessa discuss\u00e3o sobre a crise, o que \u00e9 que d\u00e1 para fazer, o que n\u00e3o d\u00e1, e vai remeter mais uma vez a essa quest\u00e3o do alinhamento com Temer ou com Lula, o que Paulo e Armando j\u00e1 v\u00eam fazendo. Diante desse contexto de crise econ\u00f4mica e de representa\u00e7\u00e3o, a gente n\u00e3o vai ter muito espa\u00e7o para uma discuss\u00e3o racional sobre projetos. Os candidatos v\u00e3o, cada vez mais, tentar conquistar a confian\u00e7a do eleitor colando as suas imagens \u00e0s dos seus aliados\u201d, avaliou Priscila.<\/p>\n<p style=\"text-align: justify;\">Se o debate entre Lula e Temer tem movimentado as campanhas do governador Paulo C\u00e2mara (PSB) e do senador Armando Monteiro (PTB), ele tamb\u00e9m dificulta o discurso dos demais candidatos, que n\u00e3o t\u00eam entrado nessa disputa. Dani Portela (PSOL) apoia Guilherme Boulos (PSOL), Julio Lossio (Rede) defende Marina Silva (Rede), Maur\u00edcio Rands (PROS) indica voto em Ciro Gomes (PDT), Simone Fontana (PSTU), e o PCO, partido de Ana Patr\u00edcia, n\u00e3o tem peso no apoio a Lula.<\/p>\n<p style=\"text-align: justify;\">Ontem, em mais um cap\u00edtulo da hist\u00f3ria sem fim, o prefeito do Recife, Geraldo Julio (PSB), em entrevista \u00e0 R\u00e1dio Jornal,&lt;\/CF&gt; disse que Temer \u201centrou definitivamente na campanha de Armando\u201d, ao comentar a entrevista do presidente no dia anterior em que garantia ter tido apoio de Paulo desde o afastamento da ex-presidente Dilma Rousseff.<\/p>\n<p style=\"text-align: justify;\">Recebeu de troco por parte de Daniel Coelho (PPS), coordenador de campanha de Armando, a acusa\u00e7\u00e3o de que Paulo est\u00e1 se acovardando e que \u201cprecisa explicar por que as estradas est\u00e3o em p\u00e9ssimo estado de manuten\u00e7\u00e3o, por que a seguran\u00e7a p\u00fablica e a sa\u00fade est\u00e3o piorando&#8230;\u201d.<\/p>\n<p style=\"text-align: justify;\"><strong>CANDIDATOS<\/strong><br \/>\nQuestionado sobre quando a campanha eleitoral come\u00e7aria a se debru\u00e7ar sobre as propostas, o governador Paulo C\u00e2mara disse que, \u201cDa minha parte, eu estou disposto a debater as propostas de Pernambuco\u201d. Mas terminou afirmando que, \u201cInfelizmente, o Armando e a turma do Temer querem a todo o momento confundir a popula\u00e7\u00e3o de Pernambuco. Tirando o grande patrono do palanque deles, que \u00e9 o Michel Temer. Ent\u00e3o, a toda hora a gente tem que explicar. Porque eles querem ganhar a elei\u00e7\u00e3o mentindo.N\u00e3o v\u00e3o ganhar a elei\u00e7\u00e3o mentindo. O povo pernambucano \u00e9 politizado e n\u00e3o vai admitir isso. Est\u00e1 na hora de discutir Pernambuco, e eu estou disposto a isso. Se a oposi\u00e7\u00e3o parar de mentir para o povo pernambucano escondendo a verdade que \u00e9 os ministros do Temer, o apoio do presidente Temer pro Armando e que Armando defende essas reformas que tanto fizeram mal ao Brasil. \u00c9 isso o que eles precisam assumir para a gente poder discutir Pernambuco de maneira franca, direta e transparente\u201d, disparou.<\/p>\n<p style=\"text-align: justify;\">Indagado, Armando garantiu que est\u00e1 \u201cdiscutindo Pernambuco\u201d. Mas emendou dizendo que \u201cquem fica rotulando os palanques a todo momento \u00e9 o governador. Isso \u00e9 para fazer uma cortina de fuma\u00e7a para que as fraquezas do governo n\u00e3o se revelem por inteiro. Mas o pernambucano \u00e9 politizado, ele vai cobrar isso\u201d, cravou o senador.<\/p>\n<p style=\"text-align: justify;\">O petebista concluiu afirmando que Estados vizinhos t\u00eam mostrado desempenho melhor em \u00e1reas como seguran\u00e7a porque seus governadores \u201cn\u00e3o ficaram chorando durante a crise\u201d. \u201cEssa cortina vai cair no ch\u00e3o, e a\u00ed n\u00f3s vamos discutir, por exemplo, por que a Bahia e o Cear\u00e1 \u2013 governados pelo PT e que, consequentemente, n\u00e3o teriam o apoio de Temer \u2013 est\u00e3o bem avaliados. L\u00e1, n\u00f3s temos melhores resultados na sa\u00fade, na seguran\u00e7a, porque, em suma, os governadores n\u00e3o ficaram chorando durante a crise e querendo transferir a responsabilidade para o governo federal\u201d, disse. E assim segue o dia a dia do eleitor.<\/p>\n<p style=\"text-align: justify;\"><strong>O QUE DISSE O ELEITOR<\/strong><br \/>\nNessa quinta-feira (30) o JC foi \u00e0s ruas questionar a popula\u00e7\u00e3o sobre o que o pr\u00f3ximo chefe do Executivo estadual deve priorizar em suas gest\u00e3o. Para o educador f\u00edsico T\u00falio Brito, 27, a Sa\u00fade P\u00fablica deveria estar no foco das primeiras decis\u00f5es de governo. &#8220;Hoje se gasta muito com rem\u00e9dios. Se o governo lan\u00e7asse uma pol\u00edtica voltada para os Programas Sa\u00fade da Fam\u00edlia (PSF) incluindo profissionais de educa\u00e7\u00e3o f\u00edsica na preven\u00e7\u00e3o, teremos uma redu\u00e7\u00e3o dos gastos&#8221;. A fisioterapeuta Uli Vinhas, 23, complementa a precariedade do setor deveria ser revista pelo futuro governador. &#8220;Postos de sa\u00fade que deveriam ter o necess\u00e1rio para realizar o atendimento n\u00e3o t\u00eam. A pessoa vai fazer uma consulta e espera muito tempo, para fazer um exame e tamb\u00e9m n\u00e3o consegue&#8221;.<\/p>\n<p style=\"text-align: justify;\">A Seguran\u00e7a P\u00fablica foi outro tema comentado pelos entrevistados. Na vis\u00e3o dos cidad\u00e3os, o pr\u00f3ximo governante dever\u00e1 priorizar medidas que melhorem o setor. &#8220;Ele (futuro governador) vai ter que mudar tudo. Penso que em primeiro lugar deveria investir na seguran\u00e7a. N\u00e3o adianta querer investir em educa\u00e7\u00e3o, por exemplo, se n\u00e3o tiver seguran\u00e7a\u201d, disse Cristiane Patriota, 42 anos, comerciante. &#8220;Espero que Deus mande uma pessoa para melhorar essa seguran\u00e7a em Pernambuco. Vivemos um estado de muita inseguran\u00e7a e viol\u00eancia\u201d, complementa Severina Santos, 68 anos, comerciante.<\/p>\n<p style=\"text-align: justify;\">A descren\u00e7a pol\u00edtica entre entrevistados tamb\u00e9m foi outro fator relevante. &#8220;Eu n\u00e3o espero muita coisa, porque as decis\u00f5es que um governador toma dependem da Alepe. Mas acredito que ele deveria priorizar a seguran\u00e7a\u201d, disse Jairo Guilherme, 57, corretor. Questionada se tinha expectativas sobre o que pr\u00f3ximo governador deveria fazer, uma eleitora que preferiu n\u00e3o se identificar sintetizou: &#8220;Eu n\u00e3o espero nada porque sei que ele n\u00e3o far\u00e1 nada.&#8221;<\/p>\n<p style=\"text-align: justify;\">\n<p style=\"text-align: justify;\">Fonte: Jornal do Commercio<\/p>\n","protected":false},"excerpt":{"rendered":"<p>Seguran\u00e7a aparece logo em seguida como preocupa\u00e7\u00e3o para o futuro gestor pernambucano Sa\u00fade, seguran\u00e7a e educa\u00e7\u00e3o. As prioridades da vida dos eleitores pernambucanos t\u00eam perdido espa\u00e7o na campanha para a rinha entre os candidatos ao governo do Estado sobre quem representa o palanque do ex-presidente Lula (PT) e quem \u00e9 ou deixa de ser da [&hellip;]<\/p>\n","protected":false},"author":1,"featured_media":0,"comment_status":"open","ping_status":"open","sticky":false,"template":"","format":"standard","meta":{"ocean_post_layout":"","ocean_both_sidebars_style":"","ocean_both_sidebars_content_width":0,"ocean_both_sidebars_sidebars_width":0,"ocean_sidebar":"","ocean_second_sidebar":"","ocean_disable_margins":"enable","ocean_add_body_class":"","ocean_shortcode_before_top_bar":"","ocean_shortcode_after_top_bar":"","ocean_shortcode_before_header":"","ocean_shortcode_after_header":"","ocean_has_shortcode":"","ocean_shortcode_after_title":"","ocean_shortcode_before_footer_widgets":"","ocean_shortcode_after_footer_widgets":"","ocean_shortcode_before_footer_bottom":"","ocean_shortcode_after_footer_bottom":"","ocean_display_top_bar":"default","ocean_display_header":"default","ocean_header_style":"","ocean_center_header_left_menu":"","ocean_custom_header_template":"","ocean_custom_logo":0,"ocean_custom_retina_logo":0,"ocean_custom_logo_max_width":0,"ocean_custom_logo_tablet_max_width":0,"ocean_custom_logo_mobile_max_width":0,"ocean_custom_logo_max_height":0,"ocean_custom_logo_tablet_max_height":0,"ocean_custom_logo_mobile_max_height":0,"ocean_header_custom_menu":"","ocean_menu_typo_font_family":"","ocean_menu_typo_font_subset":"","ocean_menu_typo_font_size":0,"ocean_menu_typo_font_size_tablet":0,"ocean_menu_typo_font_size_mobile":0,"ocean_menu_typo_font_size_unit":"px","ocean_menu_typo_font_weight":"","ocean_menu_typo_font_weight_tablet":"","ocean_menu_typo_font_weight_mobile":"","ocean_menu_typo_transform":"","ocean_menu_typo_transform_tablet":"","ocean_menu_typo_transform_mobile":"","ocean_menu_typo_line_height":0,"ocean_menu_typo_line_height_tablet":0,"ocean_menu_typo_line_height_mobile":0,"ocean_menu_typo_line_height_unit":"","ocean_menu_typo_spacing":0,"ocean_menu_typo_spacing_tablet":0,"ocean_menu_typo_spacing_mobile":0,"ocean_menu_typo_spacing_unit":"","ocean_menu_link_color":"","ocean_menu_link_color_hover":"","ocean_menu_link_color_active":"","ocean_menu_link_background":"","ocean_menu_link_hover_background":"","ocean_menu_link_active_background":"","ocean_menu_social_links_bg":"","ocean_menu_social_hover_links_bg":"","ocean_menu_social_links_color":"","ocean_menu_social_hover_links_color":"","ocean_disable_title":"default","ocean_disable_heading":"default","ocean_post_title":"","ocean_post_subheading":"","ocean_post_title_style":"","ocean_post_title_background_color":"","ocean_post_title_background":0,"ocean_post_title_bg_image_position":"","ocean_post_title_bg_image_attachment":"","ocean_post_title_bg_image_repeat":"","ocean_post_title_bg_image_size":"","ocean_post_title_height":0,"ocean_post_title_bg_overlay":0.5,"ocean_post_title_bg_overlay_color":"","ocean_disable_breadcrumbs":"default","ocean_breadcrumbs_color":"","ocean_breadcrumbs_separator_color":"","ocean_breadcrumbs_links_color":"","ocean_breadcrumbs_links_hover_color":"","ocean_display_footer_widgets":"default","ocean_display_footer_bottom":"default","ocean_custom_footer_template":"","ocean_post_oembed":"","ocean_post_self_hosted_media":"","ocean_post_video_embed":"","ocean_link_format":"","ocean_link_format_target":"self","ocean_quote_format":"","ocean_quote_format_link":"post","ocean_gallery_link_images":"on","ocean_gallery_id":[]},"categories":[9],"tags":[264,338,82],"acf":[],"_links":{"self":[{"href":"https:\/\/www.simepe.com.br\/novo\/wp-json\/wp\/v2\/posts\/48158"}],"collection":[{"href":"https:\/\/www.simepe.com.br\/novo\/wp-json\/wp\/v2\/posts"}],"about":[{"href":"https:\/\/www.simepe.com.br\/novo\/wp-json\/wp\/v2\/types\/post"}],"author":[{"embeddable":true,"href":"https:\/\/www.simepe.com.br\/novo\/wp-json\/wp\/v2\/users\/1"}],"replies":[{"embeddable":true,"href":"https:\/\/www.simepe.com.br\/novo\/wp-json\/wp\/v2\/comments?post=48158"}],"version-history":[{"count":1,"href":"https:\/\/www.simepe.com.br\/novo\/wp-json\/wp\/v2\/posts\/48158\/revisions"}],"predecessor-version":[{"id":48159,"href":"https:\/\/www.simepe.com.br\/novo\/wp-json\/wp\/v2\/posts\/48158\/revisions\/48159"}],"wp:attachment":[{"href":"https:\/\/www.simepe.com.br\/novo\/wp-json\/wp\/v2\/media?parent=48158"}],"wp:term":[{"taxonomy":"category","embeddable":true,"href":"https:\/\/www.simepe.com.br\/novo\/wp-json\/wp\/v2\/categories?post=48158"},{"taxonomy":"post_tag","embeddable":true,"href":"https:\/\/www.simepe.com.br\/novo\/wp-json\/wp\/v2\/tags?post=48158"}],"curies":[{"name":"wp","href":"https:\/\/api.w.org\/{rel}","templated":true}]}}