{"id":48160,"date":"2018-08-31T11:12:21","date_gmt":"2018-08-31T14:12:21","guid":{"rendered":"http:\/\/www.simepe.com.br\/novo\/?p=48160"},"modified":"2018-08-31T11:12:21","modified_gmt":"2018-08-31T14:12:21","slug":"17o-congresso-brasileiro-de%e2%80%afgastropediatria%e2%80%afcomeca-quarta-feira-29-em-porto-de-galinhas%e2%80%af","status":"publish","type":"post","link":"https:\/\/www.simepe.com.br\/novo\/17o-congresso-brasileiro-de%e2%80%afgastropediatria%e2%80%afcomeca-quarta-feira-29-em-porto-de-galinhas%e2%80%af\/","title":{"rendered":"17\u00ba Congresso Brasileiro de\u202fGastropediatria\u202fcome\u00e7a quarta-feira (29) em Porto de Galinhas\u202f"},"content":{"rendered":"<p style=\"text-align: justify;\">Cerca de 1.500 m\u00e9dicos se reunir\u00e3o no Hotel Arma\u00e7\u00e3o para debater temas como a alergia \u00e0 prote\u00edna do leite de vaca e a doen\u00e7a inflamat\u00f3ria intestinal\u202fna inf\u00e2ncia<\/p>\n<p style=\"text-align: justify;\">Falta pouco para o 17\u00ba Congresso Brasileiro de\u202fGastropediatria\u202f\u2013\u202fGastroped, evento que chega na pr\u00f3xima quarta-feira (29) \u00e0 praia\u202fPorto de Galinhas, munic\u00edpio de Ipojuca, Regi\u00e3o Metropolitana do Recife. Realizado pela Sociedade\u202fBrasileira de Pediatria (SBP) em conjunto com a Sociedade de Pediatria de Pernambuco (Sopepe), o congresso tem como tema\u202fConstruindo Pontes Entre a Ci\u00eancia e o Cuidado, que guiar\u00e1 as atividades que ocupar\u00e3o o Hotel Arma\u00e7\u00e3o at\u00e9 o s\u00e1bado (1\u00ba de setembro).<\/p>\n<p style=\"text-align: justify;\">As atividades relacionadas ao Gastroped ocupam o Arma\u00e7\u00e3o a partir das 8h da quarta-feira, 29, quando come\u00e7am a ser realizados oito cursos pr\u00e9-congresso, com temas que v\u00e3o do Jovem Gastroenterologista Pedi\u00e1trico \u00e0 Nutri\u00e7\u00e3o Para o RN Prematuro.<\/p>\n<p style=\"text-align: justify;\">A expectativa \u00e9 que o Gastroped receba cerca de 1.500 congressistas,\u202fa exemplo de gastropediatras, pediatras, nutricionistas e estudantes da \u00e1rea de sa\u00fade, que\u202fdesfrutar\u00e3o de\u202f uma estrutura especial, incluindo tr\u00eas salas simult\u00e2neas, duas\u202fde\u202fgastroenterologia\u202fpedi\u00e1trica e uma\u202fde hepatologia pedi\u00e1trica.<\/p>\n<p style=\"text-align: justify;\">Dentre os temas em destaque est\u00e3o a alergia \u00e0 prote\u00edna do leite de vaca, a doen\u00e7a cel\u00edaca, as repercuss\u00f5es intestinais da s\u00edndrome do zika v\u00edrus nas crian\u00e7as, c\u00f3lica infantil e o refluxo gastroesof\u00e1gico na inf\u00e2ncia. Est\u00e3o programadas mais de 100 apresenta\u00e7\u00f5es orais, distribu\u00eddas entre confer\u00eancias, palestras e mesas-redondas, ao longo dos quatro dias de evento.<\/p>\n<p style=\"text-align: justify;\">Presidente da Sociedade Brasileira de Pediatria, a gastropediatra baiana Luciana Rodrigues Silva vai coordenador um dos cursos pr\u00e9-congresso, sobre doen\u00e7a inflamat\u00f3ria intestinal na inf\u00e2ncia. Ela tamb\u00e9m estar\u00e1 \u00e0 frente, durante o congresso, da palestra Crian\u00e7a que n\u00e3o responde ao imunossupressor: como proceder?, marcada para o dia 30.<\/p>\n<p style=\"text-align: justify;\">Luciana ser\u00e1 ainda mediadora da mesa-redonda Dilemas no diagn\u00f3stico e tratamento da doen\u00e7a cel\u00edaca, na sexta-feira (31). No mesmo dia, a gastropediatra far\u00e1 o lan\u00e7amento do livro Manual de Resid\u00eancia em Gastroenterologia Pedi\u00e1trica (Manole Editora, 1\u00aa edi\u00e7\u00e3o, R$ 128), escrito em parceria com Elisa de Carvalho (DF) e Cristina Targa Ferreira (RS). A obra engloba as doen\u00e7as de refluxo gastroesof\u00e1gico, dificuldades alimentares, alergia alimentar.<\/p>\n<p style=\"text-align: justify;\">\n<p style=\"text-align: justify;\">Fonte: Mia Comunica\u00e7\u00e3o<\/p>\n","protected":false},"excerpt":{"rendered":"<p>Cerca de 1.500 m\u00e9dicos se reunir\u00e3o no Hotel Arma\u00e7\u00e3o para debater temas como a alergia \u00e0 prote\u00edna do leite de vaca e a doen\u00e7a inflamat\u00f3ria intestinal\u202fna inf\u00e2ncia Falta pouco para o 17\u00ba Congresso Brasileiro de\u202fGastropediatria\u202f\u2013\u202fGastroped, evento que chega na pr\u00f3xima quarta-feira (29) \u00e0 praia\u202fPorto de Galinhas, munic\u00edpio de Ipojuca, Regi\u00e3o Metropolitana do Recife. Realizado pela [&hellip;]<\/p>\n","protected":false},"author":1,"featured_media":0,"comment_status":"open","ping_status":"open","sticky":false,"template":"","format":"standard","meta":{"ocean_post_layout":"","ocean_both_sidebars_style":"","ocean_both_sidebars_content_width":0,"ocean_both_sidebars_sidebars_width":0,"ocean_sidebar":"","ocean_second_sidebar":"","ocean_disable_margins":"enable","ocean_add_body_class":"","ocean_shortcode_before_top_bar":"","ocean_shortcode_after_top_bar":"","ocean_shortcode_before_header":"","ocean_shortcode_after_header":"","ocean_has_shortcode":"","ocean_shortcode_after_title":"","ocean_shortcode_before_footer_widgets":"","ocean_shortcode_after_footer_widgets":"","ocean_shortcode_before_footer_bottom":"","ocean_shortcode_after_footer_bottom":"","ocean_display_top_bar":"default","ocean_display_header":"default","ocean_header_style":"","ocean_center_header_left_menu":"","ocean_custom_header_template":"","ocean_custom_logo":0,"ocean_custom_retina_logo":0,"ocean_custom_logo_max_width":0,"ocean_custom_logo_tablet_max_width":0,"ocean_custom_logo_mobile_max_width":0,"ocean_custom_logo_max_height":0,"ocean_custom_logo_tablet_max_height":0,"ocean_custom_logo_mobile_max_height":0,"ocean_header_custom_menu":"","ocean_menu_typo_font_family":"","ocean_menu_typo_font_subset":"","ocean_menu_typo_font_size":0,"ocean_menu_typo_font_size_tablet":0,"ocean_menu_typo_font_size_mobile":0,"ocean_menu_typo_font_size_unit":"px","ocean_menu_typo_font_weight":"","ocean_menu_typo_font_weight_tablet":"","ocean_menu_typo_font_weight_mobile":"","ocean_menu_typo_transform":"","ocean_menu_typo_transform_tablet":"","ocean_menu_typo_transform_mobile":"","ocean_menu_typo_line_height":0,"ocean_menu_typo_line_height_tablet":0,"ocean_menu_typo_line_height_mobile":0,"ocean_menu_typo_line_height_unit":"","ocean_menu_typo_spacing":0,"ocean_menu_typo_spacing_tablet":0,"ocean_menu_typo_spacing_mobile":0,"ocean_menu_typo_spacing_unit":"","ocean_menu_link_color":"","ocean_menu_link_color_hover":"","ocean_menu_link_color_active":"","ocean_menu_link_background":"","ocean_menu_link_hover_background":"","ocean_menu_link_active_background":"","ocean_menu_social_links_bg":"","ocean_menu_social_hover_links_bg":"","ocean_menu_social_links_color":"","ocean_menu_social_hover_links_color":"","ocean_disable_title":"default","ocean_disable_heading":"default","ocean_post_title":"","ocean_post_subheading":"","ocean_post_title_style":"","ocean_post_title_background_color":"","ocean_post_title_background":0,"ocean_post_title_bg_image_position":"","ocean_post_title_bg_image_attachment":"","ocean_post_title_bg_image_repeat":"","ocean_post_title_bg_image_size":"","ocean_post_title_height":0,"ocean_post_title_bg_overlay":0.5,"ocean_post_title_bg_overlay_color":"","ocean_disable_breadcrumbs":"default","ocean_breadcrumbs_color":"","ocean_breadcrumbs_separator_color":"","ocean_breadcrumbs_links_color":"","ocean_breadcrumbs_links_hover_color":"","ocean_display_footer_widgets":"default","ocean_display_footer_bottom":"default","ocean_custom_footer_template":"","ocean_post_oembed":"","ocean_post_self_hosted_media":"","ocean_post_video_embed":"","ocean_link_format":"","ocean_link_format_target":"self","ocean_quote_format":"","ocean_quote_format_link":"post","ocean_gallery_link_images":"on","ocean_gallery_id":[]},"categories":[9],"tags":[3139,2532,358,82],"acf":[],"_links":{"self":[{"href":"https:\/\/www.simepe.com.br\/novo\/wp-json\/wp\/v2\/posts\/48160"}],"collection":[{"href":"https:\/\/www.simepe.com.br\/novo\/wp-json\/wp\/v2\/posts"}],"about":[{"href":"https:\/\/www.simepe.com.br\/novo\/wp-json\/wp\/v2\/types\/post"}],"author":[{"embeddable":true,"href":"https:\/\/www.simepe.com.br\/novo\/wp-json\/wp\/v2\/users\/1"}],"replies":[{"embeddable":true,"href":"https:\/\/www.simepe.com.br\/novo\/wp-json\/wp\/v2\/comments?post=48160"}],"version-history":[{"count":2,"href":"https:\/\/www.simepe.com.br\/novo\/wp-json\/wp\/v2\/posts\/48160\/revisions"}],"predecessor-version":[{"id":48165,"href":"https:\/\/www.simepe.com.br\/novo\/wp-json\/wp\/v2\/posts\/48160\/revisions\/48165"}],"wp:attachment":[{"href":"https:\/\/www.simepe.com.br\/novo\/wp-json\/wp\/v2\/media?parent=48160"}],"wp:term":[{"taxonomy":"category","embeddable":true,"href":"https:\/\/www.simepe.com.br\/novo\/wp-json\/wp\/v2\/categories?post=48160"},{"taxonomy":"post_tag","embeddable":true,"href":"https:\/\/www.simepe.com.br\/novo\/wp-json\/wp\/v2\/tags?post=48160"}],"curies":[{"name":"wp","href":"https:\/\/api.w.org\/{rel}","templated":true}]}}