{"id":48166,"date":"2018-08-31T11:28:15","date_gmt":"2018-08-31T14:28:15","guid":{"rendered":"http:\/\/www.simepe.com.br\/novo\/?p=48166"},"modified":"2018-08-31T11:28:45","modified_gmt":"2018-08-31T14:28:45","slug":"sindicato-se-reune-com-representantes-da-prefeitura-de-fortaleza-sobre-numero-insuficiente-de-obstetras-e-neonatologistas-no-hospital-nossa-senhora-da-conceicao","status":"publish","type":"post","link":"https:\/\/www.simepe.com.br\/novo\/sindicato-se-reune-com-representantes-da-prefeitura-de-fortaleza-sobre-numero-insuficiente-de-obstetras-e-neonatologistas-no-hospital-nossa-senhora-da-conceicao\/","title":{"rendered":"Sindicato se re\u00fane com representantes da Prefeitura de Fortaleza sobre n\u00famero insuficiente de obstetras e neonatologistas no Hospital Nossa Senhora da Concei\u00e7\u00e3o"},"content":{"rendered":"<p style=\"text-align: justify;\">Ap\u00f3s o Sindicato dos M\u00e9dicos do Cear\u00e1 oficiar a Secretaria Municipal de Sa\u00fade de Fortaleza (SMS) e a Dire\u00e7\u00e3o do Hospital Nossa Senhora da Concei\u00e7\u00e3o, no \u00faltimo dia 23, requerendo esclarecimentos e provid\u00eancias acerca da den\u00fancia sobre a falta de m\u00e9dicos obstetras e neonatologistas para atender a demanda da popula\u00e7\u00e3o no referido hospital, representantes da administra\u00e7\u00e3o p\u00fablica receberam, nesta quinta-feira (30), o presidente do Sindicato, Dr. Edmar Fernandes, para tratar sobre essa reivindica\u00e7\u00e3o. No entanto, na ocasi\u00e3o, a gest\u00e3o n\u00e3o apresentou nenhuma sugest\u00e3o para solucionar a problem\u00e1tica, adiando a discuss\u00e3o com a delibera\u00e7\u00e3o de uma nova reuni\u00e3o, agendada para o dia 13 de setembro (quinta-feira), \u00e0s 19h30, na sede da Sociedade Cearense de Ginecologia e Obstetr\u00edcia (SOCEGO).<\/p>\n<p style=\"text-align: justify;\">Estiveram presentes, al\u00e9m do presidente do Sindicato, o diretor de Gest\u00e3o da Rede Hospitalar da Prefeitura de Fortaleza Romel Ara\u00fajo; a Secret\u00e1ria Adjunta da SMS Ana Estela; a diretora t\u00e9cnica do Hospital Nossa Senhora da Concei\u00e7\u00e3o Liliane Moraes; e o m\u00e9dico Dr. Jader Carvalho, representante da SOCEGO.<\/p>\n<p style=\"text-align: justify;\">A situa\u00e7\u00e3o atual do setor de obstetr\u00edcia do hospital vem afetando tanto os m\u00e9dicos, que est\u00e3o sobrecarregados com a grande demanda, atualmente, em torno de 1.333 atendimentos, como as gestantes, que fazem busca ativa na emerg\u00eancia e, muitas vezes, t\u00eam que voltar para casa por n\u00e3o ter obstetras de plant\u00e3o.<\/p>\n<p style=\"text-align: justify;\">Para Dr. Edmar Fernandes, a posterga\u00e7\u00e3o em solucionar a demanda solicitada, com a nova reuni\u00e3o, s\u00f3 prolonga o sofrimento dos m\u00e9dicos e da popula\u00e7\u00e3o. \u201cEspero que neste novo encontro, a gest\u00e3o apresente alguma solu\u00e7\u00e3o emergencial para esta preocupante situa\u00e7\u00e3o, que vem penalizando obstetras e pacientes. N\u00f3s j\u00e1 apresentamos sugest\u00f5es, como a realiza\u00e7\u00e3o de concurso p\u00fablico, com sal\u00e1rios dignos, e ainda o redimensionamento da quantidade de obstetras para a nova realidade do hospital, mas a gest\u00e3o ainda n\u00e3o se mostrou interessada em acatar essas pautas\u201d, destaca.<\/p>\n<p style=\"text-align: justify;\"><strong>Entenda o caso<\/strong><\/p>\n<p style=\"text-align: justify;\">O problema da redu\u00e7\u00e3o de obstetras no Hospital Nossa Senhora da Concei\u00e7\u00e3o ocorre depois da amplia\u00e7\u00e3o da estrutura da unidade de sa\u00fade, no dia 15 de junho de 2018, que aumentou consideravelmente a demanda, contudo, o n\u00famero de m\u00e9dicos obstetras se manteve o mesmo, deixando parte da popula\u00e7\u00e3o desassistida, resultando, inclusive, no fechamento da emerg\u00eancia em algumas ocasi\u00f5es.<\/p>\n<p style=\"text-align: justify;\">Fonte: Assessoria de Comunica\u00e7\u00e3o do Sindicato dos M\u00e9dicos do Cear\u00e1 (Simec)<\/p>\n","protected":false},"excerpt":{"rendered":"<p>Ap\u00f3s o Sindicato dos M\u00e9dicos do Cear\u00e1 oficiar a Secretaria Municipal de Sa\u00fade de Fortaleza (SMS) e a Dire\u00e7\u00e3o do Hospital Nossa Senhora da Concei\u00e7\u00e3o, no \u00faltimo dia 23, requerendo esclarecimentos e provid\u00eancias acerca da den\u00fancia sobre a falta de m\u00e9dicos obstetras e neonatologistas para atender a demanda da popula\u00e7\u00e3o no referido hospital, representantes da [&hellip;]<\/p>\n","protected":false},"author":1,"featured_media":48167,"comment_status":"open","ping_status":"open","sticky":false,"template":"","format":"standard","meta":{"ocean_post_layout":"","ocean_both_sidebars_style":"","ocean_both_sidebars_content_width":0,"ocean_both_sidebars_sidebars_width":0,"ocean_sidebar":"","ocean_second_sidebar":"","ocean_disable_margins":"enable","ocean_add_body_class":"","ocean_shortcode_before_top_bar":"","ocean_shortcode_after_top_bar":"","ocean_shortcode_before_header":"","ocean_shortcode_after_header":"","ocean_has_shortcode":"","ocean_shortcode_after_title":"","ocean_shortcode_before_footer_widgets":"","ocean_shortcode_after_footer_widgets":"","ocean_shortcode_before_footer_bottom":"","ocean_shortcode_after_footer_bottom":"","ocean_display_top_bar":"default","ocean_display_header":"default","ocean_header_style":"","ocean_center_header_left_menu":"","ocean_custom_header_template":"","ocean_custom_logo":0,"ocean_custom_retina_logo":0,"ocean_custom_logo_max_width":0,"ocean_custom_logo_tablet_max_width":0,"ocean_custom_logo_mobile_max_width":0,"ocean_custom_logo_max_height":0,"ocean_custom_logo_tablet_max_height":0,"ocean_custom_logo_mobile_max_height":0,"ocean_header_custom_menu":"","ocean_menu_typo_font_family":"","ocean_menu_typo_font_subset":"","ocean_menu_typo_font_size":0,"ocean_menu_typo_font_size_tablet":0,"ocean_menu_typo_font_size_mobile":0,"ocean_menu_typo_font_size_unit":"px","ocean_menu_typo_font_weight":"","ocean_menu_typo_font_weight_tablet":"","ocean_menu_typo_font_weight_mobile":"","ocean_menu_typo_transform":"","ocean_menu_typo_transform_tablet":"","ocean_menu_typo_transform_mobile":"","ocean_menu_typo_line_height":0,"ocean_menu_typo_line_height_tablet":0,"ocean_menu_typo_line_height_mobile":0,"ocean_menu_typo_line_height_unit":"","ocean_menu_typo_spacing":0,"ocean_menu_typo_spacing_tablet":0,"ocean_menu_typo_spacing_mobile":0,"ocean_menu_typo_spacing_unit":"","ocean_menu_link_color":"","ocean_menu_link_color_hover":"","ocean_menu_link_color_active":"","ocean_menu_link_background":"","ocean_menu_link_hover_background":"","ocean_menu_link_active_background":"","ocean_menu_social_links_bg":"","ocean_menu_social_hover_links_bg":"","ocean_menu_social_links_color":"","ocean_menu_social_hover_links_color":"","ocean_disable_title":"default","ocean_disable_heading":"default","ocean_post_title":"","ocean_post_subheading":"","ocean_post_title_style":"","ocean_post_title_background_color":"","ocean_post_title_background":0,"ocean_post_title_bg_image_position":"","ocean_post_title_bg_image_attachment":"","ocean_post_title_bg_image_repeat":"","ocean_post_title_bg_image_size":"","ocean_post_title_height":0,"ocean_post_title_bg_overlay":0.5,"ocean_post_title_bg_overlay_color":"","ocean_disable_breadcrumbs":"default","ocean_breadcrumbs_color":"","ocean_breadcrumbs_separator_color":"","ocean_breadcrumbs_links_color":"","ocean_breadcrumbs_links_hover_color":"","ocean_display_footer_widgets":"default","ocean_display_footer_bottom":"default","ocean_custom_footer_template":"","ocean_post_oembed":"","ocean_post_self_hosted_media":"","ocean_post_video_embed":"","ocean_link_format":"","ocean_link_format_target":"self","ocean_quote_format":"","ocean_quote_format_link":"post","ocean_gallery_link_images":"on","ocean_gallery_id":[]},"categories":[1],"tags":[],"acf":[],"_links":{"self":[{"href":"https:\/\/www.simepe.com.br\/novo\/wp-json\/wp\/v2\/posts\/48166"}],"collection":[{"href":"https:\/\/www.simepe.com.br\/novo\/wp-json\/wp\/v2\/posts"}],"about":[{"href":"https:\/\/www.simepe.com.br\/novo\/wp-json\/wp\/v2\/types\/post"}],"author":[{"embeddable":true,"href":"https:\/\/www.simepe.com.br\/novo\/wp-json\/wp\/v2\/users\/1"}],"replies":[{"embeddable":true,"href":"https:\/\/www.simepe.com.br\/novo\/wp-json\/wp\/v2\/comments?post=48166"}],"version-history":[{"count":1,"href":"https:\/\/www.simepe.com.br\/novo\/wp-json\/wp\/v2\/posts\/48166\/revisions"}],"predecessor-version":[{"id":48168,"href":"https:\/\/www.simepe.com.br\/novo\/wp-json\/wp\/v2\/posts\/48166\/revisions\/48168"}],"wp:featuredmedia":[{"embeddable":true,"href":"https:\/\/www.simepe.com.br\/novo\/wp-json\/wp\/v2\/media\/48167"}],"wp:attachment":[{"href":"https:\/\/www.simepe.com.br\/novo\/wp-json\/wp\/v2\/media?parent=48166"}],"wp:term":[{"taxonomy":"category","embeddable":true,"href":"https:\/\/www.simepe.com.br\/novo\/wp-json\/wp\/v2\/categories?post=48166"},{"taxonomy":"post_tag","embeddable":true,"href":"https:\/\/www.simepe.com.br\/novo\/wp-json\/wp\/v2\/tags?post=48166"}],"curies":[{"name":"wp","href":"https:\/\/api.w.org\/{rel}","templated":true}]}}