{"id":48170,"date":"2018-08-31T11:35:05","date_gmt":"2018-08-31T14:35:05","guid":{"rendered":"http:\/\/www.simepe.com.br\/novo\/?p=48170"},"modified":"2018-08-31T11:35:05","modified_gmt":"2018-08-31T14:35:05","slug":"dia-4-de-setembro-tem-eleicoes-no-sindicato","status":"publish","type":"post","link":"https:\/\/www.simepe.com.br\/novo\/dia-4-de-setembro-tem-eleicoes-no-sindicato\/","title":{"rendered":"Dia 4 de setembro tem elei\u00e7\u00f5es no sindicato"},"content":{"rendered":"<p style=\"text-align: justify;\">No pr\u00f3ximo dia 4 de setembro, m\u00e9dicos associados do Sindmepa poder\u00e3o exercer o direito do voto durante as Elei\u00e7\u00f5es da Diretoria Colegiada e Conselho Fiscal do Sindmepa para o tri\u00eanio 2019\/2021 a ser realizada atrav\u00e9s de chapa \u00fanica.<\/p>\n<p style=\"text-align: justify;\">Reunido em Assembleia Geral Ordin\u00e1ria Eleitoral, no dia 3 de julho, o diretor Jo\u00e3o Gouveia destacou a necessidade de renova\u00e7\u00e3o dos quadros de dirigentes da entidade e que a elei\u00e7\u00e3o democr\u00e1tica \u00e9 o melhor momento para isto. Entre os crit\u00e9rios apontados como importantes pela Diretoria Colegiada para a pr\u00f3xima gest\u00e3o est\u00e3o a disponibilidade de tempo, aus\u00eancia de conflito de interesses e a participa\u00e7\u00e3o em reuni\u00f5es e atividades do sindicato. Tais crit\u00e9rios foram listados devido \u00e0s enormes demandas existentes hoje no sindicato para atender a necessidade da categoria m\u00e9dica e da sociedade na \u00e1rea de sa\u00fade.<\/p>\n<p style=\"text-align: justify;\">A Chapa \u201cResist\u00eancia\u201d \u00e9 composta por oito diretores e oito suplentes na diretoria colegiada, e por tr\u00eas conselheiros fiscais efetivos e tr\u00eas suplentes no Conselho Fiscal. Confira os nomes que comp\u00f5em a chapa:<\/p>\n<p style=\"text-align: justify;\"><strong>Secretaria de Administra\u00e7\u00e3o e Organiza\u00e7\u00e3o<\/strong><\/p>\n<p style=\"text-align: justify;\">Dr. Erivaldo de Jesus Abreu Pereira<\/p>\n<p style=\"text-align: justify;\">Dr. Jo\u00e3o Fonseca Gouveia<\/p>\n<p style=\"text-align: justify;\"><strong>Secretaria de Assist\u00eancia Jur\u00eddica, Defesa Profissional e Condi\u00e7\u00f5es de Trabalho<\/strong><\/p>\n<p style=\"text-align: justify;\">Dr. Emanuel Concei\u00e7\u00e3o Resque Oliveira<\/p>\n<p style=\"text-align: justify;\">Dra. Helena Andrade Zeferino Br\u00edgido<\/p>\n<p style=\"text-align: justify;\"><strong>Secretaria de Finan\u00e7as<\/strong><\/p>\n<p style=\"text-align: justify;\">Dr. Agostinho Hermes de Miranda Neto<\/p>\n<p style=\"text-align: justify;\">Dr. Waldir Ara\u00fajo Cardoso<\/p>\n<p style=\"text-align: justify;\"><strong>Secretaria de Imprensa, Divulga\u00e7\u00e3o e Assuntos Sociais<\/strong><\/p>\n<p style=\"text-align: justify;\">Dra. Ver\u00f4nica de Jesus Rodrigues Cardozo Costa<\/p>\n<p style=\"text-align: justify;\">Dr. Wilson da Silva Machado<\/p>\n<p style=\"text-align: justify;\"><strong>Suplentes da Diretoria:<\/strong><\/p>\n<p style=\"text-align: justify;\">Carina Cardoso Costa<br \/>\nDaniel Cardoso de Azevedo<br \/>\nEdvan dos Santos Brand\u00e3o J\u00fanior<br \/>\nJunio Aguiar Azevedo<br \/>\nL\u00e9a Rosana Viana de Ara\u00fajo e Ara\u00fajo<br \/>\nLiziane Santa Brigida de Sousa<br \/>\nMar\u00edlia Brasil Xavier<br \/>\nPaulo Tom\u00e9 de Lima Bronze<br \/>\nConselho Fiscal Efetivos<\/p>\n<p style=\"text-align: justify;\">Carlos Ant\u00f4nio de Lima Amorim<br \/>\nLeucy Paz da Silva<br \/>\nVilma Francisca Hutim Gondim de Souza<br \/>\nConselho Fiscal Suplentes<\/p>\n<p style=\"text-align: justify;\">Jos\u00e9 Martins de Miranda Neto<br \/>\nBibiane Monteiro da Silva<br \/>\nFrancisco F\u00e1bio Lopes Moutinho<\/p>\n<p style=\"text-align: justify;\">\n<p style=\"text-align: justify;\">Fonte: Assessoria de Comunica\u00e7\u00e3o do Sindicato dos M\u00e9dicos do Par\u00e1 (Sindmepa)<\/p>\n","protected":false},"excerpt":{"rendered":"<p>No pr\u00f3ximo dia 4 de setembro, m\u00e9dicos associados do Sindmepa poder\u00e3o exercer o direito do voto durante as Elei\u00e7\u00f5es da Diretoria Colegiada e Conselho Fiscal do Sindmepa para o tri\u00eanio 2019\/2021 a ser realizada atrav\u00e9s de chapa \u00fanica. Reunido em Assembleia Geral Ordin\u00e1ria Eleitoral, no dia 3 de julho, o diretor Jo\u00e3o Gouveia destacou a [&hellip;]<\/p>\n","protected":false},"author":1,"featured_media":48173,"comment_status":"open","ping_status":"open","sticky":false,"template":"","format":"standard","meta":{"ocean_post_layout":"","ocean_both_sidebars_style":"","ocean_both_sidebars_content_width":0,"ocean_both_sidebars_sidebars_width":0,"ocean_sidebar":"","ocean_second_sidebar":"","ocean_disable_margins":"enable","ocean_add_body_class":"","ocean_shortcode_before_top_bar":"","ocean_shortcode_after_top_bar":"","ocean_shortcode_before_header":"","ocean_shortcode_after_header":"","ocean_has_shortcode":"","ocean_shortcode_after_title":"","ocean_shortcode_before_footer_widgets":"","ocean_shortcode_after_footer_widgets":"","ocean_shortcode_before_footer_bottom":"","ocean_shortcode_after_footer_bottom":"","ocean_display_top_bar":"default","ocean_display_header":"default","ocean_header_style":"","ocean_center_header_left_menu":"","ocean_custom_header_template":"","ocean_custom_logo":0,"ocean_custom_retina_logo":0,"ocean_custom_logo_max_width":0,"ocean_custom_logo_tablet_max_width":0,"ocean_custom_logo_mobile_max_width":0,"ocean_custom_logo_max_height":0,"ocean_custom_logo_tablet_max_height":0,"ocean_custom_logo_mobile_max_height":0,"ocean_header_custom_menu":"","ocean_menu_typo_font_family":"","ocean_menu_typo_font_subset":"","ocean_menu_typo_font_size":0,"ocean_menu_typo_font_size_tablet":0,"ocean_menu_typo_font_size_mobile":0,"ocean_menu_typo_font_size_unit":"px","ocean_menu_typo_font_weight":"","ocean_menu_typo_font_weight_tablet":"","ocean_menu_typo_font_weight_mobile":"","ocean_menu_typo_transform":"","ocean_menu_typo_transform_tablet":"","ocean_menu_typo_transform_mobile":"","ocean_menu_typo_line_height":0,"ocean_menu_typo_line_height_tablet":0,"ocean_menu_typo_line_height_mobile":0,"ocean_menu_typo_line_height_unit":"","ocean_menu_typo_spacing":0,"ocean_menu_typo_spacing_tablet":0,"ocean_menu_typo_spacing_mobile":0,"ocean_menu_typo_spacing_unit":"","ocean_menu_link_color":"","ocean_menu_link_color_hover":"","ocean_menu_link_color_active":"","ocean_menu_link_background":"","ocean_menu_link_hover_background":"","ocean_menu_link_active_background":"","ocean_menu_social_links_bg":"","ocean_menu_social_hover_links_bg":"","ocean_menu_social_links_color":"","ocean_menu_social_hover_links_color":"","ocean_disable_title":"default","ocean_disable_heading":"default","ocean_post_title":"","ocean_post_subheading":"","ocean_post_title_style":"","ocean_post_title_background_color":"","ocean_post_title_background":0,"ocean_post_title_bg_image_position":"","ocean_post_title_bg_image_attachment":"","ocean_post_title_bg_image_repeat":"","ocean_post_title_bg_image_size":"","ocean_post_title_height":0,"ocean_post_title_bg_overlay":0.5,"ocean_post_title_bg_overlay_color":"","ocean_disable_breadcrumbs":"default","ocean_breadcrumbs_color":"","ocean_breadcrumbs_separator_color":"","ocean_breadcrumbs_links_color":"","ocean_breadcrumbs_links_hover_color":"","ocean_display_footer_widgets":"default","ocean_display_footer_bottom":"default","ocean_custom_footer_template":"","ocean_post_oembed":"","ocean_post_self_hosted_media":"","ocean_post_video_embed":"","ocean_link_format":"","ocean_link_format_target":"self","ocean_quote_format":"","ocean_quote_format_link":"post","ocean_gallery_link_images":"on","ocean_gallery_id":[]},"categories":[1],"tags":[],"acf":[],"_links":{"self":[{"href":"https:\/\/www.simepe.com.br\/novo\/wp-json\/wp\/v2\/posts\/48170"}],"collection":[{"href":"https:\/\/www.simepe.com.br\/novo\/wp-json\/wp\/v2\/posts"}],"about":[{"href":"https:\/\/www.simepe.com.br\/novo\/wp-json\/wp\/v2\/types\/post"}],"author":[{"embeddable":true,"href":"https:\/\/www.simepe.com.br\/novo\/wp-json\/wp\/v2\/users\/1"}],"replies":[{"embeddable":true,"href":"https:\/\/www.simepe.com.br\/novo\/wp-json\/wp\/v2\/comments?post=48170"}],"version-history":[{"count":1,"href":"https:\/\/www.simepe.com.br\/novo\/wp-json\/wp\/v2\/posts\/48170\/revisions"}],"predecessor-version":[{"id":48174,"href":"https:\/\/www.simepe.com.br\/novo\/wp-json\/wp\/v2\/posts\/48170\/revisions\/48174"}],"wp:featuredmedia":[{"embeddable":true,"href":"https:\/\/www.simepe.com.br\/novo\/wp-json\/wp\/v2\/media\/48173"}],"wp:attachment":[{"href":"https:\/\/www.simepe.com.br\/novo\/wp-json\/wp\/v2\/media?parent=48170"}],"wp:term":[{"taxonomy":"category","embeddable":true,"href":"https:\/\/www.simepe.com.br\/novo\/wp-json\/wp\/v2\/categories?post=48170"},{"taxonomy":"post_tag","embeddable":true,"href":"https:\/\/www.simepe.com.br\/novo\/wp-json\/wp\/v2\/tags?post=48170"}],"curies":[{"name":"wp","href":"https:\/\/api.w.org\/{rel}","templated":true}]}}