{"id":48204,"date":"2018-09-03T10:33:13","date_gmt":"2018-09-03T13:33:13","guid":{"rendered":"http:\/\/www.simepe.com.br\/novo\/?p=48204"},"modified":"2018-09-03T10:33:13","modified_gmt":"2018-09-03T13:33:13","slug":"medicos-do-recife-ameacam-deflagrar-greve-em-setembro","status":"publish","type":"post","link":"https:\/\/www.simepe.com.br\/novo\/medicos-do-recife-ameacam-deflagrar-greve-em-setembro\/","title":{"rendered":"M\u00e9dicos do Recife amea\u00e7am deflagrar greve em setembro"},"content":{"rendered":"<p style=\"text-align: justify;\">M\u00e9dicos vinculados \u00e0 rede municipal de sa\u00fade do Recife estiveram reunidos em Assembleia Geral Extraordin\u00e1ria (AGE), na tarde desta quarta-feira (29), na sede da Associa\u00e7\u00e3o M\u00e9dica de Pernambuco (AMPE), sob a coordena\u00e7\u00e3o da dire\u00e7\u00e3o do Simepe. Durante o encontro, a categoria avaliou as negocia\u00e7\u00f5es com a Secretaria de Sa\u00fade e demonstrou total insatisfa\u00e7\u00e3o em rela\u00e7\u00e3o ao descumprimento de v\u00e1rios pontos importantes do acordo firmado no m\u00eas de janeiro passado, com a municipalidade.<\/p>\n<p style=\"text-align: justify;\">Vale destacar que, dentre estes pontos relevantes que n\u00e3o foram cumpridos est\u00e3o por exemplo: a\u00e7\u00f5es que melhorem a seguran\u00e7a dentro das unidades de sa\u00fade, falta de insumos e necessidade de maior investimento em medicamentos, principalmente, na \u00e1rea de sa\u00fade mental.<\/p>\n<p style=\"text-align: justify;\">De acordo com o presidente do Simepe, Tadeu Calheiros, os m\u00e9dicos da PCR, presentes em bom n\u00famero na plen\u00e1ria, reivindicaram ainda que a quest\u00e3o remunerat\u00f3ria, ou seja, a promessa da Lei de Incorpora\u00e7\u00e3o da Gratifica\u00e7\u00e3o de Plant\u00e3o e a equipara\u00e7\u00e3o salarial para com o Estado em novembro pr\u00f3ximo, sejam de fato cumpridas. \u201cN\u00e3o estamos pedindo nada novo. Isso foi pactuado com a Secretaria de Sa\u00fade no acordo e vinhamos nessa discuss\u00e3o desde de 2017.<\/p>\n<p style=\"text-align: justify;\">Salientamos que o reajuste foi feito de forma dividida pela gest\u00e3o, para que no final do ano houvesse uma renegocia\u00e7\u00e3o, visando a equipara\u00e7\u00e3o com o Estado. Vamos dar \u00eanfase nessa cobran\u00e7a, sem esquecer \u00e0s quest\u00f5es estruturais, insumos, exames e medicamentos, com o intuito de melhorar o atendimento na rede de sa\u00fade\u201d, pontuou.<\/p>\n<p style=\"text-align: justify;\">Depois das interven\u00e7\u00f5es e posicionamentos, a categoria decidiu intensificar o movimento com uma nova AGE, no dia em 11 de setembro, \u00e0s 10h, na sede da AMPE, no bairro da Boa Vista. Os m\u00e9dicos aguardam que a gest\u00e3o da PCR cumpra o termo de compromisso em sua integralidade e n\u00e3o descartam a realiza\u00e7\u00e3o de um movimento grevista.<\/p>\n<p style=\"text-align: justify;\">\n<p style=\"text-align: justify;\">Fonte: Blog do Adriano Roberto<\/p>\n","protected":false},"excerpt":{"rendered":"<p>M\u00e9dicos vinculados \u00e0 rede municipal de sa\u00fade do Recife estiveram reunidos em Assembleia Geral Extraordin\u00e1ria (AGE), na tarde desta quarta-feira (29), na sede da Associa\u00e7\u00e3o M\u00e9dica de Pernambuco (AMPE), sob a coordena\u00e7\u00e3o da dire\u00e7\u00e3o do Simepe. Durante o encontro, a categoria avaliou as negocia\u00e7\u00f5es com a Secretaria de Sa\u00fade e demonstrou total insatisfa\u00e7\u00e3o em rela\u00e7\u00e3o [&hellip;]<\/p>\n","protected":false},"author":1,"featured_media":0,"comment_status":"open","ping_status":"open","sticky":false,"template":"","format":"standard","meta":{"ocean_post_layout":"","ocean_both_sidebars_style":"","ocean_both_sidebars_content_width":0,"ocean_both_sidebars_sidebars_width":0,"ocean_sidebar":"","ocean_second_sidebar":"","ocean_disable_margins":"enable","ocean_add_body_class":"","ocean_shortcode_before_top_bar":"","ocean_shortcode_after_top_bar":"","ocean_shortcode_before_header":"","ocean_shortcode_after_header":"","ocean_has_shortcode":"","ocean_shortcode_after_title":"","ocean_shortcode_before_footer_widgets":"","ocean_shortcode_after_footer_widgets":"","ocean_shortcode_before_footer_bottom":"","ocean_shortcode_after_footer_bottom":"","ocean_display_top_bar":"default","ocean_display_header":"default","ocean_header_style":"","ocean_center_header_left_menu":"","ocean_custom_header_template":"","ocean_custom_logo":0,"ocean_custom_retina_logo":0,"ocean_custom_logo_max_width":0,"ocean_custom_logo_tablet_max_width":0,"ocean_custom_logo_mobile_max_width":0,"ocean_custom_logo_max_height":0,"ocean_custom_logo_tablet_max_height":0,"ocean_custom_logo_mobile_max_height":0,"ocean_header_custom_menu":"","ocean_menu_typo_font_family":"","ocean_menu_typo_font_subset":"","ocean_menu_typo_font_size":0,"ocean_menu_typo_font_size_tablet":0,"ocean_menu_typo_font_size_mobile":0,"ocean_menu_typo_font_size_unit":"px","ocean_menu_typo_font_weight":"","ocean_menu_typo_font_weight_tablet":"","ocean_menu_typo_font_weight_mobile":"","ocean_menu_typo_transform":"","ocean_menu_typo_transform_tablet":"","ocean_menu_typo_transform_mobile":"","ocean_menu_typo_line_height":0,"ocean_menu_typo_line_height_tablet":0,"ocean_menu_typo_line_height_mobile":0,"ocean_menu_typo_line_height_unit":"","ocean_menu_typo_spacing":0,"ocean_menu_typo_spacing_tablet":0,"ocean_menu_typo_spacing_mobile":0,"ocean_menu_typo_spacing_unit":"","ocean_menu_link_color":"","ocean_menu_link_color_hover":"","ocean_menu_link_color_active":"","ocean_menu_link_background":"","ocean_menu_link_hover_background":"","ocean_menu_link_active_background":"","ocean_menu_social_links_bg":"","ocean_menu_social_hover_links_bg":"","ocean_menu_social_links_color":"","ocean_menu_social_hover_links_color":"","ocean_disable_title":"default","ocean_disable_heading":"default","ocean_post_title":"","ocean_post_subheading":"","ocean_post_title_style":"","ocean_post_title_background_color":"","ocean_post_title_background":0,"ocean_post_title_bg_image_position":"","ocean_post_title_bg_image_attachment":"","ocean_post_title_bg_image_repeat":"","ocean_post_title_bg_image_size":"","ocean_post_title_height":0,"ocean_post_title_bg_overlay":0.5,"ocean_post_title_bg_overlay_color":"","ocean_disable_breadcrumbs":"default","ocean_breadcrumbs_color":"","ocean_breadcrumbs_separator_color":"","ocean_breadcrumbs_links_color":"","ocean_breadcrumbs_links_hover_color":"","ocean_display_footer_widgets":"default","ocean_display_footer_bottom":"default","ocean_custom_footer_template":"","ocean_post_oembed":"","ocean_post_self_hosted_media":"","ocean_post_video_embed":"","ocean_link_format":"","ocean_link_format_target":"self","ocean_quote_format":"","ocean_quote_format_link":"post","ocean_gallery_link_images":"on","ocean_gallery_id":[]},"categories":[9],"tags":[],"acf":[],"_links":{"self":[{"href":"https:\/\/www.simepe.com.br\/novo\/wp-json\/wp\/v2\/posts\/48204"}],"collection":[{"href":"https:\/\/www.simepe.com.br\/novo\/wp-json\/wp\/v2\/posts"}],"about":[{"href":"https:\/\/www.simepe.com.br\/novo\/wp-json\/wp\/v2\/types\/post"}],"author":[{"embeddable":true,"href":"https:\/\/www.simepe.com.br\/novo\/wp-json\/wp\/v2\/users\/1"}],"replies":[{"embeddable":true,"href":"https:\/\/www.simepe.com.br\/novo\/wp-json\/wp\/v2\/comments?post=48204"}],"version-history":[{"count":1,"href":"https:\/\/www.simepe.com.br\/novo\/wp-json\/wp\/v2\/posts\/48204\/revisions"}],"predecessor-version":[{"id":48205,"href":"https:\/\/www.simepe.com.br\/novo\/wp-json\/wp\/v2\/posts\/48204\/revisions\/48205"}],"wp:attachment":[{"href":"https:\/\/www.simepe.com.br\/novo\/wp-json\/wp\/v2\/media?parent=48204"}],"wp:term":[{"taxonomy":"category","embeddable":true,"href":"https:\/\/www.simepe.com.br\/novo\/wp-json\/wp\/v2\/categories?post=48204"},{"taxonomy":"post_tag","embeddable":true,"href":"https:\/\/www.simepe.com.br\/novo\/wp-json\/wp\/v2\/tags?post=48204"}],"curies":[{"name":"wp","href":"https:\/\/api.w.org\/{rel}","templated":true}]}}