{"id":48217,"date":"2018-09-03T10:56:24","date_gmt":"2018-09-03T13:56:24","guid":{"rendered":"http:\/\/www.simepe.com.br\/novo\/?p=48217"},"modified":"2018-09-03T10:56:24","modified_gmt":"2018-09-03T13:56:24","slug":"representantes-da-saude-e-seguranca-publica-discutem-planos-para-inibir-os-recorrentes-assaltos-nas-unidades-de-saude","status":"publish","type":"post","link":"https:\/\/www.simepe.com.br\/novo\/representantes-da-saude-e-seguranca-publica-discutem-planos-para-inibir-os-recorrentes-assaltos-nas-unidades-de-saude\/","title":{"rendered":"Representantes da sa\u00fade e seguran\u00e7a p\u00fablica discutem planos para inibir os recorrentes assaltos nas unidades de sa\u00fade"},"content":{"rendered":"<p style=\"text-align: justify;\">M\u00e9dicos e demais servidores da sa\u00fade da capital, alocados em hospitais, Unidades B\u00e1sicas de Sa\u00fade e Programa Sa\u00fade da Fam\u00edlia, reuniram-se no audit\u00f3rio do Sindicato dos M\u00e9dicos do Estado do Piau\u00ed (Simepi), na noite de ontem (30), para discutir casos relacionados a falta de seguran\u00e7a nos locais de trabalho. \u00c0 frente da discuss\u00e3o, estiveram presentes Coronel Lindomar Castilho, Comandante Geral da Pol\u00edcia Militar do Piau\u00ed, Delegado Riedel Batista, Delegado Geral da Pol\u00edcia Civil do Piau\u00ed, Dr. Samuel R\u00eago, Presidente do Simepi, Dr. Silvio Mendes, presidente da Funda\u00e7\u00e3o Municipal de Sa\u00fade e o Delegado Samuel Silveira, respons\u00e1vel pela Guarda Municipal de Teresina.<\/p>\n<p style=\"text-align: justify;\">As autoridades puderam ouvir os relatos dos profissionais presentes para juntos tra\u00e7arem um plano emergencial a fim de inibir os assaltos que est\u00e3o acontecendo nas UBS e redondezas. \u201cConvidamos os representantes da seguran\u00e7a para discutir o que pode ser poss\u00edvel e vi\u00e1vel de imediato. Foi uma reuni\u00e3o muito positiva, onde foram tomados v\u00e1rios encaminhamentos no sentido de garantir a seguran\u00e7a do servidor. Haver\u00e1 maior articula\u00e7\u00e3o entre as institui\u00e7\u00f5es e os servidores receberam essas not\u00edcias positivamente. Cada \u00f3rg\u00e3o far\u00e1 a sua parte e o Simepi continuar\u00e1 acompanhando\u201d, comentou Samuel R\u00eago, presidente do Simepi.<\/p>\n<p style=\"text-align: justify;\">Estiveram presentes S\u00e9rgio Pires, Presidente do Sindicato dos Odontologistas do Piau\u00ed (SOEPI), Marianne Martins (CREFITO 14), Leopoldina Cipriano, Presidente do Conselho de Secretarias Municipais de Sa\u00fade do Estado do Piau\u00ed (COSEMS-PI), Alcidiana Carvalho (SINDASPI), Tatiana Maria Melo, presidente do COREN-PI, Cinthya Selma, representando o Conselho Regional de Psicologia 21\u00aa Regi\u00e3o, Valdivino, membro do Conselho Municipal de Sa\u00fade, Washington Marques, vice-presidente do Sindicato dos Agentes Comunit\u00e1rios de Sa\u00fade, al\u00e9m de outros profissionais e representantes de categorias.<\/p>\n<p style=\"text-align: justify;\">Estiveram presentes S\u00e9rgio Pires, Presidente do Sindicato dos Odontologistas do Piau\u00ed (SOEPI), Marianne Martins (CREFITO 14), Leopoldina Cipriano, Presidente do Conselho de Secretarias Municipais de Sa\u00fade do Estado do Piau\u00ed (COSEMS-PI), Alcidiana Carvalho (SINDASPI), Tatiana Maria Melo, presidente do COREN-PI, Cinthya Selma, representando o Conselho Regional de Psicologia 21\u00aa Regi\u00e3o, Valdivino, membro do Conselho Municipal de Sa\u00fade, Washington Marques, vice-presidente do Sindicato dos Agentes Comunit\u00e1rios de Sa\u00fade, al\u00e9m de outros profissionais e representantes de categorias.<\/p>\n<p style=\"text-align: justify;\">Segundo o Cel. Lindomar Castilho, Comandante Geral da PM-PI, ser\u00e1 preciso que os comandantes de cada bairro orientem mais as rondas de patrulhamento ostensivo, ostensivo, principalmente nos hor\u00e1rios mais frequentes dos roubos e furtos. \u201cDaremos encaminhamento para fortalecer um convenio com o munic\u00edpio, onde vai permitir que o policial, na sua folga, possa estar nessas unidades refor\u00e7ando o policiamento\u201d, conclui.<\/p>\n<p style=\"text-align: justify;\">\n<p style=\"text-align: justify;\">Fonte: Assessoria de Comunica\u00e7\u00e3o do Estado do Piau\u00ed (Simepi)<\/p>\n","protected":false},"excerpt":{"rendered":"<p>M\u00e9dicos e demais servidores da sa\u00fade da capital, alocados em hospitais, Unidades B\u00e1sicas de Sa\u00fade e Programa Sa\u00fade da Fam\u00edlia, reuniram-se no audit\u00f3rio do Sindicato dos M\u00e9dicos do Estado do Piau\u00ed (Simepi), na noite de ontem (30), para discutir casos relacionados a falta de seguran\u00e7a nos locais de trabalho. \u00c0 frente da discuss\u00e3o, estiveram presentes [&hellip;]<\/p>\n","protected":false},"author":1,"featured_media":48219,"comment_status":"open","ping_status":"open","sticky":false,"template":"","format":"standard","meta":{"ocean_post_layout":"","ocean_both_sidebars_style":"","ocean_both_sidebars_content_width":0,"ocean_both_sidebars_sidebars_width":0,"ocean_sidebar":"","ocean_second_sidebar":"","ocean_disable_margins":"enable","ocean_add_body_class":"","ocean_shortcode_before_top_bar":"","ocean_shortcode_after_top_bar":"","ocean_shortcode_before_header":"","ocean_shortcode_after_header":"","ocean_has_shortcode":"","ocean_shortcode_after_title":"","ocean_shortcode_before_footer_widgets":"","ocean_shortcode_after_footer_widgets":"","ocean_shortcode_before_footer_bottom":"","ocean_shortcode_after_footer_bottom":"","ocean_display_top_bar":"default","ocean_display_header":"default","ocean_header_style":"","ocean_center_header_left_menu":"","ocean_custom_header_template":"","ocean_custom_logo":0,"ocean_custom_retina_logo":0,"ocean_custom_logo_max_width":0,"ocean_custom_logo_tablet_max_width":0,"ocean_custom_logo_mobile_max_width":0,"ocean_custom_logo_max_height":0,"ocean_custom_logo_tablet_max_height":0,"ocean_custom_logo_mobile_max_height":0,"ocean_header_custom_menu":"","ocean_menu_typo_font_family":"","ocean_menu_typo_font_subset":"","ocean_menu_typo_font_size":0,"ocean_menu_typo_font_size_tablet":0,"ocean_menu_typo_font_size_mobile":0,"ocean_menu_typo_font_size_unit":"px","ocean_menu_typo_font_weight":"","ocean_menu_typo_font_weight_tablet":"","ocean_menu_typo_font_weight_mobile":"","ocean_menu_typo_transform":"","ocean_menu_typo_transform_tablet":"","ocean_menu_typo_transform_mobile":"","ocean_menu_typo_line_height":0,"ocean_menu_typo_line_height_tablet":0,"ocean_menu_typo_line_height_mobile":0,"ocean_menu_typo_line_height_unit":"","ocean_menu_typo_spacing":0,"ocean_menu_typo_spacing_tablet":0,"ocean_menu_typo_spacing_mobile":0,"ocean_menu_typo_spacing_unit":"","ocean_menu_link_color":"","ocean_menu_link_color_hover":"","ocean_menu_link_color_active":"","ocean_menu_link_background":"","ocean_menu_link_hover_background":"","ocean_menu_link_active_background":"","ocean_menu_social_links_bg":"","ocean_menu_social_hover_links_bg":"","ocean_menu_social_links_color":"","ocean_menu_social_hover_links_color":"","ocean_disable_title":"default","ocean_disable_heading":"default","ocean_post_title":"","ocean_post_subheading":"","ocean_post_title_style":"","ocean_post_title_background_color":"","ocean_post_title_background":0,"ocean_post_title_bg_image_position":"","ocean_post_title_bg_image_attachment":"","ocean_post_title_bg_image_repeat":"","ocean_post_title_bg_image_size":"","ocean_post_title_height":0,"ocean_post_title_bg_overlay":0.5,"ocean_post_title_bg_overlay_color":"","ocean_disable_breadcrumbs":"default","ocean_breadcrumbs_color":"","ocean_breadcrumbs_separator_color":"","ocean_breadcrumbs_links_color":"","ocean_breadcrumbs_links_hover_color":"","ocean_display_footer_widgets":"default","ocean_display_footer_bottom":"default","ocean_custom_footer_template":"","ocean_post_oembed":"","ocean_post_self_hosted_media":"","ocean_post_video_embed":"","ocean_link_format":"","ocean_link_format_target":"self","ocean_quote_format":"","ocean_quote_format_link":"post","ocean_gallery_link_images":"on","ocean_gallery_id":[]},"categories":[1],"tags":[],"acf":[],"_links":{"self":[{"href":"https:\/\/www.simepe.com.br\/novo\/wp-json\/wp\/v2\/posts\/48217"}],"collection":[{"href":"https:\/\/www.simepe.com.br\/novo\/wp-json\/wp\/v2\/posts"}],"about":[{"href":"https:\/\/www.simepe.com.br\/novo\/wp-json\/wp\/v2\/types\/post"}],"author":[{"embeddable":true,"href":"https:\/\/www.simepe.com.br\/novo\/wp-json\/wp\/v2\/users\/1"}],"replies":[{"embeddable":true,"href":"https:\/\/www.simepe.com.br\/novo\/wp-json\/wp\/v2\/comments?post=48217"}],"version-history":[{"count":1,"href":"https:\/\/www.simepe.com.br\/novo\/wp-json\/wp\/v2\/posts\/48217\/revisions"}],"predecessor-version":[{"id":48220,"href":"https:\/\/www.simepe.com.br\/novo\/wp-json\/wp\/v2\/posts\/48217\/revisions\/48220"}],"wp:featuredmedia":[{"embeddable":true,"href":"https:\/\/www.simepe.com.br\/novo\/wp-json\/wp\/v2\/media\/48219"}],"wp:attachment":[{"href":"https:\/\/www.simepe.com.br\/novo\/wp-json\/wp\/v2\/media?parent=48217"}],"wp:term":[{"taxonomy":"category","embeddable":true,"href":"https:\/\/www.simepe.com.br\/novo\/wp-json\/wp\/v2\/categories?post=48217"},{"taxonomy":"post_tag","embeddable":true,"href":"https:\/\/www.simepe.com.br\/novo\/wp-json\/wp\/v2\/tags?post=48217"}],"curies":[{"name":"wp","href":"https:\/\/api.w.org\/{rel}","templated":true}]}}