{"id":48228,"date":"2018-09-04T09:18:27","date_gmt":"2018-09-04T12:18:27","guid":{"rendered":"http:\/\/www.simepe.com.br\/novo\/?p=48228"},"modified":"2018-09-04T09:18:27","modified_gmt":"2018-09-04T12:18:27","slug":"campanha-contra-polio-e-sarampo-e-prorrogada-ate-14-de-setembro","status":"publish","type":"post","link":"https:\/\/www.simepe.com.br\/novo\/campanha-contra-polio-e-sarampo-e-prorrogada-ate-14-de-setembro\/","title":{"rendered":"Campanha contra p\u00f3lio e sarampo \u00e9 prorrogada at\u00e9 14 de setembro"},"content":{"rendered":"<p style=\"text-align: justify;\">Devem ser vacinadas contra a poliomielite o sarampo crian\u00e7as de 1 ano a 4 anos e 11 meses<\/p>\n<p style=\"text-align: justify;\">O Minist\u00e9rio da Sa\u00fade prorrogou at\u00e9 14 de setembro a Campanha Nacional de Vacina\u00e7\u00e3o contra P\u00f3lio e Sarampo. Pelos dados preliminares, a m\u00e9dia de vacina\u00e7\u00e3o est\u00e1 em 88%. Em apenas sete estados a meta de vacinar pelo menos 95% do p\u00fablico-alvo foi atingida.<\/p>\n<p style=\"text-align: justify;\">Estados e munic\u00edpios que n\u00e3o atingiram a meta devem manter a campanha por mais 15 dias. Devem ser vacinadas contra a poliomielite o sarampo crian\u00e7as de 1 ano a 4 anos e 11 meses.<\/p>\n<p style=\"text-align: justify;\">At\u00e9 o momento, mais de 1,3 milh\u00e3o de crian\u00e7as n\u00e3o recebeu o refor\u00e7o dessas vacinas. A recomenda\u00e7\u00e3o \u00e9 que estados e munic\u00edpios fa\u00e7am busca ativa para garantir que o p\u00fablico-alvo da campanha seja vacinado.<\/p>\n<p style=\"text-align: justify;\"><strong>Dados<\/strong><\/p>\n<p style=\"text-align: justify;\">Os estados que atingiram a meta de vacina\u00e7\u00e3o s\u00e3o Amap\u00e1, Santa Catarina, Pernambuco, Rond\u00f4nia, Esp\u00edrito Santo, Sergipe e Maranh\u00e3o.<\/p>\n<p style=\"text-align: justify;\">O Rio de Janeiro continua com o menor \u00edndice de vacina\u00e7\u00e3o, seguido por Roraima, Par\u00e1, Piau\u00ed, Distrito Federal, Acre, Bahia, Rio Grande do Sul, S\u00e3o Paulo, Alagoas, Rio Grande do Norte e Amazonas.<\/p>\n<p style=\"text-align: justify;\">Em todo o pa\u00eds, foram aplicadas mais de 19,7 milh\u00f5es de doses das vacinas (cerca de 9,8 milh\u00f5es de cada).<\/p>\n<p style=\"text-align: justify;\">\n<p style=\"text-align: justify;\">Fonte: Diario de Pernambuco<\/p>\n","protected":false},"excerpt":{"rendered":"<p>Devem ser vacinadas contra a poliomielite o sarampo crian\u00e7as de 1 ano a 4 anos e 11 meses O Minist\u00e9rio da Sa\u00fade prorrogou at\u00e9 14 de setembro a Campanha Nacional de Vacina\u00e7\u00e3o contra P\u00f3lio e Sarampo. Pelos dados preliminares, a m\u00e9dia de vacina\u00e7\u00e3o est\u00e1 em 88%. Em apenas sete estados a meta de vacinar pelo [&hellip;]<\/p>\n","protected":false},"author":1,"featured_media":0,"comment_status":"open","ping_status":"open","sticky":false,"template":"","format":"standard","meta":{"ocean_post_layout":"","ocean_both_sidebars_style":"","ocean_both_sidebars_content_width":0,"ocean_both_sidebars_sidebars_width":0,"ocean_sidebar":"","ocean_second_sidebar":"","ocean_disable_margins":"enable","ocean_add_body_class":"","ocean_shortcode_before_top_bar":"","ocean_shortcode_after_top_bar":"","ocean_shortcode_before_header":"","ocean_shortcode_after_header":"","ocean_has_shortcode":"","ocean_shortcode_after_title":"","ocean_shortcode_before_footer_widgets":"","ocean_shortcode_after_footer_widgets":"","ocean_shortcode_before_footer_bottom":"","ocean_shortcode_after_footer_bottom":"","ocean_display_top_bar":"default","ocean_display_header":"default","ocean_header_style":"","ocean_center_header_left_menu":"","ocean_custom_header_template":"","ocean_custom_logo":0,"ocean_custom_retina_logo":0,"ocean_custom_logo_max_width":0,"ocean_custom_logo_tablet_max_width":0,"ocean_custom_logo_mobile_max_width":0,"ocean_custom_logo_max_height":0,"ocean_custom_logo_tablet_max_height":0,"ocean_custom_logo_mobile_max_height":0,"ocean_header_custom_menu":"","ocean_menu_typo_font_family":"","ocean_menu_typo_font_subset":"","ocean_menu_typo_font_size":0,"ocean_menu_typo_font_size_tablet":0,"ocean_menu_typo_font_size_mobile":0,"ocean_menu_typo_font_size_unit":"px","ocean_menu_typo_font_weight":"","ocean_menu_typo_font_weight_tablet":"","ocean_menu_typo_font_weight_mobile":"","ocean_menu_typo_transform":"","ocean_menu_typo_transform_tablet":"","ocean_menu_typo_transform_mobile":"","ocean_menu_typo_line_height":0,"ocean_menu_typo_line_height_tablet":0,"ocean_menu_typo_line_height_mobile":0,"ocean_menu_typo_line_height_unit":"","ocean_menu_typo_spacing":0,"ocean_menu_typo_spacing_tablet":0,"ocean_menu_typo_spacing_mobile":0,"ocean_menu_typo_spacing_unit":"","ocean_menu_link_color":"","ocean_menu_link_color_hover":"","ocean_menu_link_color_active":"","ocean_menu_link_background":"","ocean_menu_link_hover_background":"","ocean_menu_link_active_background":"","ocean_menu_social_links_bg":"","ocean_menu_social_hover_links_bg":"","ocean_menu_social_links_color":"","ocean_menu_social_hover_links_color":"","ocean_disable_title":"default","ocean_disable_heading":"default","ocean_post_title":"","ocean_post_subheading":"","ocean_post_title_style":"","ocean_post_title_background_color":"","ocean_post_title_background":0,"ocean_post_title_bg_image_position":"","ocean_post_title_bg_image_attachment":"","ocean_post_title_bg_image_repeat":"","ocean_post_title_bg_image_size":"","ocean_post_title_height":0,"ocean_post_title_bg_overlay":0.5,"ocean_post_title_bg_overlay_color":"","ocean_disable_breadcrumbs":"default","ocean_breadcrumbs_color":"","ocean_breadcrumbs_separator_color":"","ocean_breadcrumbs_links_color":"","ocean_breadcrumbs_links_hover_color":"","ocean_display_footer_widgets":"default","ocean_display_footer_bottom":"default","ocean_custom_footer_template":"","ocean_post_oembed":"","ocean_post_self_hosted_media":"","ocean_post_video_embed":"","ocean_link_format":"","ocean_link_format_target":"self","ocean_quote_format":"","ocean_quote_format_link":"post","ocean_gallery_link_images":"on","ocean_gallery_id":[]},"categories":[9],"tags":[147,1725,1283,82],"acf":[],"_links":{"self":[{"href":"https:\/\/www.simepe.com.br\/novo\/wp-json\/wp\/v2\/posts\/48228"}],"collection":[{"href":"https:\/\/www.simepe.com.br\/novo\/wp-json\/wp\/v2\/posts"}],"about":[{"href":"https:\/\/www.simepe.com.br\/novo\/wp-json\/wp\/v2\/types\/post"}],"author":[{"embeddable":true,"href":"https:\/\/www.simepe.com.br\/novo\/wp-json\/wp\/v2\/users\/1"}],"replies":[{"embeddable":true,"href":"https:\/\/www.simepe.com.br\/novo\/wp-json\/wp\/v2\/comments?post=48228"}],"version-history":[{"count":1,"href":"https:\/\/www.simepe.com.br\/novo\/wp-json\/wp\/v2\/posts\/48228\/revisions"}],"predecessor-version":[{"id":48229,"href":"https:\/\/www.simepe.com.br\/novo\/wp-json\/wp\/v2\/posts\/48228\/revisions\/48229"}],"wp:attachment":[{"href":"https:\/\/www.simepe.com.br\/novo\/wp-json\/wp\/v2\/media?parent=48228"}],"wp:term":[{"taxonomy":"category","embeddable":true,"href":"https:\/\/www.simepe.com.br\/novo\/wp-json\/wp\/v2\/categories?post=48228"},{"taxonomy":"post_tag","embeddable":true,"href":"https:\/\/www.simepe.com.br\/novo\/wp-json\/wp\/v2\/tags?post=48228"}],"curies":[{"name":"wp","href":"https:\/\/api.w.org\/{rel}","templated":true}]}}