{"id":48264,"date":"2018-09-02T12:14:33","date_gmt":"2018-09-02T15:14:33","guid":{"rendered":"http:\/\/www.simepe.com.br\/novo\/?p=48264"},"modified":"2018-09-05T12:17:51","modified_gmt":"2018-09-05T15:17:51","slug":"atencao-medicos-02-09-2018","status":"publish","type":"post","link":"https:\/\/www.simepe.com.br\/novo\/atencao-medicos-02-09-2018\/","title":{"rendered":"Aten\u00e7\u00e3o M\u00e9dicos 02.09.2018"},"content":{"rendered":"<p style=\"text-align: center;\"><strong>M\u00e9dicos da PCR amea\u00e7am deflagrar movimento grevista<\/strong><\/p>\n<p style=\"text-align: justify;\">\nM\u00e9dicos da rede municipal de sa\u00fade do Recife estiveram reunidos em Assembleia Geral Extraordin\u00e1ria (AGE), na quarta-feira passada (29), na Associa\u00e7\u00e3o M\u00e9dica de Pernambuco (AMPE), sob a coordena\u00e7\u00e3o da dire\u00e7\u00e3o do Simepe. Os profissionais avaliaram as negocia\u00e7\u00f5es com a Secretaria de Sa\u00fade e demonstraram total insatisfa\u00e7\u00e3o em rela\u00e7\u00e3o ao descumprimento de v\u00e1rios pontos importantes do acordo firmado no m\u00eas de janeiro passado, com a municipalidade. Entre estes pontos relevantes destacam-se: a\u00e7\u00f5es que melhorem a seguran\u00e7a dentro das unidades de sa\u00fade, abastecimento de insumos e maior investimento em medicamentos, principalmente, na \u00e1rea de sa\u00fade mental. A categoria reivindicou ainda que a quest\u00e3o remunerat\u00f3ria ( a Lei de Incorpora\u00e7\u00e3o da Gratifica\u00e7\u00e3o de Plant\u00e3o e a equipara\u00e7\u00e3o salarial para com o Estado) seja de fato cumprida. Nova AGE: dia 11\/09, \u00e0s 10h, na sede da AMPE, no bairro da Boa Vista. Os m\u00e9dicos aguardam que a gest\u00e3o da PCR cumpra o termo de compromisso em sua integralidade e n\u00e3o descartam a realiza\u00e7\u00e3o de um movimento grevista. Mais detalhes em nosso portal: www.simepe.org.br.<\/p>\n<p style=\"text-align: center;\">\n<strong>Caruaru descumpre Resolu\u00e7\u00f5es do Cremepe e CFM<\/strong><\/p>\n<p style=\"text-align: justify;\">\nO Simepe, ap\u00f3s den\u00fancias, realizou, na tarde da ter\u00e7a-feira (28), uma fiscaliza\u00e7\u00e3o na Unidade de Pronto Atendimento (UPA) Boa Vista, que integra a rede municipal de sa\u00fade Caruaru. A blitz foi comandada pelo presidente da entidade, Tadeu Calheiros; a vice, Claudia Beatriz, e o diretor executivo Walber Steffano. Juntos, eles conversaram atentamente com os plantonistas e o diretor t\u00e9cnico do complexo hospitalar, constatando v\u00e1rios problemas e dificuldades. Entre as principais queixas do corpo cl\u00ednico est\u00e1 o n\u00famero excessivo de pacientes para cada profissional, em 12h de trabalho; os m\u00e9dicos chegam a atender cerca de 85 pacientes, cada um, por plant\u00e3o; o grave d\u00e9ficit na escala \u2013 o que deveria ser de quatro m\u00e9dicos apenas para a demanda espont\u00e2nea de \u201cporta aberta\u201d, mas conta somente com dois. Outros descumprimentos por parte da gest\u00e3o municipal diz respeito \u00e0s resolu\u00e7\u00f5es no 11\/2014 (Cremepe) e no 2079\/2014 (CFM), al\u00e9m da falta de seguran\u00e7a, a unidade s\u00f3 tem tr\u00eas porteiros, mas nenhum vigilante de fato. Diante dessa situa\u00e7\u00e3o, os casos de amea\u00e7as, agress\u00f5es verbais e f\u00edsicas aumentam diariamente. O Simepe ainda aguarda a defini\u00e7\u00e3o de uma nova data para o encontro com a Prefeitura de Caruaru, que ocorreria na ter\u00e7a-feira (28\/08), mas foi desmarcado \u00e0s v\u00e9speras do hor\u00e1rio combinado. Mais detalhes em nosso portal: www.simepe.org.br.<\/p>\n<p style=\"text-align: center;\">M\u00e9dico, o Sindicato \u00e9 voc\u00ea! N\u00e3o h\u00e1 sindicato sem luta.<br \/>\nN\u00e3o h\u00e1 luta sem sindicato!<\/p>\n<p style=\"text-align: center;\">\nRecife, 02 de setembro de 2018<br \/>\nDIRETORIA EXECUTIVA<\/p>\n","protected":false},"excerpt":{"rendered":"<p>M\u00e9dicos da PCR amea\u00e7am deflagrar movimento grevista M\u00e9dicos da rede municipal de sa\u00fade do Recife estiveram reunidos em Assembleia Geral Extraordin\u00e1ria (AGE), na quarta-feira passada (29), na Associa\u00e7\u00e3o M\u00e9dica de Pernambuco (AMPE), sob a coordena\u00e7\u00e3o da dire\u00e7\u00e3o do Simepe. Os profissionais avaliaram as negocia\u00e7\u00f5es com a Secretaria de Sa\u00fade e demonstraram total insatisfa\u00e7\u00e3o em rela\u00e7\u00e3o [&hellip;]<\/p>\n","protected":false},"author":1,"featured_media":0,"comment_status":"open","ping_status":"open","sticky":false,"template":"","format":"standard","meta":{"ocean_post_layout":"","ocean_both_sidebars_style":"","ocean_both_sidebars_content_width":0,"ocean_both_sidebars_sidebars_width":0,"ocean_sidebar":"","ocean_second_sidebar":"","ocean_disable_margins":"enable","ocean_add_body_class":"","ocean_shortcode_before_top_bar":"","ocean_shortcode_after_top_bar":"","ocean_shortcode_before_header":"","ocean_shortcode_after_header":"","ocean_has_shortcode":"","ocean_shortcode_after_title":"","ocean_shortcode_before_footer_widgets":"","ocean_shortcode_after_footer_widgets":"","ocean_shortcode_before_footer_bottom":"","ocean_shortcode_after_footer_bottom":"","ocean_display_top_bar":"default","ocean_display_header":"default","ocean_header_style":"","ocean_center_header_left_menu":"","ocean_custom_header_template":"","ocean_custom_logo":0,"ocean_custom_retina_logo":0,"ocean_custom_logo_max_width":0,"ocean_custom_logo_tablet_max_width":0,"ocean_custom_logo_mobile_max_width":0,"ocean_custom_logo_max_height":0,"ocean_custom_logo_tablet_max_height":0,"ocean_custom_logo_mobile_max_height":0,"ocean_header_custom_menu":"","ocean_menu_typo_font_family":"","ocean_menu_typo_font_subset":"","ocean_menu_typo_font_size":0,"ocean_menu_typo_font_size_tablet":0,"ocean_menu_typo_font_size_mobile":0,"ocean_menu_typo_font_size_unit":"px","ocean_menu_typo_font_weight":"","ocean_menu_typo_font_weight_tablet":"","ocean_menu_typo_font_weight_mobile":"","ocean_menu_typo_transform":"","ocean_menu_typo_transform_tablet":"","ocean_menu_typo_transform_mobile":"","ocean_menu_typo_line_height":0,"ocean_menu_typo_line_height_tablet":0,"ocean_menu_typo_line_height_mobile":0,"ocean_menu_typo_line_height_unit":"","ocean_menu_typo_spacing":0,"ocean_menu_typo_spacing_tablet":0,"ocean_menu_typo_spacing_mobile":0,"ocean_menu_typo_spacing_unit":"","ocean_menu_link_color":"","ocean_menu_link_color_hover":"","ocean_menu_link_color_active":"","ocean_menu_link_background":"","ocean_menu_link_hover_background":"","ocean_menu_link_active_background":"","ocean_menu_social_links_bg":"","ocean_menu_social_hover_links_bg":"","ocean_menu_social_links_color":"","ocean_menu_social_hover_links_color":"","ocean_disable_title":"default","ocean_disable_heading":"default","ocean_post_title":"","ocean_post_subheading":"","ocean_post_title_style":"","ocean_post_title_background_color":"","ocean_post_title_background":0,"ocean_post_title_bg_image_position":"","ocean_post_title_bg_image_attachment":"","ocean_post_title_bg_image_repeat":"","ocean_post_title_bg_image_size":"","ocean_post_title_height":0,"ocean_post_title_bg_overlay":0.5,"ocean_post_title_bg_overlay_color":"","ocean_disable_breadcrumbs":"default","ocean_breadcrumbs_color":"","ocean_breadcrumbs_separator_color":"","ocean_breadcrumbs_links_color":"","ocean_breadcrumbs_links_hover_color":"","ocean_display_footer_widgets":"default","ocean_display_footer_bottom":"default","ocean_custom_footer_template":"","ocean_post_oembed":"","ocean_post_self_hosted_media":"","ocean_post_video_embed":"","ocean_link_format":"","ocean_link_format_target":"self","ocean_quote_format":"","ocean_quote_format_link":"post","ocean_gallery_link_images":"on","ocean_gallery_id":[]},"categories":[1],"tags":[],"acf":[],"_links":{"self":[{"href":"https:\/\/www.simepe.com.br\/novo\/wp-json\/wp\/v2\/posts\/48264"}],"collection":[{"href":"https:\/\/www.simepe.com.br\/novo\/wp-json\/wp\/v2\/posts"}],"about":[{"href":"https:\/\/www.simepe.com.br\/novo\/wp-json\/wp\/v2\/types\/post"}],"author":[{"embeddable":true,"href":"https:\/\/www.simepe.com.br\/novo\/wp-json\/wp\/v2\/users\/1"}],"replies":[{"embeddable":true,"href":"https:\/\/www.simepe.com.br\/novo\/wp-json\/wp\/v2\/comments?post=48264"}],"version-history":[{"count":1,"href":"https:\/\/www.simepe.com.br\/novo\/wp-json\/wp\/v2\/posts\/48264\/revisions"}],"predecessor-version":[{"id":48265,"href":"https:\/\/www.simepe.com.br\/novo\/wp-json\/wp\/v2\/posts\/48264\/revisions\/48265"}],"wp:attachment":[{"href":"https:\/\/www.simepe.com.br\/novo\/wp-json\/wp\/v2\/media?parent=48264"}],"wp:term":[{"taxonomy":"category","embeddable":true,"href":"https:\/\/www.simepe.com.br\/novo\/wp-json\/wp\/v2\/categories?post=48264"},{"taxonomy":"post_tag","embeddable":true,"href":"https:\/\/www.simepe.com.br\/novo\/wp-json\/wp\/v2\/tags?post=48264"}],"curies":[{"name":"wp","href":"https:\/\/api.w.org\/{rel}","templated":true}]}}