{"id":48268,"date":"2018-09-05T12:35:10","date_gmt":"2018-09-05T15:35:10","guid":{"rendered":"http:\/\/www.simepe.com.br\/novo\/?p=48268"},"modified":"2018-09-06T10:47:16","modified_gmt":"2018-09-06T13:47:16","slug":"ii-jornada-de-direito-medico-e-da-saude","status":"publish","type":"post","link":"https:\/\/www.simepe.com.br\/novo\/ii-jornada-de-direito-medico-e-da-saude\/","title":{"rendered":"II Jornada de Direito M\u00e9dico e da sa\u00fade"},"content":{"rendered":"<p style=\"text-align: justify;\">A Comiss\u00e3o de Direito e Sa\u00fade \u2013 CDS da OAB\/PE, Escola Superior da Advocacia \u2013 ESA\/PE, Escola Judicial de Pernambuco \u2013 ESMAPE, Instituto Brasileiro do Direito de Fam\u00edlia \u2013 IBDFAM\/PE e a Universidade Cat\u00f3lica de Pernambuco (Unicap) v\u00e3o promover a II Jornada de Direito M\u00e9dico e da sa\u00fade. O encontro acontece nos pr\u00f3ximos dias 11 e 12 de setembro, das 9h \u00e0s 12h e das 18h45 \u00e0s 21h45, no audit\u00f3rio G12 da Unicap.<\/p>\n<p style=\"text-align: justify;\">O semin\u00e1rio visa debater quest\u00f5es contempor\u00e2neas, pertinentes aos dilemas bio\u00e9ticos atuais, e sobre a judicializa\u00e7\u00e3o da sa\u00fade. Repercuss\u00f5es jur\u00eddico-sociais das regras de deontologia m\u00e9dica; Bio\u00e9tica e Direito; Responsabilidade M\u00e9dica; \u00c9tica M\u00e9dica; Judicializa\u00e7\u00e3o da sa\u00fade suplementar: excesso dos consumidores ou dos abusos das operadoras?; e Judicializa\u00e7\u00e3o da sa\u00fade p\u00fablica s\u00e3o os temas das palestras que acontecem nos dois dias do semin\u00e1rio. Al\u00e9m delas, debates, pain\u00e9is, lan\u00e7amento de obras e livros acontecer\u00e3o ao longo do evento.<\/p>\n<p style=\"text-align: justify;\">As inscri\u00e7\u00f5es s\u00e3o gratuitas e pelo site <a href=\"https:\/\/www.esape.com.br\/cursos\/ver\/dia-11-08-ii-jornada-de-direito-medico-e-da-saude-unicap\">www.esape.com.br<\/a>.<\/p>\n<p style=\"text-align: justify;\"><strong>PROGRAMA\u00c7\u00c3O:<\/strong><\/p>\n<p style=\"text-align: justify;\"><em>Dia 11 de setembro de 2018<\/em><\/p>\n<p style=\"text-align: justify;\">\n8h30min \u00e0s 8h45min &#8211; Credenciamento<\/p>\n<p style=\"text-align: justify;\">\n8h45min \u00e0s 9h \u2013 Abertura<\/p>\n<p style=\"text-align: justify;\">\nMesa de honra: CCJ e ESA\/CDS\/OAB-PE<\/p>\n<p style=\"text-align: justify;\">\n9h &#8211; Palestra: Repercuss\u00f5es jur\u00eddico-sociais das regras de deontologia m\u00e9dica<\/p>\n<p style=\"text-align: justify;\">\nPresidente da Mesa: Profa. Dra. Cynthia Suassuna, coordenadora do Curso de Direito da Unicap<\/p>\n<p style=\"text-align: justify;\">\nPalestrante: Prof. Dr. Paulo Luiz Neto Lobo, advogado, Doutor em Direito.<\/p>\n<p style=\"text-align: justify;\">\nDebates (9h40min \u00e0s 10h)<\/p>\n<p style=\"text-align: justify;\">\n10h \u00e0s 10h20min \u2013 Lan\u00e7amento das obras e sess\u00e3o de aut\u00f3grafos com o Prof. Paulo Lobo.<\/p>\n<p style=\"text-align: justify;\">\n10h20 \u00e0s 11h40min \u2013 Painel: Bio\u00e9tica e Direito<\/p>\n<p style=\"text-align: justify;\">\nPresidente da Mesa\/Mediador (5 min): Fab\u00edola Lobo<\/p>\n<p style=\"text-align: justify;\">\nDebatedor (15 min): Dr. Andr\u00e9 Dubeux. M\u00e9dico. Presidente do CREMEPE.<\/p>\n<p style=\"text-align: justify;\">\nPainelistas (20min cada)<\/p>\n<p style=\"text-align: justify;\">\nPainelista 1: Maria Rita Holanda<\/p>\n<p style=\"text-align: justify;\">\nPainelista 2: Catarina Oliveira<\/p>\n<p style=\"text-align: justify;\">\nPainelista 3: Luciana Brasileiro<\/p>\n<p style=\"text-align: justify;\">\nDebates (11h40min \u00e0s 12h)<\/p>\n<p style=\"text-align: justify;\">\nConsidera\u00e7\u00f5es finais do painel (12h \u00e0s 12h10min)<\/p>\n<p style=\"text-align: justify;\">\n18h45min \u00e0s 19h \u2013 Credenciamento e informes<\/p>\n<p style=\"text-align: justify;\">\n19h \u00e0s 20h \u2013 Lan\u00e7amentos de livros: exposi\u00e7\u00e3o e debates com os autores<\/p>\n<p style=\"text-align: justify;\">\n\u00e0 Autonomia, livre iniciativa e pol\u00edticas p\u00fablicas<\/p>\n<p style=\"text-align: justify;\">\n\u00e0 Direito M\u00e9dico e da Sa\u00fade<\/p>\n<p style=\"text-align: justify;\">\n\u00e0 Teoria Geral dos Contratos<\/p>\n<p style=\"text-align: justify;\">\n\u00e0 Pesquisando direito: revis\u00e3o de literatura e estudos emp\u00edricos<\/p>\n<p>20h \u00e0s 21h \u2013 Painel: Responsabilidade M\u00e9dica<\/p>\n<p style=\"text-align: justify;\">\nPresidente da Mesa\/Mediador (5 min): Profa. Maria Rita Holanda<\/p>\n<p style=\"text-align: justify;\">\nDebatedor (15 min): Joaquim Pessoa Guerra Filho, advogado, procurador do CREMEPE, membro da CDS e secret\u00e1rio da CDC da OAB\/PE<\/p>\n<p style=\"text-align: justify;\">\nPainelistas (20 min cada)<\/p>\n<p style=\"text-align: justify;\">\nPainelista 1: S\u00edlvio Neves Baptista, advogado, mestre em Direito PUC\/SP, professor da Unicap<\/p>\n<p style=\"text-align: justify;\">\nPainelista 2: Jos\u00e9 Di\u00f3genes C. de Souza Jr, advogado, vice-presidente da CDS da OAB\/PE<\/p>\n<p style=\"text-align: justify;\">\nDebates (21h \u00e0s 21h30min)<\/p>\n<p style=\"text-align: justify;\">\nConsidera\u00e7\u00f5es finais do painel (21h30min \u00e0s 21h40min)<\/p>\n<p style=\"text-align: justify;\">\n<em>Dia 12 de setembro de 2018<\/em><\/p>\n<p style=\"text-align: justify;\">\n8h45min \u00e0s 9h \u2013 Credenciamento e informes<\/p>\n<p style=\"text-align: justify;\">\n9h &#8211; Palestra: \u00c9tica m\u00e9dica<\/p>\n<p style=\"text-align: justify;\">\nPresidente da Mesa\/Debatedor: M\u00e1rio Lins, m\u00e9dico, presidente da CEHM.<\/p>\n<p style=\"text-align: justify;\">\nPalestrante: Dra. Helena Carneiro Le\u00e3o. M\u00e9dica. Conselheira do CREMEPE e Presidente da Escola Superior de \u00c9tica M\u00e9dica &#8211; ESEM.<\/p>\n<p style=\"text-align: justify;\">\nDebates (9h40min \u00e0s 10h)<\/p>\n<p style=\"text-align: justify;\">\n10h \u00e0s 11h20min \u2013 Painel: Judicializa\u00e7\u00e3o da Sa\u00fade Suplementar: Excessos dos consumidores ou dos abusos das operadoras?<\/p>\n<p style=\"text-align: justify;\">\nPresidente da Mesa\/Mediador (5 min): Prof. Vinicius Calado<\/p>\n<p style=\"text-align: justify;\">\nDebatedor (15min): R\u00f4mulo Falc\u00e3o, advogado, membro da CDS da OAB\/PE<\/p>\n<p style=\"text-align: justify;\">\nPainelista 1: Liliane Fonseca da Rocha, Promotora de Justi\u00e7a, Coordenadora do CAOP Consumidor do MPPE<\/p>\n<p style=\"text-align: justify;\">\nPainelista 2: Thiago Pessoa, advogado, membro da Comiss\u00e3o de Direito Securit\u00e1rio da OAB\/PE<\/p>\n<p style=\"text-align: justify;\">\nPainelista 3: Ren\u00ea Patriota, m\u00e9dica e advogada, coordenadora executiva da ADUSEPS<\/p>\n<p style=\"text-align: justify;\">\nDebates (11h20min \u00e0s 11h50min)<\/p>\n<p style=\"text-align: justify;\">\nConsidera\u00e7\u00f5es finais do painel (11h50min \u00e0s 12h)<\/p>\n<p style=\"text-align: justify;\">\n18h45min \u00e0s 19h \u2013 Credenciamento e informes<\/p>\n<p style=\"text-align: justify;\">\n19h \u00e0s 19h40min \u2013 Palestra: Dispensa\u00e7\u00e3o judicial de medicamentos OFF LABEL<\/p>\n<p style=\"text-align: justify;\">\nPresidente da Mesa\/Mediador (5 min): Dr. Saulo Fabiane<\/p>\n<p style=\"text-align: justify;\">\nPalestrante: Des. Jones Figueiredo, Diretor-geral da ESMAPE<\/p>\n<p style=\"text-align: justify;\">\nDebatedora: Ana Cl\u00e1udia Brand\u00e3o, ju\u00edza de Direito do TJPE<\/p>\n<p style=\"text-align: justify;\">\nDebates (19h40min \u00e0s 20h)<\/p>\n<p style=\"text-align: justify;\">\n20h \u00e0s 21h10min \u2013 Painel: Judicializa\u00e7\u00e3o da Sa\u00fade P\u00fablica<\/p>\n<p style=\"text-align: justify;\">\nPresidente da Mesa\/Mediador: Des. Evandro S\u00e9rgio Netto de Magalh\u00e3es Melo, Vice-Diretor da ESMAPE<\/p>\n<p style=\"text-align: justify;\">\nPainelistas (20min cada)<\/p>\n<p style=\"text-align: justify;\">\nPainelista 1: Helena Capela (Promotora da Justi\u00e7a\/MPPE)<\/p>\n<p style=\"text-align: justify;\">\nPainelista 2: Catarina S\u00e1 (Procuradora do Estado\/PGE)<\/p>\n<p style=\"text-align: justify;\">\nPainelista 3: Rodrigo Ara\u00fajo (Juiz Federal\/JFPE)<\/p>\n<p style=\"text-align: justify;\">\nDebates (21h10min \u00e0s 21h30min)<\/p>\n<p style=\"text-align: justify;\">\nEncerramento do evento (21h30min \u00e0s 21h40min) \u2013 Prof. Vinicius Calado e Profa. Maria Rita Holanda<\/p>\n<p style=\"text-align: justify;\">\n<p style=\"text-align: justify;\">Fonte: Assessoria de Comunica\u00e7\u00e3o da Escola Superior da Advocacia \u2013 ESA\/PE<\/p>\n","protected":false},"excerpt":{"rendered":"<p>A Comiss\u00e3o de Direito e Sa\u00fade \u2013 CDS da OAB\/PE, Escola Superior da Advocacia \u2013 ESA\/PE, Escola Judicial de Pernambuco \u2013 ESMAPE, Instituto Brasileiro do Direito de Fam\u00edlia \u2013 IBDFAM\/PE e a Universidade Cat\u00f3lica de Pernambuco (Unicap) v\u00e3o promover a II Jornada de Direito M\u00e9dico e da sa\u00fade. O encontro acontece nos pr\u00f3ximos dias 11 [&hellip;]<\/p>\n","protected":false},"author":1,"featured_media":48271,"comment_status":"open","ping_status":"open","sticky":false,"template":"","format":"standard","meta":{"ocean_post_layout":"","ocean_both_sidebars_style":"","ocean_both_sidebars_content_width":0,"ocean_both_sidebars_sidebars_width":0,"ocean_sidebar":"","ocean_second_sidebar":"","ocean_disable_margins":"enable","ocean_add_body_class":"","ocean_shortcode_before_top_bar":"","ocean_shortcode_after_top_bar":"","ocean_shortcode_before_header":"","ocean_shortcode_after_header":"","ocean_has_shortcode":"","ocean_shortcode_after_title":"","ocean_shortcode_before_footer_widgets":"","ocean_shortcode_after_footer_widgets":"","ocean_shortcode_before_footer_bottom":"","ocean_shortcode_after_footer_bottom":"","ocean_display_top_bar":"default","ocean_display_header":"default","ocean_header_style":"","ocean_center_header_left_menu":"","ocean_custom_header_template":"","ocean_custom_logo":0,"ocean_custom_retina_logo":0,"ocean_custom_logo_max_width":0,"ocean_custom_logo_tablet_max_width":0,"ocean_custom_logo_mobile_max_width":0,"ocean_custom_logo_max_height":0,"ocean_custom_logo_tablet_max_height":0,"ocean_custom_logo_mobile_max_height":0,"ocean_header_custom_menu":"","ocean_menu_typo_font_family":"","ocean_menu_typo_font_subset":"","ocean_menu_typo_font_size":0,"ocean_menu_typo_font_size_tablet":0,"ocean_menu_typo_font_size_mobile":0,"ocean_menu_typo_font_size_unit":"px","ocean_menu_typo_font_weight":"","ocean_menu_typo_font_weight_tablet":"","ocean_menu_typo_font_weight_mobile":"","ocean_menu_typo_transform":"","ocean_menu_typo_transform_tablet":"","ocean_menu_typo_transform_mobile":"","ocean_menu_typo_line_height":0,"ocean_menu_typo_line_height_tablet":0,"ocean_menu_typo_line_height_mobile":0,"ocean_menu_typo_line_height_unit":"","ocean_menu_typo_spacing":0,"ocean_menu_typo_spacing_tablet":0,"ocean_menu_typo_spacing_mobile":0,"ocean_menu_typo_spacing_unit":"","ocean_menu_link_color":"","ocean_menu_link_color_hover":"","ocean_menu_link_color_active":"","ocean_menu_link_background":"","ocean_menu_link_hover_background":"","ocean_menu_link_active_background":"","ocean_menu_social_links_bg":"","ocean_menu_social_hover_links_bg":"","ocean_menu_social_links_color":"","ocean_menu_social_hover_links_color":"","ocean_disable_title":"default","ocean_disable_heading":"default","ocean_post_title":"","ocean_post_subheading":"","ocean_post_title_style":"","ocean_post_title_background_color":"","ocean_post_title_background":0,"ocean_post_title_bg_image_position":"","ocean_post_title_bg_image_attachment":"","ocean_post_title_bg_image_repeat":"","ocean_post_title_bg_image_size":"","ocean_post_title_height":0,"ocean_post_title_bg_overlay":0.5,"ocean_post_title_bg_overlay_color":"","ocean_disable_breadcrumbs":"default","ocean_breadcrumbs_color":"","ocean_breadcrumbs_separator_color":"","ocean_breadcrumbs_links_color":"","ocean_breadcrumbs_links_hover_color":"","ocean_display_footer_widgets":"default","ocean_display_footer_bottom":"default","ocean_custom_footer_template":"","ocean_post_oembed":"","ocean_post_self_hosted_media":"","ocean_post_video_embed":"","ocean_link_format":"","ocean_link_format_target":"self","ocean_quote_format":"","ocean_quote_format_link":"post","ocean_gallery_link_images":"on","ocean_gallery_id":[]},"categories":[9],"tags":[1767,3157,3159,3156,2898,3158,824,1304],"acf":[],"_links":{"self":[{"href":"https:\/\/www.simepe.com.br\/novo\/wp-json\/wp\/v2\/posts\/48268"}],"collection":[{"href":"https:\/\/www.simepe.com.br\/novo\/wp-json\/wp\/v2\/posts"}],"about":[{"href":"https:\/\/www.simepe.com.br\/novo\/wp-json\/wp\/v2\/types\/post"}],"author":[{"embeddable":true,"href":"https:\/\/www.simepe.com.br\/novo\/wp-json\/wp\/v2\/users\/1"}],"replies":[{"embeddable":true,"href":"https:\/\/www.simepe.com.br\/novo\/wp-json\/wp\/v2\/comments?post=48268"}],"version-history":[{"count":5,"href":"https:\/\/www.simepe.com.br\/novo\/wp-json\/wp\/v2\/posts\/48268\/revisions"}],"predecessor-version":[{"id":48305,"href":"https:\/\/www.simepe.com.br\/novo\/wp-json\/wp\/v2\/posts\/48268\/revisions\/48305"}],"wp:featuredmedia":[{"embeddable":true,"href":"https:\/\/www.simepe.com.br\/novo\/wp-json\/wp\/v2\/media\/48271"}],"wp:attachment":[{"href":"https:\/\/www.simepe.com.br\/novo\/wp-json\/wp\/v2\/media?parent=48268"}],"wp:term":[{"taxonomy":"category","embeddable":true,"href":"https:\/\/www.simepe.com.br\/novo\/wp-json\/wp\/v2\/categories?post=48268"},{"taxonomy":"post_tag","embeddable":true,"href":"https:\/\/www.simepe.com.br\/novo\/wp-json\/wp\/v2\/tags?post=48268"}],"curies":[{"name":"wp","href":"https:\/\/api.w.org\/{rel}","templated":true}]}}