{"id":48275,"date":"2018-09-05T15:37:41","date_gmt":"2018-09-05T18:37:41","guid":{"rendered":"http:\/\/www.simepe.com.br\/novo\/?p=48275"},"modified":"2018-09-11T09:32:11","modified_gmt":"2018-09-11T12:32:11","slug":"simepe-e-prefeitura-de-caruaru-seguem-em-intensa-negociacao-por-melhorias","status":"publish","type":"post","link":"https:\/\/www.simepe.com.br\/novo\/simepe-e-prefeitura-de-caruaru-seguem-em-intensa-negociacao-por-melhorias\/","title":{"rendered":"Simepe e Prefeitura de Caruaru seguem em intensa negocia\u00e7\u00e3o por melhorias"},"content":{"rendered":"<p style=\"text-align: justify;\">A diretoria do Sindicato dos M\u00e9dicos de Pernambuco (Simepe) esteve reunida nesta ter\u00e7a-feira (04\/09) com representantes das secretarias de Sa\u00fade, Administra\u00e7\u00e3o, Controladoria e da Fazenda da cidade de Caruaru, no Agreste do Estado. O encontro foi realizado no Centro Administrativo do munic\u00edpio e teve o objetivo de discutir as melhorias pleiteadas pela categoria.<\/p>\n<p style=\"text-align: justify;\">Representada pelo presidente Tadeu Calheiros; pela vice-presidente Claudia Beatriz; pelo diretor executivo Walber Steffano; e pelo diretor da regional Caruaru, Paulo Maciel; a entidade m\u00e9dica apresentou mais uma vez as necessidades da categoria para a boa oferta de sa\u00fade no munic\u00edpio. Entre os pontos importantes discutidos est\u00e3o campanha salarial, concurso p\u00fablico, equipe de transfer\u00eancia, estruturas f\u00edsicas, dimensionamento adequado de profissionais nas escalas das unidades, entre outros temas.<\/p>\n<p style=\"text-align: justify;\">Ao final do encontro, o presidente do Simepe avaliou como importante a nova rodada de negocia\u00e7\u00e3o. \u201cSeguimos empenhados e alcan\u00e7ar as melhorias necess\u00e1rias para a categoria m\u00e9dica de Caruaru. Classifico essa reuni\u00e3o como fundamental para os rumos do movimento, houve apresenta\u00e7\u00e3o de proposta &#8211; que deve ser discutida novamente em AGE. O mais importante \u00e9 ver que a categoria est\u00e1 unida e firme no intuito de avan\u00e7ar\u201d, destaca.<\/p>\n<p style=\"text-align: justify;\">A nova AGE da categoria j\u00e1 est\u00e1 programada para o dia 18 de setembro. O encontro ser\u00e1 realizado \u00e0s 19h, na sede da Sociedade de Medicina de Caruaru.<\/p>\n","protected":false},"excerpt":{"rendered":"<p>A diretoria do Sindicato dos M\u00e9dicos de Pernambuco (Simepe) esteve reunida nesta ter\u00e7a-feira (04\/09) com representantes das secretarias de Sa\u00fade, Administra\u00e7\u00e3o, Controladoria e da Fazenda da cidade de Caruaru, no Agreste do Estado. O encontro foi realizado no Centro Administrativo do munic\u00edpio e teve o objetivo de discutir as melhorias pleiteadas pela categoria. Representada pelo [&hellip;]<\/p>\n","protected":false},"author":1,"featured_media":48276,"comment_status":"open","ping_status":"open","sticky":false,"template":"","format":"standard","meta":{"ocean_post_layout":"","ocean_both_sidebars_style":"","ocean_both_sidebars_content_width":0,"ocean_both_sidebars_sidebars_width":0,"ocean_sidebar":"","ocean_second_sidebar":"","ocean_disable_margins":"enable","ocean_add_body_class":"","ocean_shortcode_before_top_bar":"","ocean_shortcode_after_top_bar":"","ocean_shortcode_before_header":"","ocean_shortcode_after_header":"","ocean_has_shortcode":"","ocean_shortcode_after_title":"","ocean_shortcode_before_footer_widgets":"","ocean_shortcode_after_footer_widgets":"","ocean_shortcode_before_footer_bottom":"","ocean_shortcode_after_footer_bottom":"","ocean_display_top_bar":"default","ocean_display_header":"default","ocean_header_style":"","ocean_center_header_left_menu":"","ocean_custom_header_template":"","ocean_custom_logo":0,"ocean_custom_retina_logo":0,"ocean_custom_logo_max_width":0,"ocean_custom_logo_tablet_max_width":0,"ocean_custom_logo_mobile_max_width":0,"ocean_custom_logo_max_height":0,"ocean_custom_logo_tablet_max_height":0,"ocean_custom_logo_mobile_max_height":0,"ocean_header_custom_menu":"","ocean_menu_typo_font_family":"","ocean_menu_typo_font_subset":"","ocean_menu_typo_font_size":0,"ocean_menu_typo_font_size_tablet":0,"ocean_menu_typo_font_size_mobile":0,"ocean_menu_typo_font_size_unit":"px","ocean_menu_typo_font_weight":"","ocean_menu_typo_font_weight_tablet":"","ocean_menu_typo_font_weight_mobile":"","ocean_menu_typo_transform":"","ocean_menu_typo_transform_tablet":"","ocean_menu_typo_transform_mobile":"","ocean_menu_typo_line_height":0,"ocean_menu_typo_line_height_tablet":0,"ocean_menu_typo_line_height_mobile":0,"ocean_menu_typo_line_height_unit":"","ocean_menu_typo_spacing":0,"ocean_menu_typo_spacing_tablet":0,"ocean_menu_typo_spacing_mobile":0,"ocean_menu_typo_spacing_unit":"","ocean_menu_link_color":"","ocean_menu_link_color_hover":"","ocean_menu_link_color_active":"","ocean_menu_link_background":"","ocean_menu_link_hover_background":"","ocean_menu_link_active_background":"","ocean_menu_social_links_bg":"","ocean_menu_social_hover_links_bg":"","ocean_menu_social_links_color":"","ocean_menu_social_hover_links_color":"","ocean_disable_title":"default","ocean_disable_heading":"default","ocean_post_title":"","ocean_post_subheading":"","ocean_post_title_style":"","ocean_post_title_background_color":"","ocean_post_title_background":0,"ocean_post_title_bg_image_position":"","ocean_post_title_bg_image_attachment":"","ocean_post_title_bg_image_repeat":"","ocean_post_title_bg_image_size":"","ocean_post_title_height":0,"ocean_post_title_bg_overlay":0.5,"ocean_post_title_bg_overlay_color":"","ocean_disable_breadcrumbs":"default","ocean_breadcrumbs_color":"","ocean_breadcrumbs_separator_color":"","ocean_breadcrumbs_links_color":"","ocean_breadcrumbs_links_hover_color":"","ocean_display_footer_widgets":"default","ocean_display_footer_bottom":"default","ocean_custom_footer_template":"","ocean_post_oembed":"","ocean_post_self_hosted_media":"","ocean_post_video_embed":"","ocean_link_format":"","ocean_link_format_target":"self","ocean_quote_format":"","ocean_quote_format_link":"post","ocean_gallery_link_images":"on","ocean_gallery_id":[]},"categories":[1],"tags":[],"acf":[],"_links":{"self":[{"href":"https:\/\/www.simepe.com.br\/novo\/wp-json\/wp\/v2\/posts\/48275"}],"collection":[{"href":"https:\/\/www.simepe.com.br\/novo\/wp-json\/wp\/v2\/posts"}],"about":[{"href":"https:\/\/www.simepe.com.br\/novo\/wp-json\/wp\/v2\/types\/post"}],"author":[{"embeddable":true,"href":"https:\/\/www.simepe.com.br\/novo\/wp-json\/wp\/v2\/users\/1"}],"replies":[{"embeddable":true,"href":"https:\/\/www.simepe.com.br\/novo\/wp-json\/wp\/v2\/comments?post=48275"}],"version-history":[{"count":1,"href":"https:\/\/www.simepe.com.br\/novo\/wp-json\/wp\/v2\/posts\/48275\/revisions"}],"predecessor-version":[{"id":48277,"href":"https:\/\/www.simepe.com.br\/novo\/wp-json\/wp\/v2\/posts\/48275\/revisions\/48277"}],"wp:featuredmedia":[{"embeddable":true,"href":"https:\/\/www.simepe.com.br\/novo\/wp-json\/wp\/v2\/media\/48276"}],"wp:attachment":[{"href":"https:\/\/www.simepe.com.br\/novo\/wp-json\/wp\/v2\/media?parent=48275"}],"wp:term":[{"taxonomy":"category","embeddable":true,"href":"https:\/\/www.simepe.com.br\/novo\/wp-json\/wp\/v2\/categories?post=48275"},{"taxonomy":"post_tag","embeddable":true,"href":"https:\/\/www.simepe.com.br\/novo\/wp-json\/wp\/v2\/tags?post=48275"}],"curies":[{"name":"wp","href":"https:\/\/api.w.org\/{rel}","templated":true}]}}