{"id":48320,"date":"2018-09-10T10:03:05","date_gmt":"2018-09-10T13:03:05","guid":{"rendered":"http:\/\/www.simepe.com.br\/novo\/?p=48320"},"modified":"2018-09-10T10:03:05","modified_gmt":"2018-09-10T13:03:05","slug":"suicidio-pode-ser-prevenido-saiba-como-ajudar","status":"publish","type":"post","link":"https:\/\/www.simepe.com.br\/novo\/suicidio-pode-ser-prevenido-saiba-como-ajudar\/","title":{"rendered":"Suic\u00eddio pode ser prevenido. Saiba como ajudar"},"content":{"rendered":"<p style=\"text-align: justify;\">Estamos no m\u00eas de setembro e as campanhas de conscientiza\u00e7\u00e3o sobre preven\u00e7\u00e3o do suic\u00eddio se espalham pelo mundo. De acordo com a Organiza\u00e7\u00e3o Mundial da Sa\u00fade, cerca de 800 mil pessoas morrem por suic\u00eddio no mundo, anualmente. Conversamos sobre o tema com a antrop\u00f3loga e especialista em suic\u00eddio Livia Vitenti, que hoje \u00e9 professora visitante na universidade de Bras\u00edlia. Para ela, a preven\u00e7\u00e3o do suic\u00eddio come\u00e7a quando deixamos de lado o tabu e falamos sobre o problema. Conversar sem julgamentos e acolher quem est\u00e1 em sofrimento pode salvar vidas.<\/p>\n<p style=\"text-align: justify;\"><strong>O que significa a express\u00e3o \u201cpreven\u00e7\u00e3o do suic\u00eddio\u201d?<\/strong><br \/>\nPreven\u00e7\u00e3o do suic\u00eddio seria basicamente a gente conhecer alguns aspectos mais gerais do que algumas pessoas chamam de comportamento ou conduta. Outras pessoas v\u00e3o questionar as express\u00f5es, porque n\u00e3o \u00e9 um comportamento \u2013 que \u00e9 algo inato. \u00c9 uma a\u00e7\u00e3o de um indiv\u00edduo em rela\u00e7\u00e3o a um sofrimento ps\u00edquico, ou um transtorno mental. Mas tamb\u00e9m tem rela\u00e7\u00e3o com o sofrimento social ou ambiental. Na verdade, \u00e9 biopsicossocial. Como antrop\u00f3loga, tamb\u00e9m posso colocar aspectos culturais nesta quest\u00e3o do suic\u00eddio. Mas, principalmente, \u00e9 entender como as pessoas que est\u00e3o com o que chamamos de idea\u00e7\u00e3o suicida v\u00e3o se comportar em rela\u00e7\u00e3o a estes pensamentos que incluem a morte volunt\u00e1ria, auto infligida.<\/p>\n<p style=\"text-align: justify;\">Portanto, quando falamos em preven\u00e7\u00e3o, falamos de identificar estes sinais (que chamamos de sinais de alerta) e de como dar a devida aten\u00e7\u00e3o \u00e0 pessoa que pode estar em sofrimento. \u00c9 aquela frase: precisamos falar sobre. Precisamos falar sobre mas \u201ccomo\u201d e quando\u201d s\u00e3o dois pontos muito importantes para serem lembrados quando vamos fazer a preven\u00e7\u00e3o. E, principalmente, pensar que existe uma campanha, o SETEMBRO AMARELO, mas que o suic\u00eddio \u00e9 hoje uma causa de morte muito importante no mundo, e deve ser abordado durante o ano inteiro, n\u00e3o somente nos picos de crise.<\/p>\n<p style=\"text-align: justify;\"><strong>Que profissionais atuam no atendimento e na preven\u00e7\u00e3o do suic\u00eddio?<\/strong><br \/>\nO profissional de sa\u00fade, principalmente de sa\u00fade mental, vai ser o primeiro a ser acionado em casos de tentativas, o psiquiatra e o psic\u00f3logo; muitas vezes o assistente social tem uma participa\u00e7\u00e3o importante nestas a\u00e7\u00f5es de preven\u00e7\u00e3o. As urg\u00eancias e emerg\u00eancias dos grandes hospitais tamb\u00e9m s\u00e3o muito importantes. Todos estes profissionais devem estar atentos porque s\u00e3o os primeiros a prestar socorro. Os socorristas \u2013 bombeiro, pol\u00edcia, SAMU &#8211; tamb\u00e9m devem estar preparados para atender estas pessoas.<\/p>\n<p style=\"text-align: justify;\"><strong>Como familiares e amigos podem identificar sintomas de um poss\u00edvel suic\u00eddio?<\/strong><br \/>\nO que a gente tem mais medo \u00e9 de falar sobre isso. A maioria das pessoas n\u00e3o vai se sentir \u00e0 vontade par afalar. Primeiro conselho, seria, tente conversar. Voc\u00ea encarar o problema de frente \u00e9 o mais importante. N\u00e3o use nenhum tipo de subterf\u00fagio, do tipo \u201cah, mas voc\u00ea tem a vida boa, voc\u00ea \u00e9 muito jovem, t\u00e3o bonito, tem o futuro promissor\u201d. Isso n\u00e3o funciona para quem est\u00e1 com uma idea\u00e7\u00e3o muito forte. Quem tem uma ideia sobre suic\u00eddio muito forte, tem uma ideia fixa, uma vis\u00e3o de t\u00fanel. Essa pessoa n\u00e3o tem outa perspectiva. Ela n\u00e3o v\u00ea outra sa\u00edda. Ent\u00e3o, tentar colocar outras formas de ela entender e ver a vida dela naquele momento talvez seja completamente in\u00fatil. E n\u00e3o \u00e9 nem porque a pessoa n\u00e3o quer, ela est\u00e1 com uma ideia fixa mesmo. Falar sobre isso \u00e9, principalmente, ouvir a pessoa. O que voc\u00ea est\u00e1 sentindo? Por que voc\u00ea est\u00e1 sentindo isso? Chamamos isso de escuta qualificada. No momento que a pessoa fala, talvez ela consiga entender e simbolizar o que est\u00e1 sentindo, e talvez saia daquela vis\u00e3o de t\u00fanel.<\/p>\n<p style=\"text-align: justify;\">Este conselho \u00e9 para quem consegue falar. Mas a maioria das pessoas n\u00e3o consegue falar porque t\u00eam medo. \u00c9 um tabu muito grande na sociedade. \u00c9 preciso identificar que aquela pessoa est\u00e1 com um problema, que existe um sofrimento, e encaminhar para um local de atendimento competente para isso. Mas, principalmente, n\u00e3o fingir que \u00e9 algo simples, que vai passar, que n\u00e3o \u00e9 t\u00e3o grave.<\/p>\n<p style=\"text-align: justify;\"><strong>Quais os sinais de alerta para identificar algu\u00e9m que esteja precisando de ajuda?<\/strong><br \/>\n\u00c9 importante especificar os grupos de risco. Os sinais de alerta para depress\u00e3o, \u00e0s vezes, podem ser confundidos com os sinais de suic\u00eddio. Para os jovens, no \u00e2mbito do que chamamos de idea\u00e7\u00e3o prim\u00e1ria est\u00e1 o desleixo com o autocuidado; a pessoa n\u00e3o est\u00e1 interessada em se arrumar, cuidar da sa\u00fade, pode at\u00e9 chegar no extremo de falta de higiene e de apetite. O jovem que n\u00e3o quer participar de atividades em grupos, n\u00e3o quer ir para a escola ou para a faculdade; que fica muito tempo na internet, fechado em um quarto. A internet \u00e9 algo com o qual deve-se tomar muito cuidado em rela\u00e7\u00e3o aos jovens por causa de blogs e sites que incentivam as atitudes que queremos evitar. Mudan\u00e7as de humor muito repentinas \u00e9 um sinal de alerta que pode ser confundido com outas quest\u00f5es, mas \u00e9 bom ficar de olho. Ficar muito euf\u00f3rico ou muito triste de repente. Beber ou fumar mais do que j\u00e1 fazia, ou come\u00e7ar a fazer. O jovem come\u00e7a a beber muito, come\u00e7a a fumar cigarros ou usar outras drogas.<\/p>\n<p style=\"text-align: justify;\"><strong>Mas estes comportamentos s\u00e3o similares \u00e0 pr\u00f3pria adolesc\u00eancia. Como saber se os sinais s\u00e3o preocupantes ou n\u00e3o?<\/strong><br \/>\nPode-se tentar identificar, conversando mesmo com a escola, se este jovem est\u00e1 sofrendo algum tipo de bullying \u2013 porque sabemos que \u00e9 um fator de risco para suic\u00eddio. Tem tamb\u00e9m a automutila\u00e7\u00e3o. Que n\u00e3o \u00e9 necessariamente sinal de idea\u00e7\u00f5es suicidas, mas \u00e9 sinal de sofrimento. N\u00e3o existe um nexo causal entre se automutilar e cometer suic\u00eddio; pelo contr\u00e1rio, \u00e0s vezes a mutila\u00e7\u00e3o \u00e9 o escape para as ideias de morte, mas tamb\u00e9m identifica um sofrimento, alguma coisa que aquele jovem esteja tentando expressar e n\u00e3o esteja conseguindo.<\/p>\n<p style=\"text-align: justify;\"><strong>Ent\u00e3o, a identifica\u00e7\u00e3o da origem dos problemas \u00e9 fundamental para preven\u00e7\u00e3o do suic\u00eddio?<\/strong><br \/>\nIsso, ainda que o jovem n\u00e3o saiba qual \u00e9 essa origem. O sofrimento pode estar vindo de v\u00e1rios canais. Uma ansiedade porque n\u00e3o vai conseguir se formar no ensino m\u00e9dio, n\u00e3o vai conseguir passar no vestibular ou se formar na faculdade. Essas press\u00f5es externas contribuem para o sofrimento, mas o jovem n\u00e3o consegue reformular. Por isso a verbaliza\u00e7\u00e3o \u00e9 t\u00e3o importante. Quando a gente conversa com uma pessoa, \u00e0 medida que ela vai verbalizando ela pode identificar o problema que n\u00e3o conseguia identificar antes. O sofrimento pode estar sendo provocado por uma press\u00e3o para terminar o ensino m\u00e9dio, a faculdade, e a pessoa n\u00e3o consegue expressar. N\u00f3s tendemos a personalizar os problemas, e temos dificuldades de nos ver em rela\u00e7\u00e3o a institui\u00e7\u00e3o: o que cada lugar est\u00e1 cobrando de voc\u00ea. Ao falar sobre o assunto, fica mais f\u00e1cil identificar de onde est\u00e1 vindo o problema, o sofrimento. E fica mais f\u00e1cil super\u00e1-lo, de prefer\u00eancia com a ajuda de um profissional qualificado.<\/p>\n<p style=\"text-align: justify;\"><strong>E quanto aos adultos e idosos, existe uma diferen\u00e7a nos sinais?<\/strong><br \/>\nPrimeiro, vamos fazer uma diferen\u00e7a de g\u00eanero. Mulheres com mais de 70 anos est\u00e3o no grupo protegido para suic\u00eddios. S\u00e3o os homens com mais de 70 anos que representam o grupo de risco. A pr\u00f3pria depress\u00e3o se manifesta de forma diferente nestes homens. \u00c9 uma depress\u00e3o mais violenta contra si mesmo, e tem, de forma geral, momentos de rompante. De repente ele est\u00e1 num estado normal e, de repente, tem um pico de agressividade. E a\u00ed, este pico de agressividade pode ser contra o outro ou pode ser contra si mesmo. O idoso tamb\u00e9m pode apresentar a solid\u00e3o, uma apatia muito forte (que pode ser confundida com a depress\u00e3o), a forma de manifestar a idea\u00e7\u00e3o suicida para os idosos pode passar por frases como \u201cestou cansado de viver, j\u00e1 vivi muito\u201d. \u00c9 preciso pensar muita aten\u00e7\u00e3o nesse discurso quando se est\u00e1 lidando com idosos.<\/p>\n<p style=\"text-align: justify;\"><strong>Quais s\u00e3o os fatores de risco para o suic\u00eddio nos grupos de situa\u00e7\u00e3o econ\u00f4mica e social carentes?<\/strong><br \/>\nNa nossa sociedade, os fatores de risco s\u00e3o: perspectiva de vida, no sentindo de conseguir emprego. No jovem isso \u00e9 muito forte. Transtornos que s\u00e3o de ordem neurol\u00f3gica, como fibromialgia, Alzheimer, Esclerose M\u00faltipla. Homens est\u00e3o mais a risco do que mulheres, embora as mulheres tentem mais do que os homens, eles morrem mais; inclusive pela dificuldade que t\u00eam de procurar ajuda.<\/p>\n<p style=\"text-align: justify;\"><strong>Voc\u00ea disse que as mulheres tentam mais. O simples fato de tentar n\u00e3o faz das mulheres um grupo de risco maior?<\/strong><br \/>\nO sofrimento social entre homens e mulheres \u00e9 analisado de formas diferentes. Existem v\u00e1rias teorias sobre por que as mulheres tentam mais e morrem menos. Uma delas \u00e9 de que as mulheres s\u00e3o socializadas na nossa sociedade para ser a cuidadora. Ent\u00e3o, esse \u2018cuidar\u2019 estaria refletido na forma como ela tenta. Como se ela estivesse preocupada em quem e como v\u00e3o encontr\u00e1-la.<\/p>\n<p style=\"text-align: justify;\"><strong>O que mais \u00e9 importante de ser dito sobre a preven\u00e7\u00e3o do suic\u00eddio?<\/strong><br \/>\nO mais importante \u00e9 a quebra de tabus. Lembrar que \u00e9 um fen\u00f4meno muito complexo, multifatorial; a gente pode apresentar fatores de risco mas n\u00e3o existem determinantes para o suic\u00eddio. \u00c9, inclusive, perigoso falar sobre determinantes porque, se a pessoa que est\u00e1 em idea\u00e7\u00e3o se vincula a esses determinantes, pode estar em risco. Vamos ter classe social, dificuldades financeiras, depress\u00e3o ou outros transtornos como esquizofrenia \u2013 tudo isso est\u00e1 relacionado mas n\u00e3o s\u00e3o determinantes. \u00c9 importante falar sobre depress\u00e3o porque as pessoas fazem um nexo causal. A depress\u00e3o n\u00e3o \u00e9 um nexo causal de suic\u00eddio. Temos v\u00e1rias pessoas que tem depress\u00e3o e n\u00e3o pensam em suic\u00eddio, e v\u00e1rias pessoas que pensam em suic\u00eddio e n\u00e3o t\u00eam depress\u00e3o. Falar sobre suic\u00eddio \u00e9 importante para preven\u00e7\u00e3o, levando em considera\u00e7\u00e3o a n\u00e3o culpabiliza\u00e7\u00e3o; e lembrar que existe o individuo implicado, mas tamb\u00e9m existe uma sociedade, um ambiente que est\u00e1 no entorno dele e que podem contribuir inclusive para a preven\u00e7\u00e3o. Quando voc\u00ea faz uma escuta qualificada e d\u00e1 aten\u00e7\u00e3o ao problema da pessoa, voc\u00ea mostra a ela que ela n\u00e3o est\u00e1 sozinha. Sa\u00fade mental \u00e9 v\u00ednculo, \u00e9 acolhimento: eu te escuto e eu dou import\u00e2ncia ao que voc\u00ea est\u00e1 falando. N\u00e3o podemos ter medo de falar sobre isso de uma forma respons\u00e1vel.<\/p>\n<p style=\"text-align: justify;\">\n<p style=\"text-align: justify;\">Fonte: Blog da Sa\u00fade (Minist\u00e9rio da Sa\u00fade)<\/p>\n","protected":false},"excerpt":{"rendered":"<p>Estamos no m\u00eas de setembro e as campanhas de conscientiza\u00e7\u00e3o sobre preven\u00e7\u00e3o do suic\u00eddio se espalham pelo mundo. De acordo com a Organiza\u00e7\u00e3o Mundial da Sa\u00fade, cerca de 800 mil pessoas morrem por suic\u00eddio no mundo, anualmente. Conversamos sobre o tema com a antrop\u00f3loga e especialista em suic\u00eddio Livia Vitenti, que hoje \u00e9 professora visitante [&hellip;]<\/p>\n","protected":false},"author":1,"featured_media":48321,"comment_status":"open","ping_status":"open","sticky":false,"template":"","format":"standard","meta":{"ocean_post_layout":"","ocean_both_sidebars_style":"","ocean_both_sidebars_content_width":0,"ocean_both_sidebars_sidebars_width":0,"ocean_sidebar":"","ocean_second_sidebar":"","ocean_disable_margins":"enable","ocean_add_body_class":"","ocean_shortcode_before_top_bar":"","ocean_shortcode_after_top_bar":"","ocean_shortcode_before_header":"","ocean_shortcode_after_header":"","ocean_has_shortcode":"","ocean_shortcode_after_title":"","ocean_shortcode_before_footer_widgets":"","ocean_shortcode_after_footer_widgets":"","ocean_shortcode_before_footer_bottom":"","ocean_shortcode_after_footer_bottom":"","ocean_display_top_bar":"default","ocean_display_header":"default","ocean_header_style":"","ocean_center_header_left_menu":"","ocean_custom_header_template":"","ocean_custom_logo":0,"ocean_custom_retina_logo":0,"ocean_custom_logo_max_width":0,"ocean_custom_logo_tablet_max_width":0,"ocean_custom_logo_mobile_max_width":0,"ocean_custom_logo_max_height":0,"ocean_custom_logo_tablet_max_height":0,"ocean_custom_logo_mobile_max_height":0,"ocean_header_custom_menu":"","ocean_menu_typo_font_family":"","ocean_menu_typo_font_subset":"","ocean_menu_typo_font_size":0,"ocean_menu_typo_font_size_tablet":0,"ocean_menu_typo_font_size_mobile":0,"ocean_menu_typo_font_size_unit":"px","ocean_menu_typo_font_weight":"","ocean_menu_typo_font_weight_tablet":"","ocean_menu_typo_font_weight_mobile":"","ocean_menu_typo_transform":"","ocean_menu_typo_transform_tablet":"","ocean_menu_typo_transform_mobile":"","ocean_menu_typo_line_height":0,"ocean_menu_typo_line_height_tablet":0,"ocean_menu_typo_line_height_mobile":0,"ocean_menu_typo_line_height_unit":"","ocean_menu_typo_spacing":0,"ocean_menu_typo_spacing_tablet":0,"ocean_menu_typo_spacing_mobile":0,"ocean_menu_typo_spacing_unit":"","ocean_menu_link_color":"","ocean_menu_link_color_hover":"","ocean_menu_link_color_active":"","ocean_menu_link_background":"","ocean_menu_link_hover_background":"","ocean_menu_link_active_background":"","ocean_menu_social_links_bg":"","ocean_menu_social_hover_links_bg":"","ocean_menu_social_links_color":"","ocean_menu_social_hover_links_color":"","ocean_disable_title":"default","ocean_disable_heading":"default","ocean_post_title":"","ocean_post_subheading":"","ocean_post_title_style":"","ocean_post_title_background_color":"","ocean_post_title_background":0,"ocean_post_title_bg_image_position":"","ocean_post_title_bg_image_attachment":"","ocean_post_title_bg_image_repeat":"","ocean_post_title_bg_image_size":"","ocean_post_title_height":0,"ocean_post_title_bg_overlay":0.5,"ocean_post_title_bg_overlay_color":"","ocean_disable_breadcrumbs":"default","ocean_breadcrumbs_color":"","ocean_breadcrumbs_separator_color":"","ocean_breadcrumbs_links_color":"","ocean_breadcrumbs_links_hover_color":"","ocean_display_footer_widgets":"default","ocean_display_footer_bottom":"default","ocean_custom_footer_template":"","ocean_post_oembed":"","ocean_post_self_hosted_media":"","ocean_post_video_embed":"","ocean_link_format":"","ocean_link_format_target":"self","ocean_quote_format":"","ocean_quote_format_link":"post","ocean_gallery_link_images":"on","ocean_gallery_id":[]},"categories":[1],"tags":[426,82,1935],"acf":[],"_links":{"self":[{"href":"https:\/\/www.simepe.com.br\/novo\/wp-json\/wp\/v2\/posts\/48320"}],"collection":[{"href":"https:\/\/www.simepe.com.br\/novo\/wp-json\/wp\/v2\/posts"}],"about":[{"href":"https:\/\/www.simepe.com.br\/novo\/wp-json\/wp\/v2\/types\/post"}],"author":[{"embeddable":true,"href":"https:\/\/www.simepe.com.br\/novo\/wp-json\/wp\/v2\/users\/1"}],"replies":[{"embeddable":true,"href":"https:\/\/www.simepe.com.br\/novo\/wp-json\/wp\/v2\/comments?post=48320"}],"version-history":[{"count":1,"href":"https:\/\/www.simepe.com.br\/novo\/wp-json\/wp\/v2\/posts\/48320\/revisions"}],"predecessor-version":[{"id":48322,"href":"https:\/\/www.simepe.com.br\/novo\/wp-json\/wp\/v2\/posts\/48320\/revisions\/48322"}],"wp:featuredmedia":[{"embeddable":true,"href":"https:\/\/www.simepe.com.br\/novo\/wp-json\/wp\/v2\/media\/48321"}],"wp:attachment":[{"href":"https:\/\/www.simepe.com.br\/novo\/wp-json\/wp\/v2\/media?parent=48320"}],"wp:term":[{"taxonomy":"category","embeddable":true,"href":"https:\/\/www.simepe.com.br\/novo\/wp-json\/wp\/v2\/categories?post=48320"},{"taxonomy":"post_tag","embeddable":true,"href":"https:\/\/www.simepe.com.br\/novo\/wp-json\/wp\/v2\/tags?post=48320"}],"curies":[{"name":"wp","href":"https:\/\/api.w.org\/{rel}","templated":true}]}}