{"id":48342,"date":"2018-09-10T17:15:58","date_gmt":"2018-09-10T20:15:58","guid":{"rendered":"http:\/\/www.simepe.com.br\/novo\/?p=48342"},"modified":"2018-09-10T17:15:58","modified_gmt":"2018-09-10T20:15:58","slug":"setembro-amarelo-adoecimento-da-categoria-medica-precisa-estar-em-pauta","status":"publish","type":"post","link":"https:\/\/www.simepe.com.br\/novo\/setembro-amarelo-adoecimento-da-categoria-medica-precisa-estar-em-pauta\/","title":{"rendered":"Setembro Amarelo: adoecimento da categoria m\u00e9dica precisa estar em pauta"},"content":{"rendered":"<p style=\"text-align: justify;\">Cargas hor\u00e1rias exaustivas, ambientes de trabalho in\u00f3spitos, e por muitas vezes inseguros, al\u00e9m da press\u00e3o de ser respons\u00e1vel por dezenas de vidas que passam por seus cuidados diariamente. \u00c9 essa rotina desgastante a qual muitos m\u00e9dicos est\u00e3o submetidos hoje no Brasil, em especial do servi\u00e7o p\u00fablico do SUS. Tal esgotamento vem trazendo preju\u00edzos relevantes \u00e0 sa\u00fade daqueles que, justamente, s\u00e3o respons\u00e1veis por cuidar de vidas. N\u00e3o \u00e9 mais novidade que o n\u00famero de casos de depress\u00e3o e suic\u00eddio vem crescendo no universo de profissionais da medicina e \u00e9 por isso que o Sindicato dos M\u00e9dicos de Pernambuco levanta a discuss\u00e3o sobre a realidade m\u00e9dica neste Setembro Amarelo. O tema tamb\u00e9m ser\u00e1 destaque na pr\u00f3xima edi\u00e7\u00e3o da Revista Simepe.<\/p>\n<p style=\"text-align: justify;\">Para trazer mais informa\u00e7\u00f5es sobre o assunto, a assessoria de comunica\u00e7\u00e3o da entidade conversou com o psiquiatra Leonardo Machado, diretor da Sociedade Pernambucana de Psiquiatria (SPP), mestre e doutor em neuropsiquiatria e ci\u00eancias do comportamento, e professor de psiquiatria e psicologia m\u00e9dica da Universidade Federal de Pernambuco (UFPE). Ele destaca que algumas enfermidades est\u00e3o crescendo em meios aos m\u00e9dicos, como por exemplo, a S\u00edndrome de Burnout, ou do esgotamento profissional, consiste no estado de esgotamento f\u00edsico e mental, despersonaliza\u00e7\u00e3o (uma esp\u00e9cie de distanciamento emocional ou alheamento) e exaust\u00e3o emocional que surge devido ao ac\u00famulo de estresse no trabalho.<\/p>\n<p style=\"text-align: justify;\">Al\u00e9m disso, Leonardo destaca algo comum, infelizmente, na rotina dos m\u00e9dicos brasileiros, que \u00e9 o estresse p\u00f3s-traum\u00e1tico dentro do ambiente de trabalho ocasionado por incidentes como assaltos, agress\u00f5es f\u00edsicas e verbais. Para se ter uma ideia desse problema, somente em 2017, foi contabilizado pelo Simepe o n\u00famero de 10 ocorr\u00eancias sobre esses \u00b4problemas nas unidades de trabalho do Recife. Em muitos casos, esse estresse pode at\u00e9 levar \u00e0 incapacitar profissionais por conta dos transtornos mentais adquiridos.<\/p>\n<p style=\"text-align: justify;\">Outro ponto que precisa ser bastante discutido, e de forma permanente, \u00e9 a respeito do j\u00e1 se chama do mal do s\u00e9culo: a depress\u00e3o. Em 2017 a Organiza\u00e7\u00e3o Mundial da Sa\u00fade (OMS) tomou como tema de campanha para a celebra\u00e7\u00e3o do dia mundial da sa\u00fade, uma doen\u00e7a que, de acordo com dados da pr\u00f3pria Organiza\u00e7\u00e3o, afeta 322 milh\u00f5es de pessoas no mundo. Para se ter uma ideia da gravidade do problema, um estudo conduzido pela American Foundation for Suicide Prevention \u00ae, em 2008, descobriu que o \u00edndice de suic\u00eddios entre m\u00e9dicos \u00e9 70% maior que na popula\u00e7\u00e3o em geral. Entre m\u00e9dicas, 400% maior. &#8220;M\u00e9dicos tendem a aderir bastante \u00e0 pr\u00f3pria profiss\u00e3o. Por um lado isso \u00e9 positivo. Por outro, a profiss\u00e3o \u00e9 apenas uma faceta desse indiv\u00edduo que &#8220;est\u00e1&#8221; m\u00e9dico. Quando todas as energias s\u00e3o voltadas para um \u00fanico foco, corre-se o risco de perder a sensa\u00e7\u00e3o de pertencimento e de sentido de vida quando esse foco n\u00e3o vai bem (nas crises naturais que toda carreira pessoal e coletiva enfrenta diante da vida) ou n\u00e3o pode ser exercido (por exemplo, em situa\u00e7\u00f5es de doen\u00e7a e\/ou de aposentadoria). A perda de sensa\u00e7\u00e3o de pertencimento e de sentido de vida est\u00e3o associados ao comportamento suicida. Al\u00e9m disso, ter facilmente acesso aos meios (quer seja pela apropria\u00e7\u00e3o dos recursos intelectuais sobre o corpo humano, quer seja por ter acesso ao &#8220;instrumental&#8221;) tamb\u00e9m \u00e9 uma porta de risco. N\u00e3o ficam enumeradas todas as rela\u00e7\u00f5es deste complexo campo, mas levantados alguns pontos que julgamos importante&#8221;, explica Leonardo Machado.<\/p>\n<p style=\"text-align: justify;\">N\u00e3o obstante a isso, \u00e9 preciso destacar tamb\u00e9m que h\u00e1 um conceito ultrapassado, mas que ainda se aplica por muitos, da &#8220;imunidade m\u00e9dica&#8221; \u2013 que faz com que os profissionais achem que precisam estar imunes a qualquer tipo de enfermidade, precisando estar sempre bem para cuidar dos seus pacientes, mas estando mal em rela\u00e7\u00e3o ao pr\u00f3prio bem-estar.<\/p>\n<p style=\"text-align: justify;\">&#8220;A pr\u00e1tica m\u00e9dica est\u00e1 associada a v\u00e1rios desafios: press\u00e3o; o contato com a dor; o contato com a sensa\u00e7\u00e3o de impot\u00eancia; o lidar diariamente com a morte e o morrer; com a sexualidade de uma maneira n\u00e3o erotizada. Esses parecem ser alguns dos fatores que colocam essa classe profissional com alguns riscos adicionais de quadros depressivos. Lidar com a frustra\u00e7\u00e3o quando ele ambicionava conviver com o poder de curar. Por fim, h\u00e1 que se anotar os altos n\u00edveis de auto-cobran\u00e7a muitas vezes encontrados nesses profissionais. Se por um lado isso o leva a um esmero profissional, por outro o pode levar a constantes sentimentos de culpa, se n\u00e3o for dosada&#8221;, opina o diretor da SPP.<\/p>\n<p style=\"text-align: justify;\"><strong>&gt;&gt; Tratamento<\/strong><br \/>\n&#8220;A procura por ajuda psiqui\u00e1trica t\u00eam aumentado na sociedade em geral. Parece-nos que os estigmas em rela\u00e7\u00e3o a essas condi\u00e7\u00f5es cl\u00ednicas t\u00eam diminuindo paulatinamente&#8221;, explica Leonardo Machado. Entre os tratamentos que podem ajudar a superar esses transtornos, evitando problemas maiores, est\u00e1 a psicoterapia, realizada por psic\u00f3logos ou por psiquiatras. Em muitos casos, tamb\u00e9m \u00e9 necess\u00e1rio o uso de medicamentos.<\/p>\n<p style=\"text-align: justify;\">Al\u00e9m disso, entre outros tratamentos, na atualidade, h\u00e1 tamb\u00e9m a op\u00e7\u00e3o por estimula\u00e7\u00e3o magn\u00e9tica transcraniana que vem demonstrando crescente evid\u00eancia de efic\u00e1cia no tratamento da depress\u00e3o.<\/p>\n<p style=\"text-align: justify;\">O Simepe refor\u00e7a seu compromisso com a categoria m\u00e9dica, a qual representa com muito orgulho, e destaca a import\u00e2ncia de campanhas como o Setembro Amarelo. A sa\u00fade de todos voc\u00eas \u00e9 um bem inestim\u00e1vel para nossa entidade.<\/p>\n<p style=\"text-align: justify;\"><strong>&gt;&gt; Setembro Amarelo<\/strong><br \/>\nO Setembro Amarelo \u00e9 o m\u00eas voltado para campanhas que visam alertar, prevenir e combater o suic\u00eddio por meio da discuss\u00e3o em sociedade. O Dia Mundial de Preven\u00e7\u00e3o ao Suic\u00eddio \u00e9 comemorado nesta segunda-feira (10) e est\u00e3o sendo programados debates, palestras, capacita\u00e7\u00e3o de profissionais de sa\u00fade e outros eventos em toda a capital pernambucana. Esse grave problema de sa\u00fade p\u00fablica \u00e9 marcado por um suic\u00eddio no mundo a cada 40 segundos, de acordo com a Organiza\u00e7\u00e3o Mundial da Sa\u00fade (OMS) e Organiza\u00e7\u00e3o Pan-Americana da Sa\u00fade (OPAS).<\/p>\n<p style=\"text-align: justify;\">*<em>A reportagem completa ser\u00e1 um dos destaques da pr\u00f3pria edi\u00e7\u00e3o da Revista Simepe, que ser\u00e1 entregue a todos os m\u00e9dicos associados ao Sindicat<\/em>o.<\/p>\n","protected":false},"excerpt":{"rendered":"<p>Cargas hor\u00e1rias exaustivas, ambientes de trabalho in\u00f3spitos, e por muitas vezes inseguros, al\u00e9m da press\u00e3o de ser respons\u00e1vel por dezenas de vidas que passam por seus cuidados diariamente. \u00c9 essa rotina desgastante a qual muitos m\u00e9dicos est\u00e3o submetidos hoje no Brasil, em especial do servi\u00e7o p\u00fablico do SUS. Tal esgotamento vem trazendo preju\u00edzos relevantes \u00e0 [&hellip;]<\/p>\n","protected":false},"author":1,"featured_media":48343,"comment_status":"open","ping_status":"open","sticky":false,"template":"","format":"standard","meta":{"ocean_post_layout":"","ocean_both_sidebars_style":"","ocean_both_sidebars_content_width":0,"ocean_both_sidebars_sidebars_width":0,"ocean_sidebar":"","ocean_second_sidebar":"","ocean_disable_margins":"enable","ocean_add_body_class":"","ocean_shortcode_before_top_bar":"","ocean_shortcode_after_top_bar":"","ocean_shortcode_before_header":"","ocean_shortcode_after_header":"","ocean_has_shortcode":"","ocean_shortcode_after_title":"","ocean_shortcode_before_footer_widgets":"","ocean_shortcode_after_footer_widgets":"","ocean_shortcode_before_footer_bottom":"","ocean_shortcode_after_footer_bottom":"","ocean_display_top_bar":"default","ocean_display_header":"default","ocean_header_style":"","ocean_center_header_left_menu":"","ocean_custom_header_template":"","ocean_custom_logo":0,"ocean_custom_retina_logo":0,"ocean_custom_logo_max_width":0,"ocean_custom_logo_tablet_max_width":0,"ocean_custom_logo_mobile_max_width":0,"ocean_custom_logo_max_height":0,"ocean_custom_logo_tablet_max_height":0,"ocean_custom_logo_mobile_max_height":0,"ocean_header_custom_menu":"","ocean_menu_typo_font_family":"","ocean_menu_typo_font_subset":"","ocean_menu_typo_font_size":0,"ocean_menu_typo_font_size_tablet":0,"ocean_menu_typo_font_size_mobile":0,"ocean_menu_typo_font_size_unit":"px","ocean_menu_typo_font_weight":"","ocean_menu_typo_font_weight_tablet":"","ocean_menu_typo_font_weight_mobile":"","ocean_menu_typo_transform":"","ocean_menu_typo_transform_tablet":"","ocean_menu_typo_transform_mobile":"","ocean_menu_typo_line_height":0,"ocean_menu_typo_line_height_tablet":0,"ocean_menu_typo_line_height_mobile":0,"ocean_menu_typo_line_height_unit":"","ocean_menu_typo_spacing":0,"ocean_menu_typo_spacing_tablet":0,"ocean_menu_typo_spacing_mobile":0,"ocean_menu_typo_spacing_unit":"","ocean_menu_link_color":"","ocean_menu_link_color_hover":"","ocean_menu_link_color_active":"","ocean_menu_link_background":"","ocean_menu_link_hover_background":"","ocean_menu_link_active_background":"","ocean_menu_social_links_bg":"","ocean_menu_social_hover_links_bg":"","ocean_menu_social_links_color":"","ocean_menu_social_hover_links_color":"","ocean_disable_title":"default","ocean_disable_heading":"default","ocean_post_title":"","ocean_post_subheading":"","ocean_post_title_style":"","ocean_post_title_background_color":"","ocean_post_title_background":0,"ocean_post_title_bg_image_position":"","ocean_post_title_bg_image_attachment":"","ocean_post_title_bg_image_repeat":"","ocean_post_title_bg_image_size":"","ocean_post_title_height":0,"ocean_post_title_bg_overlay":0.5,"ocean_post_title_bg_overlay_color":"","ocean_disable_breadcrumbs":"default","ocean_breadcrumbs_color":"","ocean_breadcrumbs_separator_color":"","ocean_breadcrumbs_links_color":"","ocean_breadcrumbs_links_hover_color":"","ocean_display_footer_widgets":"default","ocean_display_footer_bottom":"default","ocean_custom_footer_template":"","ocean_post_oembed":"","ocean_post_self_hosted_media":"","ocean_post_video_embed":"","ocean_link_format":"","ocean_link_format_target":"self","ocean_quote_format":"","ocean_quote_format_link":"post","ocean_gallery_link_images":"on","ocean_gallery_id":[]},"categories":[1796],"tags":[],"acf":[],"_links":{"self":[{"href":"https:\/\/www.simepe.com.br\/novo\/wp-json\/wp\/v2\/posts\/48342"}],"collection":[{"href":"https:\/\/www.simepe.com.br\/novo\/wp-json\/wp\/v2\/posts"}],"about":[{"href":"https:\/\/www.simepe.com.br\/novo\/wp-json\/wp\/v2\/types\/post"}],"author":[{"embeddable":true,"href":"https:\/\/www.simepe.com.br\/novo\/wp-json\/wp\/v2\/users\/1"}],"replies":[{"embeddable":true,"href":"https:\/\/www.simepe.com.br\/novo\/wp-json\/wp\/v2\/comments?post=48342"}],"version-history":[{"count":1,"href":"https:\/\/www.simepe.com.br\/novo\/wp-json\/wp\/v2\/posts\/48342\/revisions"}],"predecessor-version":[{"id":48344,"href":"https:\/\/www.simepe.com.br\/novo\/wp-json\/wp\/v2\/posts\/48342\/revisions\/48344"}],"wp:featuredmedia":[{"embeddable":true,"href":"https:\/\/www.simepe.com.br\/novo\/wp-json\/wp\/v2\/media\/48343"}],"wp:attachment":[{"href":"https:\/\/www.simepe.com.br\/novo\/wp-json\/wp\/v2\/media?parent=48342"}],"wp:term":[{"taxonomy":"category","embeddable":true,"href":"https:\/\/www.simepe.com.br\/novo\/wp-json\/wp\/v2\/categories?post=48342"},{"taxonomy":"post_tag","embeddable":true,"href":"https:\/\/www.simepe.com.br\/novo\/wp-json\/wp\/v2\/tags?post=48342"}],"curies":[{"name":"wp","href":"https:\/\/api.w.org\/{rel}","templated":true}]}}