{"id":48384,"date":"2018-09-12T11:38:26","date_gmt":"2018-09-12T14:38:26","guid":{"rendered":"http:\/\/www.simepe.com.br\/novo\/?p=48384"},"modified":"2018-09-12T11:38:26","modified_gmt":"2018-09-12T14:38:26","slug":"desnutricao-volta-a-crescer-no-mundo-diz-onu","status":"publish","type":"post","link":"https:\/\/www.simepe.com.br\/novo\/desnutricao-volta-a-crescer-no-mundo-diz-onu\/","title":{"rendered":"Desnutri\u00e7\u00e3o volta a crescer no mundo, diz ONU"},"content":{"rendered":"<p style=\"text-align: justify;\">Uma das regi\u00f5es mais afetadas pela nova realidade \u00e9 a Am\u00e9rica do Sul; No Brasil, o combate contra a desnutri\u00e7\u00e3o se estagnou desde 2010<\/p>\n<p style=\"text-align: justify;\">Depois de uma d\u00e9cada de avan\u00e7os no combate \u00e0 fome, a desnutri\u00e7\u00e3o voltou a aumentar no mundo, principalmente na Am\u00e9rica do Sul e na \u00c1frica, informou a Organiza\u00e7\u00e3o das Na\u00e7\u00f5es Unidas para Alimenta\u00e7\u00e3o e Agricultura (FAO). Os dados divulgados nesta ter\u00e7a-feira (11) pela ONU revelam que, em 2017, 821 milh\u00f5es de pessoas eram consideradas como desnutridas. No Brasil, o combate contra a desnutri\u00e7\u00e3o se estagnou desde 2010.<\/p>\n<p style=\"text-align: justify;\">Em um ano, o n\u00famero saltou de 804 milh\u00f5es para 821 milh\u00f5es, subindo de 10,6% da popula\u00e7\u00e3o mundial para 10,9%. Isso representa uma em cada nove pessoas. Apesar da alta, a taxa de 2017 \u00e9 ainda inferior \u00e0 que se registrava no planeta em 2005, quando 14,5% da popula\u00e7\u00e3o era considerada como desnutrida.<\/p>\n<p style=\"text-align: justify;\">Uma das regi\u00f5es mais afetadas pela nova realidade \u00e9 a Am\u00e9rica do Sul. De acordo com a FAO, 4,7% da popula\u00e7\u00e3o da regi\u00e3o era considerada como desnutrida em 2014. Hoje, a taxa \u00e9 de 5%.<\/p>\n<p style=\"text-align: justify;\">No total, a popula\u00e7\u00e3o com fome passou de 19,3 milh\u00f5es de sul-americanos para 21,4 milh\u00f5es em 2017. A taxa, por\u00e9m, \u00e9 inferior aos 29 milh\u00f5es de famintos em 2005 na regi\u00e3o.<\/p>\n<p style=\"text-align: justify;\">Se considerado o crit\u00e9rio de inseguran\u00e7a alimentar severo, a Am\u00e9rica do Sul passou de uma taxa de 4,7% da popula\u00e7\u00e3o em 2015 para 8,7% em 2017. O salto foi de 19,4 milh\u00f5es de pessoas para 36,7 milh\u00f5es. Qualifica-se de inseguran\u00e7a alimentar severa uma pessoa que passa um dia todo sem se alimentar ou fam\u00edlias que t\u00eam seus estoques esgotados.<\/p>\n<p style=\"text-align: justify;\">\n<p style=\"text-align: justify;\">Fonte: Diario de Pernambuco<\/p>\n","protected":false},"excerpt":{"rendered":"<p>Uma das regi\u00f5es mais afetadas pela nova realidade \u00e9 a Am\u00e9rica do Sul; No Brasil, o combate contra a desnutri\u00e7\u00e3o se estagnou desde 2010 Depois de uma d\u00e9cada de avan\u00e7os no combate \u00e0 fome, a desnutri\u00e7\u00e3o voltou a aumentar no mundo, principalmente na Am\u00e9rica do Sul e na \u00c1frica, informou a Organiza\u00e7\u00e3o das Na\u00e7\u00f5es Unidas [&hellip;]<\/p>\n","protected":false},"author":1,"featured_media":48385,"comment_status":"open","ping_status":"open","sticky":false,"template":"","format":"standard","meta":{"ocean_post_layout":"","ocean_both_sidebars_style":"","ocean_both_sidebars_content_width":0,"ocean_both_sidebars_sidebars_width":0,"ocean_sidebar":"","ocean_second_sidebar":"","ocean_disable_margins":"enable","ocean_add_body_class":"","ocean_shortcode_before_top_bar":"","ocean_shortcode_after_top_bar":"","ocean_shortcode_before_header":"","ocean_shortcode_after_header":"","ocean_has_shortcode":"","ocean_shortcode_after_title":"","ocean_shortcode_before_footer_widgets":"","ocean_shortcode_after_footer_widgets":"","ocean_shortcode_before_footer_bottom":"","ocean_shortcode_after_footer_bottom":"","ocean_display_top_bar":"default","ocean_display_header":"default","ocean_header_style":"","ocean_center_header_left_menu":"","ocean_custom_header_template":"","ocean_custom_logo":0,"ocean_custom_retina_logo":0,"ocean_custom_logo_max_width":0,"ocean_custom_logo_tablet_max_width":0,"ocean_custom_logo_mobile_max_width":0,"ocean_custom_logo_max_height":0,"ocean_custom_logo_tablet_max_height":0,"ocean_custom_logo_mobile_max_height":0,"ocean_header_custom_menu":"","ocean_menu_typo_font_family":"","ocean_menu_typo_font_subset":"","ocean_menu_typo_font_size":0,"ocean_menu_typo_font_size_tablet":0,"ocean_menu_typo_font_size_mobile":0,"ocean_menu_typo_font_size_unit":"px","ocean_menu_typo_font_weight":"","ocean_menu_typo_font_weight_tablet":"","ocean_menu_typo_font_weight_mobile":"","ocean_menu_typo_transform":"","ocean_menu_typo_transform_tablet":"","ocean_menu_typo_transform_mobile":"","ocean_menu_typo_line_height":0,"ocean_menu_typo_line_height_tablet":0,"ocean_menu_typo_line_height_mobile":0,"ocean_menu_typo_line_height_unit":"","ocean_menu_typo_spacing":0,"ocean_menu_typo_spacing_tablet":0,"ocean_menu_typo_spacing_mobile":0,"ocean_menu_typo_spacing_unit":"","ocean_menu_link_color":"","ocean_menu_link_color_hover":"","ocean_menu_link_color_active":"","ocean_menu_link_background":"","ocean_menu_link_hover_background":"","ocean_menu_link_active_background":"","ocean_menu_social_links_bg":"","ocean_menu_social_hover_links_bg":"","ocean_menu_social_links_color":"","ocean_menu_social_hover_links_color":"","ocean_disable_title":"default","ocean_disable_heading":"default","ocean_post_title":"","ocean_post_subheading":"","ocean_post_title_style":"","ocean_post_title_background_color":"","ocean_post_title_background":0,"ocean_post_title_bg_image_position":"","ocean_post_title_bg_image_attachment":"","ocean_post_title_bg_image_repeat":"","ocean_post_title_bg_image_size":"","ocean_post_title_height":0,"ocean_post_title_bg_overlay":0.5,"ocean_post_title_bg_overlay_color":"","ocean_disable_breadcrumbs":"default","ocean_breadcrumbs_color":"","ocean_breadcrumbs_separator_color":"","ocean_breadcrumbs_links_color":"","ocean_breadcrumbs_links_hover_color":"","ocean_display_footer_widgets":"default","ocean_display_footer_bottom":"default","ocean_custom_footer_template":"","ocean_post_oembed":"","ocean_post_self_hosted_media":"","ocean_post_video_embed":"","ocean_link_format":"","ocean_link_format_target":"self","ocean_quote_format":"","ocean_quote_format_link":"post","ocean_gallery_link_images":"on","ocean_gallery_id":[]},"categories":[1],"tags":[1677,1538,82],"acf":[],"_links":{"self":[{"href":"https:\/\/www.simepe.com.br\/novo\/wp-json\/wp\/v2\/posts\/48384"}],"collection":[{"href":"https:\/\/www.simepe.com.br\/novo\/wp-json\/wp\/v2\/posts"}],"about":[{"href":"https:\/\/www.simepe.com.br\/novo\/wp-json\/wp\/v2\/types\/post"}],"author":[{"embeddable":true,"href":"https:\/\/www.simepe.com.br\/novo\/wp-json\/wp\/v2\/users\/1"}],"replies":[{"embeddable":true,"href":"https:\/\/www.simepe.com.br\/novo\/wp-json\/wp\/v2\/comments?post=48384"}],"version-history":[{"count":1,"href":"https:\/\/www.simepe.com.br\/novo\/wp-json\/wp\/v2\/posts\/48384\/revisions"}],"predecessor-version":[{"id":48386,"href":"https:\/\/www.simepe.com.br\/novo\/wp-json\/wp\/v2\/posts\/48384\/revisions\/48386"}],"wp:featuredmedia":[{"embeddable":true,"href":"https:\/\/www.simepe.com.br\/novo\/wp-json\/wp\/v2\/media\/48385"}],"wp:attachment":[{"href":"https:\/\/www.simepe.com.br\/novo\/wp-json\/wp\/v2\/media?parent=48384"}],"wp:term":[{"taxonomy":"category","embeddable":true,"href":"https:\/\/www.simepe.com.br\/novo\/wp-json\/wp\/v2\/categories?post=48384"},{"taxonomy":"post_tag","embeddable":true,"href":"https:\/\/www.simepe.com.br\/novo\/wp-json\/wp\/v2\/tags?post=48384"}],"curies":[{"name":"wp","href":"https:\/\/api.w.org\/{rel}","templated":true}]}}