{"id":48387,"date":"2018-09-12T11:42:32","date_gmt":"2018-09-12T14:42:32","guid":{"rendered":"http:\/\/www.simepe.com.br\/novo\/?p=48387"},"modified":"2018-09-12T11:42:32","modified_gmt":"2018-09-12T14:42:32","slug":"ministro-da-saude-sinaliza-avancos-para-pleitos-das-entidades-medicas","status":"publish","type":"post","link":"https:\/\/www.simepe.com.br\/novo\/ministro-da-saude-sinaliza-avancos-para-pleitos-das-entidades-medicas\/","title":{"rendered":"Ministro da Sa\u00fade sinaliza avan\u00e7os para pleitos das entidades m\u00e9dicas"},"content":{"rendered":"<p><img src=\"http:\/\/www.fenam.org.br\/site\/imgs\/noticias\/MS%20site.jpeg\" alt=\"\" \/><\/p>\n<p style=\"text-align: justify;\">Vai criar comiss\u00e3o para implementar resolu\u00e7\u00f5es do ENEM e defender a inclus\u00e3o dos recursos para pagar diferen\u00e7a da gratifica\u00e7\u00e3o dos m\u00e9dicos federais, no Or\u00e7amento de 2019<\/p>\n<p style=\"text-align: justify;\">Nesta segunda-feira (10), foi a vez do Ministro da Sa\u00fade, Gilberto Occhi, receber das m\u00e3os dos representantes das entidades nacionais m\u00e9dicas o relat\u00f3rio final do \u00faltimo Encontro Nacional das Entidades M\u00e9dicas (ENEM). Estiveram presentes o Dr. Jorge Darze, presidente da Federa\u00e7\u00e3o Nacional dos M\u00e9dicos (FENAM), o Dr. Carlos Vital Correia Lima, presidente do Conselho Federal de Medicina (CFM), e o diretor da Associa\u00e7\u00e3o M\u00e9dica Brasileira (AMB), Dr. Jos\u00e9 Luiz Dantas Mestrinho. Durante o encontro ficou acertada a cria\u00e7\u00e3o de uma comiss\u00e3o a ser criada atrav\u00e9s de decreto pelo ministro para representa\u00e7\u00e3o das entidades m\u00e9dicas nacionais, com o objetivo de discutir as resolu\u00e7\u00f5es e a implementa\u00e7\u00e3o das decis\u00f5es do ENEM. Resultado importante da audi\u00eancia.<\/p>\n<p style=\"text-align: justify;\">Na ocasi\u00e3o, o presidente da FENAM aproveitou para falar com o ministro sobre a gratifica\u00e7\u00e3o dos m\u00e9dicos federais. Diante do pedido de apoio para incluir no Or\u00e7amento Federal de 2019 a corre\u00e7\u00e3o do valor da gratifica\u00e7\u00e3o dos m\u00e9dicos do Minist\u00e9rio da Sa\u00fade, Occhi assumiu o compromisso de buscar a forma mais r\u00e1pida para incluir estes recursos na Lei Or\u00e7ament\u00e1ria, e que para isso ir\u00e1 recorrer ao Minist\u00e9rio do Planejamento.<\/p>\n<p style=\"text-align: justify;\">\u201cDemos um passo importante nesta audi\u00eancia, tanto no que se refere \u00e0s delibera\u00e7\u00f5es do ENEM, quanto ao nosso pleito de solucionar a injusti\u00e7a cometida com os m\u00e9dicos federais\u201d, comemorou Jorge Darze.<\/p>\n<p style=\"text-align: justify;\">O presidente do CFM, na oportunidade, entregou o documento produzido pelo Conselho, que apresenta dados sobre a demografia m\u00e9dica no Brasil.<\/p>\n<p style=\"text-align: justify;\">Jorge Darze descontraiu o encontro ao perguntar se poderia ganhar outra camisa do Flamengo, em alus\u00e3o \u00e0 que recebeu das m\u00e3os de Occhi quando ele era presidente da Caixa.<\/p>\n<p style=\"text-align: justify;\">\n<p style=\"text-align: justify;\">Fonte: Assessoria de Comunica\u00e7\u00e3o da Federa\u00e7\u00e3o Nacional dos M\u00e9dicos (Fenam)<\/p>\n","protected":false},"excerpt":{"rendered":"<p>Vai criar comiss\u00e3o para implementar resolu\u00e7\u00f5es do ENEM e defender a inclus\u00e3o dos recursos para pagar diferen\u00e7a da gratifica\u00e7\u00e3o dos m\u00e9dicos federais, no Or\u00e7amento de 2019 Nesta segunda-feira (10), foi a vez do Ministro da Sa\u00fade, Gilberto Occhi, receber das m\u00e3os dos representantes das entidades nacionais m\u00e9dicas o relat\u00f3rio final do \u00faltimo Encontro Nacional das [&hellip;]<\/p>\n","protected":false},"author":1,"featured_media":0,"comment_status":"open","ping_status":"open","sticky":false,"template":"","format":"standard","meta":{"ocean_post_layout":"","ocean_both_sidebars_style":"","ocean_both_sidebars_content_width":0,"ocean_both_sidebars_sidebars_width":0,"ocean_sidebar":"","ocean_second_sidebar":"","ocean_disable_margins":"enable","ocean_add_body_class":"","ocean_shortcode_before_top_bar":"","ocean_shortcode_after_top_bar":"","ocean_shortcode_before_header":"","ocean_shortcode_after_header":"","ocean_has_shortcode":"","ocean_shortcode_after_title":"","ocean_shortcode_before_footer_widgets":"","ocean_shortcode_after_footer_widgets":"","ocean_shortcode_before_footer_bottom":"","ocean_shortcode_after_footer_bottom":"","ocean_display_top_bar":"default","ocean_display_header":"default","ocean_header_style":"","ocean_center_header_left_menu":"","ocean_custom_header_template":"","ocean_custom_logo":0,"ocean_custom_retina_logo":0,"ocean_custom_logo_max_width":0,"ocean_custom_logo_tablet_max_width":0,"ocean_custom_logo_mobile_max_width":0,"ocean_custom_logo_max_height":0,"ocean_custom_logo_tablet_max_height":0,"ocean_custom_logo_mobile_max_height":0,"ocean_header_custom_menu":"","ocean_menu_typo_font_family":"","ocean_menu_typo_font_subset":"","ocean_menu_typo_font_size":0,"ocean_menu_typo_font_size_tablet":0,"ocean_menu_typo_font_size_mobile":0,"ocean_menu_typo_font_size_unit":"px","ocean_menu_typo_font_weight":"","ocean_menu_typo_font_weight_tablet":"","ocean_menu_typo_font_weight_mobile":"","ocean_menu_typo_transform":"","ocean_menu_typo_transform_tablet":"","ocean_menu_typo_transform_mobile":"","ocean_menu_typo_line_height":0,"ocean_menu_typo_line_height_tablet":0,"ocean_menu_typo_line_height_mobile":0,"ocean_menu_typo_line_height_unit":"","ocean_menu_typo_spacing":0,"ocean_menu_typo_spacing_tablet":0,"ocean_menu_typo_spacing_mobile":0,"ocean_menu_typo_spacing_unit":"","ocean_menu_link_color":"","ocean_menu_link_color_hover":"","ocean_menu_link_color_active":"","ocean_menu_link_background":"","ocean_menu_link_hover_background":"","ocean_menu_link_active_background":"","ocean_menu_social_links_bg":"","ocean_menu_social_hover_links_bg":"","ocean_menu_social_links_color":"","ocean_menu_social_hover_links_color":"","ocean_disable_title":"default","ocean_disable_heading":"default","ocean_post_title":"","ocean_post_subheading":"","ocean_post_title_style":"","ocean_post_title_background_color":"","ocean_post_title_background":0,"ocean_post_title_bg_image_position":"","ocean_post_title_bg_image_attachment":"","ocean_post_title_bg_image_repeat":"","ocean_post_title_bg_image_size":"","ocean_post_title_height":0,"ocean_post_title_bg_overlay":0.5,"ocean_post_title_bg_overlay_color":"","ocean_disable_breadcrumbs":"default","ocean_breadcrumbs_color":"","ocean_breadcrumbs_separator_color":"","ocean_breadcrumbs_links_color":"","ocean_breadcrumbs_links_hover_color":"","ocean_display_footer_widgets":"default","ocean_display_footer_bottom":"default","ocean_custom_footer_template":"","ocean_post_oembed":"","ocean_post_self_hosted_media":"","ocean_post_video_embed":"","ocean_link_format":"","ocean_link_format_target":"self","ocean_quote_format":"","ocean_quote_format_link":"post","ocean_gallery_link_images":"on","ocean_gallery_id":[]},"categories":[9],"tags":[2729,215,193],"acf":[],"_links":{"self":[{"href":"https:\/\/www.simepe.com.br\/novo\/wp-json\/wp\/v2\/posts\/48387"}],"collection":[{"href":"https:\/\/www.simepe.com.br\/novo\/wp-json\/wp\/v2\/posts"}],"about":[{"href":"https:\/\/www.simepe.com.br\/novo\/wp-json\/wp\/v2\/types\/post"}],"author":[{"embeddable":true,"href":"https:\/\/www.simepe.com.br\/novo\/wp-json\/wp\/v2\/users\/1"}],"replies":[{"embeddable":true,"href":"https:\/\/www.simepe.com.br\/novo\/wp-json\/wp\/v2\/comments?post=48387"}],"version-history":[{"count":1,"href":"https:\/\/www.simepe.com.br\/novo\/wp-json\/wp\/v2\/posts\/48387\/revisions"}],"predecessor-version":[{"id":48388,"href":"https:\/\/www.simepe.com.br\/novo\/wp-json\/wp\/v2\/posts\/48387\/revisions\/48388"}],"wp:attachment":[{"href":"https:\/\/www.simepe.com.br\/novo\/wp-json\/wp\/v2\/media?parent=48387"}],"wp:term":[{"taxonomy":"category","embeddable":true,"href":"https:\/\/www.simepe.com.br\/novo\/wp-json\/wp\/v2\/categories?post=48387"},{"taxonomy":"post_tag","embeddable":true,"href":"https:\/\/www.simepe.com.br\/novo\/wp-json\/wp\/v2\/tags?post=48387"}],"curies":[{"name":"wp","href":"https:\/\/api.w.org\/{rel}","templated":true}]}}