{"id":48391,"date":"2018-09-12T11:47:29","date_gmt":"2018-09-12T14:47:29","guid":{"rendered":"http:\/\/www.simepe.com.br\/novo\/?p=48391"},"modified":"2018-09-12T11:47:29","modified_gmt":"2018-09-12T14:47:29","slug":"medicos-do-recife-farao-paralisacao-de-tres-dias","status":"publish","type":"post","link":"https:\/\/www.simepe.com.br\/novo\/medicos-do-recife-farao-paralisacao-de-tres-dias\/","title":{"rendered":"M\u00e9dicos do Recife far\u00e3o paralisa\u00e7\u00e3o de tr\u00eas dias"},"content":{"rendered":"<p style=\"text-align: justify;\">H\u00e1 possibilidade de deflagra\u00e7\u00e3o de greve por tempo indeterminado<\/p>\n<p style=\"text-align: justify;\">M\u00e9dicos da rede municipal do Recife aprovaram, nesta ter\u00e7a-feira (11), uma paralisa\u00e7\u00e3o de 72 horas para a pr\u00f3xima semana. A Assembleia Geral, realizada na Associa\u00e7\u00e3o M\u00e9dica de Pernambuco (AMPE), determinou que os profissionais cruzaram os bra\u00e7os nos dias 18, 19 e 20 de setembro. H\u00e1 possibilidade de deflagra\u00e7\u00e3o de greve por tempo indeterminado.<\/p>\n<p style=\"text-align: justify;\">Segundo a categoria, \u00e9 geral a insatisfa\u00e7\u00e3o em rela\u00e7\u00e3o \u00e0s negocia\u00e7\u00f5es com a Secretaria de Sa\u00fade no que diz respeito ao descumprimento do Termo de Compromisso firmado no \u00faltimo m\u00eas de janeiro. Os profissionais exigem mais seguran\u00e7a dentro das unidades de sa\u00fade, abastecimento de insumos e maior investimento em medicamentos, especialmente na \u00e1rea de sa\u00fade mental.<\/p>\n<p style=\"text-align: justify;\">Os m\u00e9dicos cobram tamb\u00e9m que a quest\u00e3o remunerat\u00f3ria, atrav\u00e9s da Lei de Incorpora\u00e7\u00e3o da Gratifica\u00e7\u00e3o de Plant\u00e3o e a equipara\u00e7\u00e3o salarial para com o Estado, seja de fato cumprida pela gest\u00e3o do Recife. Tadeu Calheiros, presidente do Sindicato dos M\u00e9dicos de Pernambuco (Simepe), disse que a &#8220;quest\u00e3o mais relevante \u00e9 o fato do descumprimento do Termo de Compromisso, por parte da Prefeitura do Recife. Lembramos que esse movimento vem sendo deflagrado desde 2017, onde os m\u00e9dicos vinham alertando, atrav\u00e9s de paralisa\u00e7\u00f5es de advert\u00eancias na rede municipal. A gest\u00e3o da sa\u00fade do Recife quebrou a confian\u00e7a com a categoria\u201d, explicou.<\/p>\n<p style=\"text-align: justify;\">Uma nova assembleia da categoria est\u00e1 marcada para o dia 20 de setembro, na sede da AMPE, a partir das 10h, com possibilidade de delibera\u00e7\u00e3o de uma greve por tempo indeterminado, &#8220;caso a Prefeitura do Recife n\u00e3o apresente uma proposta que traga avan\u00e7os para toda a rede de sa\u00fade municipal e para os profissionais&#8221;.<\/p>\n<p style=\"text-align: justify;\">\n<p style=\"text-align: justify;\">Fonte: Leia J\u00e1<\/p>\n","protected":false},"excerpt":{"rendered":"<p>H\u00e1 possibilidade de deflagra\u00e7\u00e3o de greve por tempo indeterminado M\u00e9dicos da rede municipal do Recife aprovaram, nesta ter\u00e7a-feira (11), uma paralisa\u00e7\u00e3o de 72 horas para a pr\u00f3xima semana. A Assembleia Geral, realizada na Associa\u00e7\u00e3o M\u00e9dica de Pernambuco (AMPE), determinou que os profissionais cruzaram os bra\u00e7os nos dias 18, 19 e 20 de setembro. H\u00e1 possibilidade [&hellip;]<\/p>\n","protected":false},"author":1,"featured_media":0,"comment_status":"open","ping_status":"open","sticky":false,"template":"","format":"standard","meta":{"ocean_post_layout":"","ocean_both_sidebars_style":"","ocean_both_sidebars_content_width":0,"ocean_both_sidebars_sidebars_width":0,"ocean_sidebar":"","ocean_second_sidebar":"","ocean_disable_margins":"enable","ocean_add_body_class":"","ocean_shortcode_before_top_bar":"","ocean_shortcode_after_top_bar":"","ocean_shortcode_before_header":"","ocean_shortcode_after_header":"","ocean_has_shortcode":"","ocean_shortcode_after_title":"","ocean_shortcode_before_footer_widgets":"","ocean_shortcode_after_footer_widgets":"","ocean_shortcode_before_footer_bottom":"","ocean_shortcode_after_footer_bottom":"","ocean_display_top_bar":"default","ocean_display_header":"default","ocean_header_style":"","ocean_center_header_left_menu":"","ocean_custom_header_template":"","ocean_custom_logo":0,"ocean_custom_retina_logo":0,"ocean_custom_logo_max_width":0,"ocean_custom_logo_tablet_max_width":0,"ocean_custom_logo_mobile_max_width":0,"ocean_custom_logo_max_height":0,"ocean_custom_logo_tablet_max_height":0,"ocean_custom_logo_mobile_max_height":0,"ocean_header_custom_menu":"","ocean_menu_typo_font_family":"","ocean_menu_typo_font_subset":"","ocean_menu_typo_font_size":0,"ocean_menu_typo_font_size_tablet":0,"ocean_menu_typo_font_size_mobile":0,"ocean_menu_typo_font_size_unit":"px","ocean_menu_typo_font_weight":"","ocean_menu_typo_font_weight_tablet":"","ocean_menu_typo_font_weight_mobile":"","ocean_menu_typo_transform":"","ocean_menu_typo_transform_tablet":"","ocean_menu_typo_transform_mobile":"","ocean_menu_typo_line_height":0,"ocean_menu_typo_line_height_tablet":0,"ocean_menu_typo_line_height_mobile":0,"ocean_menu_typo_line_height_unit":"","ocean_menu_typo_spacing":0,"ocean_menu_typo_spacing_tablet":0,"ocean_menu_typo_spacing_mobile":0,"ocean_menu_typo_spacing_unit":"","ocean_menu_link_color":"","ocean_menu_link_color_hover":"","ocean_menu_link_color_active":"","ocean_menu_link_background":"","ocean_menu_link_hover_background":"","ocean_menu_link_active_background":"","ocean_menu_social_links_bg":"","ocean_menu_social_hover_links_bg":"","ocean_menu_social_links_color":"","ocean_menu_social_hover_links_color":"","ocean_disable_title":"default","ocean_disable_heading":"default","ocean_post_title":"","ocean_post_subheading":"","ocean_post_title_style":"","ocean_post_title_background_color":"","ocean_post_title_background":0,"ocean_post_title_bg_image_position":"","ocean_post_title_bg_image_attachment":"","ocean_post_title_bg_image_repeat":"","ocean_post_title_bg_image_size":"","ocean_post_title_height":0,"ocean_post_title_bg_overlay":0.5,"ocean_post_title_bg_overlay_color":"","ocean_disable_breadcrumbs":"default","ocean_breadcrumbs_color":"","ocean_breadcrumbs_separator_color":"","ocean_breadcrumbs_links_color":"","ocean_breadcrumbs_links_hover_color":"","ocean_display_footer_widgets":"default","ocean_display_footer_bottom":"default","ocean_custom_footer_template":"","ocean_post_oembed":"","ocean_post_self_hosted_media":"","ocean_post_video_embed":"","ocean_link_format":"","ocean_link_format_target":"self","ocean_quote_format":"","ocean_quote_format_link":"post","ocean_gallery_link_images":"on","ocean_gallery_id":[]},"categories":[9],"tags":[70,229,75,116,748,82],"acf":[],"_links":{"self":[{"href":"https:\/\/www.simepe.com.br\/novo\/wp-json\/wp\/v2\/posts\/48391"}],"collection":[{"href":"https:\/\/www.simepe.com.br\/novo\/wp-json\/wp\/v2\/posts"}],"about":[{"href":"https:\/\/www.simepe.com.br\/novo\/wp-json\/wp\/v2\/types\/post"}],"author":[{"embeddable":true,"href":"https:\/\/www.simepe.com.br\/novo\/wp-json\/wp\/v2\/users\/1"}],"replies":[{"embeddable":true,"href":"https:\/\/www.simepe.com.br\/novo\/wp-json\/wp\/v2\/comments?post=48391"}],"version-history":[{"count":1,"href":"https:\/\/www.simepe.com.br\/novo\/wp-json\/wp\/v2\/posts\/48391\/revisions"}],"predecessor-version":[{"id":48392,"href":"https:\/\/www.simepe.com.br\/novo\/wp-json\/wp\/v2\/posts\/48391\/revisions\/48392"}],"wp:attachment":[{"href":"https:\/\/www.simepe.com.br\/novo\/wp-json\/wp\/v2\/media?parent=48391"}],"wp:term":[{"taxonomy":"category","embeddable":true,"href":"https:\/\/www.simepe.com.br\/novo\/wp-json\/wp\/v2\/categories?post=48391"},{"taxonomy":"post_tag","embeddable":true,"href":"https:\/\/www.simepe.com.br\/novo\/wp-json\/wp\/v2\/tags?post=48391"}],"curies":[{"name":"wp","href":"https:\/\/api.w.org\/{rel}","templated":true}]}}