{"id":48393,"date":"2018-09-12T11:55:27","date_gmt":"2018-09-12T14:55:27","guid":{"rendered":"http:\/\/www.simepe.com.br\/novo\/?p=48393"},"modified":"2018-09-12T11:55:27","modified_gmt":"2018-09-12T14:55:27","slug":"paciente-com-cancer-denuncia-dificuldades-em-receber-cuidados-paliativos-no-recife","status":"publish","type":"post","link":"https:\/\/www.simepe.com.br\/novo\/paciente-com-cancer-denuncia-dificuldades-em-receber-cuidados-paliativos-no-recife\/","title":{"rendered":"Paciente com c\u00e2ncer denuncia dificuldades em receber cuidados paliativos no Recife"},"content":{"rendered":"<p style=\"text-align: justify;\">A paciente alegou estar encontrando dificuldades de realizar o procedimento de paracentese<\/p>\n<p style=\"text-align: justify;\">Uma mulher, diagnosticada em fevereiro com est\u00e1gio avan\u00e7ado de c\u00e2ncer nos ov\u00e1rios, relatou estar encontrando dificuldades em receber atendimento e manter os cuidados paliativos em hospitais do Sistema \u00danico de Sa\u00fade (SUS) de Recife. De acordo com Josineide, sua irm\u00e3, Telma Francisca de Arruda, de 35 anos, precisa passar por um procedimento chamado paracentese para retirar l\u00edquido de seu abd\u00f4men em m\u00e9dia duas vezes na semana, mas tem encontrado dificuldades.<\/p>\n<p style=\"text-align: justify;\">De acordo com Josineide, ap\u00f3s ter o procedimento negado por duas vezes, a solu\u00e7\u00e3o foi acionar o Minist\u00e9rio P\u00fablico. No \u00faltimo dia 21 de agosto, a 1\u00ba Vara da Fazendo P\u00fablica da Capital expediu uma liminar determinando que Telma fosse atendida &#8221;de imediato e sem qualquer burocracia adicional&#8221;. Telma e sua irm\u00e3, ent\u00e3o, teriam se dirigido ao Hospital Get\u00falio Vargas acompanhadas do oficial de Justi\u00e7a. Segundo Josineide, apesar da liminar, o m\u00e9dico que atendeu Telma teria alegado que n\u00e3o realizaria o procedimento pois a situa\u00e7\u00e3o de Telma n\u00e3o seria cr\u00edtica o suficiente. O m\u00e9dico teria dito ainda que o procedimento seria de alto risco. &#8220;Enquanto n\u00e3o tirar o l\u00edquido, ela n\u00e3o consegue se alimentar. Ela n\u00e3o pode ficar sem comer&#8221;, relatou Josineide. Ainda segundo ela, por causa da presen\u00e7a de \u00e1gua no abdome, Telma estaria com dificuldades respirat\u00f3ria e de degluti\u00e7\u00e3o.<\/p>\n<p style=\"text-align: justify;\">Procurada, a Secretaria Estadual de Sa\u00fade (SES) afirmou que a decis\u00e3o passou por uma avalia\u00e7\u00e3o m\u00e9dica de uma equipe. &#8220;Ap\u00f3s avalia\u00e7\u00e3o m\u00e9dica e f\u00edsica realizada pela equipe multidisciplinar das unidades, ficou definido que n\u00e3o h\u00e1 necessidade de submeter a paciente ao procedimento de paracentese de urg\u00eancia. \u00c9 importante ressaltar que as a\u00e7\u00f5es movidas no Minist\u00e9rio P\u00fablico de Pernambuco (MPPE) resultaram em parecer favor\u00e1vel a conduta m\u00e9dica adotada.&#8221;<\/p>\n<p style=\"text-align: justify;\">Na tarde do dia 3 de setembro, Josineide alegou que encontrou a mesma dificuldade no Hospital do C\u00e2ncer. M\u00e9dicos teriam negado o procedimento. Telma teria sido atendida apenas no final da noite, ap\u00f3s horas sem comer. Ainda de acordo com a paciente, ela tamb\u00e9m teria encontrado dificuldades em realizar o procedimento no Hospital Bar\u00e3o de Lucena devido a falta de um equipamento de ultrassom nos fins de semana.<\/p>\n<p style=\"text-align: justify;\"><strong>Nota da SES na \u00edntegra<\/strong><br \/>\n<em>A dire\u00e7\u00e3o dos hospitais Bar\u00e3o de Lucena e Get\u00falio Vargas esclarecem que a paciente citada vem recebendo a assist\u00eancia necess\u00e1ria para o seu estado cl\u00ednico. Com quadro avan\u00e7ado de c\u00e2ncer, a paciente decidiu n\u00e3o continuar com a quimioterapia e escolheu como alternativa os cuidados paliativos, uma vez que n\u00e3o h\u00e1 indica\u00e7\u00e3o cir\u00fargica devido \u00e0 evolu\u00e7\u00e3o do tumor. Ap\u00f3s avalia\u00e7\u00e3o m\u00e9dica e f\u00edsica realizada pela equipe multidisciplinar das unidades, ficou definido que n\u00e3o h\u00e1 necessidade de submeter a paciente ao procedimento de paracentese de urg\u00eancia. \u00c9 importante ressaltar que as a\u00e7\u00f5es movidas no Minist\u00e9rio P\u00fablico de Pernambuco (MPPE) resultaram em parecer favor\u00e1vel a conduta m\u00e9dica adotada.<\/em><\/p>\n<p style=\"text-align: justify;\"><em>As unidades salientam que nunca foi negado atendimento \u00e0 paciente. Diante do tamanho do tumor, a quantidade de l\u00edquido vem diminuindo gradativamente, n\u00e3o sendo necess\u00e1ria a realiza\u00e7\u00e3o de paracentese de forma regular e no servi\u00e7o de urg\u00eancia como alega a fam\u00edlia. O procedimento de paracentese requer acompanhamento por exame de imagem devido ao risco de perfura\u00e7\u00e3o de algum \u00f3rg\u00e3o ou do pr\u00f3prio tumor. Em nenhum momento houve a falta do aparelho de ultrassom para realiza\u00e7\u00e3o de qualquer procedimento no Bar\u00e3o de Lucena. Foi indicado pela equipe m\u00e9dica, ap\u00f3s discuss\u00e3o cl\u00ednica, o acompanhamento ambulatorial.<\/em><\/p>\n<p style=\"text-align: justify;\"><em>As equipes do Bar\u00e3o de Lucena e do Get\u00falio Vargas est\u00e3o \u00e0 disposi\u00e7\u00e3o da paciente e dos familiares para esclarecimentos.<\/em><\/p>\n<p style=\"text-align: justify;\">\n<p style=\"text-align: justify;\">Fonte: Jornal do Commercio<\/p>\n","protected":false},"excerpt":{"rendered":"<p>A paciente alegou estar encontrando dificuldades de realizar o procedimento de paracentese Uma mulher, diagnosticada em fevereiro com est\u00e1gio avan\u00e7ado de c\u00e2ncer nos ov\u00e1rios, relatou estar encontrando dificuldades em receber atendimento e manter os cuidados paliativos em hospitais do Sistema \u00danico de Sa\u00fade (SUS) de Recife. De acordo com Josineide, sua irm\u00e3, Telma Francisca de [&hellip;]<\/p>\n","protected":false},"author":1,"featured_media":0,"comment_status":"open","ping_status":"open","sticky":false,"template":"","format":"standard","meta":{"ocean_post_layout":"","ocean_both_sidebars_style":"","ocean_both_sidebars_content_width":0,"ocean_both_sidebars_sidebars_width":0,"ocean_sidebar":"","ocean_second_sidebar":"","ocean_disable_margins":"enable","ocean_add_body_class":"","ocean_shortcode_before_top_bar":"","ocean_shortcode_after_top_bar":"","ocean_shortcode_before_header":"","ocean_shortcode_after_header":"","ocean_has_shortcode":"","ocean_shortcode_after_title":"","ocean_shortcode_before_footer_widgets":"","ocean_shortcode_after_footer_widgets":"","ocean_shortcode_before_footer_bottom":"","ocean_shortcode_after_footer_bottom":"","ocean_display_top_bar":"default","ocean_display_header":"default","ocean_header_style":"","ocean_center_header_left_menu":"","ocean_custom_header_template":"","ocean_custom_logo":0,"ocean_custom_retina_logo":0,"ocean_custom_logo_max_width":0,"ocean_custom_logo_tablet_max_width":0,"ocean_custom_logo_mobile_max_width":0,"ocean_custom_logo_max_height":0,"ocean_custom_logo_tablet_max_height":0,"ocean_custom_logo_mobile_max_height":0,"ocean_header_custom_menu":"","ocean_menu_typo_font_family":"","ocean_menu_typo_font_subset":"","ocean_menu_typo_font_size":0,"ocean_menu_typo_font_size_tablet":0,"ocean_menu_typo_font_size_mobile":0,"ocean_menu_typo_font_size_unit":"px","ocean_menu_typo_font_weight":"","ocean_menu_typo_font_weight_tablet":"","ocean_menu_typo_font_weight_mobile":"","ocean_menu_typo_transform":"","ocean_menu_typo_transform_tablet":"","ocean_menu_typo_transform_mobile":"","ocean_menu_typo_line_height":0,"ocean_menu_typo_line_height_tablet":0,"ocean_menu_typo_line_height_mobile":0,"ocean_menu_typo_line_height_unit":"","ocean_menu_typo_spacing":0,"ocean_menu_typo_spacing_tablet":0,"ocean_menu_typo_spacing_mobile":0,"ocean_menu_typo_spacing_unit":"","ocean_menu_link_color":"","ocean_menu_link_color_hover":"","ocean_menu_link_color_active":"","ocean_menu_link_background":"","ocean_menu_link_hover_background":"","ocean_menu_link_active_background":"","ocean_menu_social_links_bg":"","ocean_menu_social_hover_links_bg":"","ocean_menu_social_links_color":"","ocean_menu_social_hover_links_color":"","ocean_disable_title":"default","ocean_disable_heading":"default","ocean_post_title":"","ocean_post_subheading":"","ocean_post_title_style":"","ocean_post_title_background_color":"","ocean_post_title_background":0,"ocean_post_title_bg_image_position":"","ocean_post_title_bg_image_attachment":"","ocean_post_title_bg_image_repeat":"","ocean_post_title_bg_image_size":"","ocean_post_title_height":0,"ocean_post_title_bg_overlay":0.5,"ocean_post_title_bg_overlay_color":"","ocean_disable_breadcrumbs":"default","ocean_breadcrumbs_color":"","ocean_breadcrumbs_separator_color":"","ocean_breadcrumbs_links_color":"","ocean_breadcrumbs_links_hover_color":"","ocean_display_footer_widgets":"default","ocean_display_footer_bottom":"default","ocean_custom_footer_template":"","ocean_post_oembed":"","ocean_post_self_hosted_media":"","ocean_post_video_embed":"","ocean_link_format":"","ocean_link_format_target":"self","ocean_quote_format":"","ocean_quote_format_link":"post","ocean_gallery_link_images":"on","ocean_gallery_id":[]},"categories":[9],"tags":[47,1130,980,34],"acf":[],"_links":{"self":[{"href":"https:\/\/www.simepe.com.br\/novo\/wp-json\/wp\/v2\/posts\/48393"}],"collection":[{"href":"https:\/\/www.simepe.com.br\/novo\/wp-json\/wp\/v2\/posts"}],"about":[{"href":"https:\/\/www.simepe.com.br\/novo\/wp-json\/wp\/v2\/types\/post"}],"author":[{"embeddable":true,"href":"https:\/\/www.simepe.com.br\/novo\/wp-json\/wp\/v2\/users\/1"}],"replies":[{"embeddable":true,"href":"https:\/\/www.simepe.com.br\/novo\/wp-json\/wp\/v2\/comments?post=48393"}],"version-history":[{"count":1,"href":"https:\/\/www.simepe.com.br\/novo\/wp-json\/wp\/v2\/posts\/48393\/revisions"}],"predecessor-version":[{"id":48394,"href":"https:\/\/www.simepe.com.br\/novo\/wp-json\/wp\/v2\/posts\/48393\/revisions\/48394"}],"wp:attachment":[{"href":"https:\/\/www.simepe.com.br\/novo\/wp-json\/wp\/v2\/media?parent=48393"}],"wp:term":[{"taxonomy":"category","embeddable":true,"href":"https:\/\/www.simepe.com.br\/novo\/wp-json\/wp\/v2\/categories?post=48393"},{"taxonomy":"post_tag","embeddable":true,"href":"https:\/\/www.simepe.com.br\/novo\/wp-json\/wp\/v2\/tags?post=48393"}],"curies":[{"name":"wp","href":"https:\/\/api.w.org\/{rel}","templated":true}]}}