{"id":48403,"date":"2018-09-13T11:38:09","date_gmt":"2018-09-13T14:38:09","guid":{"rendered":"http:\/\/www.simepe.com.br\/novo\/?p=48403"},"modified":"2018-11-01T12:04:28","modified_gmt":"2018-11-01T15:04:28","slug":"pe-medicos-do-recife-deliberam-por-uma-paralisacao-de-72-horas","status":"publish","type":"post","link":"https:\/\/www.simepe.com.br\/novo\/pe-medicos-do-recife-deliberam-por-uma-paralisacao-de-72-horas\/","title":{"rendered":"PE: M\u00e9dicos do Recife deliberam por uma paralisa\u00e7\u00e3o de 72 horas"},"content":{"rendered":"<p style=\"text-align: justify;\">Os m\u00e9dicos da rede municipal do Recife aprovaram em Assembleia Geral (AGE), na ter\u00e7a-feira (11\/09), no audit\u00f3rio da Associa\u00e7\u00e3o M\u00e9dica de Pernambuco (AMPE), na Boa Vista, uma paralisa\u00e7\u00e3o de 72 horas nos pr\u00f3ximos dias 18,19 e 20 de setembro, com possibilidade de greve.<\/p>\n<p style=\"text-align: justify;\">Durante a reuni\u00e3o, os profissionais demonstraram insatisfa\u00e7\u00e3o em rela\u00e7\u00e3o \u00e0s negocia\u00e7\u00f5es com a Secretaria de Sa\u00fade no que diz respeito ao descumprimento do Termo de Compromisso firmado no m\u00eas de janeiro passado. Entre os pontos relevantes destacam-se: a\u00e7\u00f5es que melhorem a seguran\u00e7a dentro das unidades de sa\u00fade, abastecimento de insumos e maior investimento em medicamentos, especialmente, na \u00e1rea de sa\u00fade mental.<\/p>\n<p style=\"text-align: justify;\">A categoria cobrou tamb\u00e9m que a quest\u00e3o remunerat\u00f3ria, atrav\u00e9s da Lei de Incorpora\u00e7\u00e3o da Gratifica\u00e7\u00e3o de Plant\u00e3o e a equipara\u00e7\u00e3o salarial para com o Estado) seja de fato cumprida pela gest\u00e3o do Recife.<\/p>\n<p style=\"text-align: justify;\">O presidente do Simepe, Tadeu Calheiros, disse que a categoria tomou essa decis\u00e3o, por conta da insatisfa\u00e7\u00e3o existente em toda rede de sa\u00fade do Recife, com a inseguran\u00e7a (invas\u00f5es, furtos, roubos, assaltos \u00e0 m\u00e3o armada) nas unidades de sa\u00fade, a falta de abastecimento medicamentos e insumos, o que provoca desassist\u00eancia \u00e0 popula\u00e7\u00e3o, al\u00e9m de estruturas f\u00edsicas prec\u00e1rias nos postos de sa\u00fade e maternidades. E acrescentou: \u201cA quest\u00e3o mais relevante \u00e9 o fato do descumprimento do Termo de Compromisso, por parte da Prefeitura do Recife. Lembramos que esse movimento vem sendo deflagrado desde 2017, onde os m\u00e9dicos vinham alertando, atrav\u00e9s de paralisa\u00e7\u00f5es de advert\u00eancias na rede municipal. A gest\u00e3o da sa\u00fade do Recife quebrou a confian\u00e7a com a categoria\u201d, pontuou.<\/p>\n<p style=\"text-align: justify;\">*Uma nova AGE da categoria est\u00e1 marcada para o dia 20\/09, na sede da AMPE, a partir das 10h, com possibilidade de delibera\u00e7\u00e3o de uma greve por tempo indeterminado, caso a Prefeitura do Recife n\u00e3o apresente uma proposta que traga avan\u00e7os para toda a rede de sa\u00fade municipal e para os profissionais.<\/p>\n<p style=\"text-align: justify;\">Fonte: Assessoria de Comunica\u00e7\u00e3o da Federa\u00e7\u00e3o M\u00e9dica Brasileira (FMB)<\/p>\n","protected":false},"excerpt":{"rendered":"<p>Os m\u00e9dicos da rede municipal do Recife aprovaram em Assembleia Geral (AGE), na ter\u00e7a-feira (11\/09), no audit\u00f3rio da Associa\u00e7\u00e3o M\u00e9dica de Pernambuco (AMPE), na Boa Vista, uma paralisa\u00e7\u00e3o de 72 horas nos pr\u00f3ximos dias 18,19 e 20 de setembro, com possibilidade de greve. Durante a reuni\u00e3o, os profissionais demonstraram insatisfa\u00e7\u00e3o em rela\u00e7\u00e3o \u00e0s negocia\u00e7\u00f5es com [&hellip;]<\/p>\n","protected":false},"author":1,"featured_media":0,"comment_status":"open","ping_status":"open","sticky":false,"template":"","format":"standard","meta":{"ocean_post_layout":"","ocean_both_sidebars_style":"","ocean_both_sidebars_content_width":0,"ocean_both_sidebars_sidebars_width":0,"ocean_sidebar":"","ocean_second_sidebar":"","ocean_disable_margins":"enable","ocean_add_body_class":"","ocean_shortcode_before_top_bar":"","ocean_shortcode_after_top_bar":"","ocean_shortcode_before_header":"","ocean_shortcode_after_header":"","ocean_has_shortcode":"","ocean_shortcode_after_title":"","ocean_shortcode_before_footer_widgets":"","ocean_shortcode_after_footer_widgets":"","ocean_shortcode_before_footer_bottom":"","ocean_shortcode_after_footer_bottom":"","ocean_display_top_bar":"default","ocean_display_header":"default","ocean_header_style":"","ocean_center_header_left_menu":"","ocean_custom_header_template":"","ocean_custom_logo":0,"ocean_custom_retina_logo":0,"ocean_custom_logo_max_width":0,"ocean_custom_logo_tablet_max_width":0,"ocean_custom_logo_mobile_max_width":0,"ocean_custom_logo_max_height":0,"ocean_custom_logo_tablet_max_height":0,"ocean_custom_logo_mobile_max_height":0,"ocean_header_custom_menu":"","ocean_menu_typo_font_family":"","ocean_menu_typo_font_subset":"","ocean_menu_typo_font_size":0,"ocean_menu_typo_font_size_tablet":0,"ocean_menu_typo_font_size_mobile":0,"ocean_menu_typo_font_size_unit":"px","ocean_menu_typo_font_weight":"","ocean_menu_typo_font_weight_tablet":"","ocean_menu_typo_font_weight_mobile":"","ocean_menu_typo_transform":"","ocean_menu_typo_transform_tablet":"","ocean_menu_typo_transform_mobile":"","ocean_menu_typo_line_height":0,"ocean_menu_typo_line_height_tablet":0,"ocean_menu_typo_line_height_mobile":0,"ocean_menu_typo_line_height_unit":"","ocean_menu_typo_spacing":0,"ocean_menu_typo_spacing_tablet":0,"ocean_menu_typo_spacing_mobile":0,"ocean_menu_typo_spacing_unit":"","ocean_menu_link_color":"","ocean_menu_link_color_hover":"","ocean_menu_link_color_active":"","ocean_menu_link_background":"","ocean_menu_link_hover_background":"","ocean_menu_link_active_background":"","ocean_menu_social_links_bg":"","ocean_menu_social_hover_links_bg":"","ocean_menu_social_links_color":"","ocean_menu_social_hover_links_color":"","ocean_disable_title":"default","ocean_disable_heading":"default","ocean_post_title":"","ocean_post_subheading":"","ocean_post_title_style":"","ocean_post_title_background_color":"","ocean_post_title_background":0,"ocean_post_title_bg_image_position":"","ocean_post_title_bg_image_attachment":"","ocean_post_title_bg_image_repeat":"","ocean_post_title_bg_image_size":"","ocean_post_title_height":0,"ocean_post_title_bg_overlay":0.5,"ocean_post_title_bg_overlay_color":"","ocean_disable_breadcrumbs":"default","ocean_breadcrumbs_color":"","ocean_breadcrumbs_separator_color":"","ocean_breadcrumbs_links_color":"","ocean_breadcrumbs_links_hover_color":"","ocean_display_footer_widgets":"default","ocean_display_footer_bottom":"default","ocean_custom_footer_template":"","ocean_post_oembed":"","ocean_post_self_hosted_media":"","ocean_post_video_embed":"","ocean_link_format":"","ocean_link_format_target":"self","ocean_quote_format":"","ocean_quote_format_link":"post","ocean_gallery_link_images":"on","ocean_gallery_id":[]},"categories":[9],"tags":[3175,75,116,82,4],"acf":[],"_links":{"self":[{"href":"https:\/\/www.simepe.com.br\/novo\/wp-json\/wp\/v2\/posts\/48403"}],"collection":[{"href":"https:\/\/www.simepe.com.br\/novo\/wp-json\/wp\/v2\/posts"}],"about":[{"href":"https:\/\/www.simepe.com.br\/novo\/wp-json\/wp\/v2\/types\/post"}],"author":[{"embeddable":true,"href":"https:\/\/www.simepe.com.br\/novo\/wp-json\/wp\/v2\/users\/1"}],"replies":[{"embeddable":true,"href":"https:\/\/www.simepe.com.br\/novo\/wp-json\/wp\/v2\/comments?post=48403"}],"version-history":[{"count":2,"href":"https:\/\/www.simepe.com.br\/novo\/wp-json\/wp\/v2\/posts\/48403\/revisions"}],"predecessor-version":[{"id":49469,"href":"https:\/\/www.simepe.com.br\/novo\/wp-json\/wp\/v2\/posts\/48403\/revisions\/49469"}],"wp:attachment":[{"href":"https:\/\/www.simepe.com.br\/novo\/wp-json\/wp\/v2\/media?parent=48403"}],"wp:term":[{"taxonomy":"category","embeddable":true,"href":"https:\/\/www.simepe.com.br\/novo\/wp-json\/wp\/v2\/categories?post=48403"},{"taxonomy":"post_tag","embeddable":true,"href":"https:\/\/www.simepe.com.br\/novo\/wp-json\/wp\/v2\/tags?post=48403"}],"curies":[{"name":"wp","href":"https:\/\/api.w.org\/{rel}","templated":true}]}}