{"id":48408,"date":"2018-09-13T11:45:41","date_gmt":"2018-09-13T14:45:41","guid":{"rendered":"http:\/\/www.simepe.com.br\/novo\/?p=48408"},"modified":"2018-09-13T11:45:41","modified_gmt":"2018-09-13T14:45:41","slug":"oito-municipios-de-pernambuco-nao-atingiram-meta-de-vacinacao-contra-polio-e-sarampo","status":"publish","type":"post","link":"https:\/\/www.simepe.com.br\/novo\/oito-municipios-de-pernambuco-nao-atingiram-meta-de-vacinacao-contra-polio-e-sarampo\/","title":{"rendered":"Oito munic\u00edpios de Pernambuco n\u00e3o atingiram meta de vacina\u00e7\u00e3o contra p\u00f3lio e sarampo"},"content":{"rendered":"<p style=\"text-align: justify;\">Campanha nacional de vacina\u00e7\u00e3o termina na pr\u00f3xima sexta-feira (14). Em todo pa\u00eds, a cobertura vacinal contra a poliomielite e o sarampo est\u00e1 em 94%<\/p>\n<p style=\"text-align: justify;\">\nA tr\u00eas dias do t\u00e9rmino da Campanha Nacional de Vacina\u00e7\u00e3o, 8 munic\u00edpios de Pernambuco n\u00e3o atingiram a meta de vacinar, pelo menos, 95% das crian\u00e7as de um a menores de cinco anos contra o sarampo e a poliomielite. Dados preliminares do Sistema de Informa\u00e7\u00e3o do Programa Nacional de Imuniza\u00e7\u00e3o (SI-PNI), alimentado pelos estados, apontam que o estado da Pernambuco vacinou 103,07% do p\u00fablico-alvo contra a p\u00f3lio e 103,13% contra o sarampo. A capital Recife tamb\u00e9m registra coberturas altas, com mais de 100% das crian\u00e7as vacinadas. Em todo o estado, foram aplicadas mais de 1.1 milh\u00e3o de doses das duas vacinas.<\/p>\n<p style=\"text-align: justify;\">Todas as crian\u00e7as de um a menores de cinco anos devem se vacinar independente da situa\u00e7\u00e3o vacinal. O ministro da Sa\u00fade, Gilberto Occhi, destaca a import\u00e2ncia da mobiliza\u00e7\u00e3o de toda a sociedade para atingir a meta de vacina\u00e7\u00e3o. \u201cA Campanha termina na pr\u00f3xima sexta-feira (14). Pais e respons\u00e1veis devem buscar os postos de vacina\u00e7\u00e3o. A vacina \u00e9 a forma mais eficaz de proteger nossas crian\u00e7as contra doen\u00e7as j\u00e1 eliminadas no pa\u00eds\u201d, enfatizou o ministro.<\/p>\n<p style=\"text-align: justify;\"><strong>CAMPANHA SARAMPO E POLIOMIELITE<\/strong><br \/>\nA m\u00e9dia nacional de vacina\u00e7\u00e3o est\u00e1 em 94%. Foram aplicadas em todo pa\u00eds cerca de 20,8 milh\u00f5es de doses das vacinas (10,4 milh\u00f5es de cada vacina). Onze estados e mais de 4 mil (72%) munic\u00edpios atingiram a meta. Mas cerca de 1.500 cidades ainda devem buscar alternativas para vacinar 95% do p\u00fablico-alvo at\u00e9 a sexta-feira (14), quando se encerra a Campanha Nacional de Vacina\u00e7\u00e3o.<\/p>\n<p style=\"text-align: justify;\">Na faixa et\u00e1ria de 3 e 4 anos, a cobertura vacinal est\u00e1 acima da meta, com 96,95% e 95,44%, respectivamente. A maior preocupa\u00e7\u00e3o \u00e9 com faixa de um ano de idade, cuja cobertura ainda est\u00e1 em 85,45%.<\/p>\n<p style=\"text-align: justify;\">O sarampo e a poliomielite s\u00e3o doen\u00e7as infectocontagiosas que podem resultar em complica\u00e7\u00f5es graves para as crian\u00e7as, al\u00e9m de levar at\u00e9 a casos de morte.<\/p>\n<p style=\"text-align: justify;\">Confira os munic\u00edpios que est\u00e3o com a cobertura vacinal de P\u00f3lio e Sarampo abaixo de 95%.<\/p>\n<p style=\"text-align: justify;\">\nPara mais informa\u00e7\u00f5es, acesse as p\u00e1ginas especializadas sobre sarampo, poliomielite e vacina\u00e7\u00e3o em geral no portal do Minist\u00e9rio da Sa\u00fade.<\/p>\n<table>\n<tbody>\n<tr>\n<td rowspan=\"2\"><strong>Municipio<\/strong><\/td>\n<td><strong>Poliomielite<\/strong><\/td>\n<td><strong>Sarampo (Triplice Viral<\/strong><\/td>\n<\/tr>\n<tr>\n<td><strong>Cobertura<\/strong><\/td>\n<td><strong>Cobertura<\/strong><\/td>\n<\/tr>\n<tr>\n<td>BELEM DE SAO FRANCISCO<\/td>\n<td>\u00a0\u00a0\u00a0\u00a0\u00a0\u00a0\u00a0\u00a0\u00a0\u00a0\u00a0\u00a0\u00a0\u00a0\u00a0\u00a0\u00a0\u00a0\u00a0\u00a0\u00a0\u00a0\u00a0\u00a0\u00a0\u00a0\u00a0\u00a0\u00a0\u00a0\u00a0\u00a0\u00a0\u00a0\u00a0 87,7<\/td>\n<td>\u00a0\u00a0\u00a0\u00a0\u00a0\u00a0\u00a0\u00a0\u00a0\u00a0\u00a0\u00a0\u00a0\u00a0\u00a0\u00a0\u00a0\u00a0\u00a0\u00a0\u00a0\u00a0\u00a0\u00a0\u00a0\u00a0\u00a0\u00a0\u00a0\u00a0\u00a0\u00a0\u00a0\u00a0\u00a0\u00a0 87,7<\/td>\n<\/tr>\n<tr>\n<td>DORMENTES<\/td>\n<td>\u00a0\u00a0\u00a0\u00a0\u00a0\u00a0\u00a0\u00a0\u00a0\u00a0\u00a0\u00a0\u00a0\u00a0\u00a0\u00a0\u00a0\u00a0\u00a0\u00a0\u00a0\u00a0\u00a0\u00a0\u00a0\u00a0\u00a0\u00a0\u00a0\u00a0\u00a0\u00a0\u00a0\u00a0\u00a0 89,4<\/td>\n<td>\u00a0\u00a0\u00a0\u00a0\u00a0\u00a0\u00a0\u00a0\u00a0\u00a0\u00a0\u00a0\u00a0\u00a0\u00a0\u00a0\u00a0\u00a0\u00a0\u00a0\u00a0\u00a0\u00a0\u00a0\u00a0\u00a0\u00a0\u00a0\u00a0\u00a0\u00a0\u00a0\u00a0\u00a0\u00a0\u00a0 89,4<\/td>\n<\/tr>\n<tr>\n<td>EXU<\/td>\n<td>\u00a0\u00a0\u00a0\u00a0\u00a0\u00a0\u00a0\u00a0\u00a0\u00a0\u00a0\u00a0\u00a0\u00a0\u00a0\u00a0\u00a0\u00a0\u00a0\u00a0\u00a0\u00a0\u00a0\u00a0\u00a0\u00a0\u00a0\u00a0\u00a0\u00a0\u00a0\u00a0\u00a0\u00a0\u00a0 88,9<\/td>\n<td>\u00a0\u00a0\u00a0\u00a0\u00a0\u00a0\u00a0\u00a0\u00a0\u00a0\u00a0\u00a0\u00a0\u00a0\u00a0\u00a0\u00a0\u00a0\u00a0\u00a0\u00a0\u00a0\u00a0\u00a0\u00a0\u00a0\u00a0\u00a0\u00a0\u00a0\u00a0\u00a0\u00a0\u00a0\u00a0\u00a0 88,3<\/td>\n<\/tr>\n<tr>\n<td>IGUARACI<\/td>\n<td>\u00a0\u00a0\u00a0\u00a0\u00a0\u00a0\u00a0\u00a0\u00a0\u00a0\u00a0\u00a0\u00a0\u00a0\u00a0\u00a0\u00a0\u00a0\u00a0\u00a0\u00a0\u00a0\u00a0\u00a0\u00a0\u00a0\u00a0\u00a0\u00a0\u00a0\u00a0\u00a0\u00a0\u00a0\u00a0 93,6<\/td>\n<td>\u00a0\u00a0\u00a0\u00a0\u00a0\u00a0\u00a0\u00a0\u00a0\u00a0\u00a0\u00a0\u00a0\u00a0\u00a0\u00a0\u00a0\u00a0\u00a0\u00a0\u00a0\u00a0\u00a0\u00a0\u00a0\u00a0\u00a0\u00a0\u00a0\u00a0\u00a0\u00a0\u00a0\u00a0\u00a0\u00a0 93,6<\/td>\n<\/tr>\n<tr>\n<td>ITACURUBA<\/td>\n<td>\u00a0\u00a0\u00a0\u00a0\u00a0\u00a0\u00a0\u00a0\u00a0\u00a0\u00a0\u00a0\u00a0\u00a0\u00a0\u00a0\u00a0\u00a0\u00a0\u00a0\u00a0\u00a0\u00a0\u00a0\u00a0\u00a0\u00a0\u00a0\u00a0\u00a0\u00a0\u00a0\u00a0\u00a0\u00a0 90,6<\/td>\n<td>\u00a0\u00a0\u00a0\u00a0\u00a0\u00a0\u00a0\u00a0\u00a0\u00a0\u00a0\u00a0\u00a0\u00a0\u00a0\u00a0\u00a0\u00a0\u00a0\u00a0\u00a0\u00a0\u00a0\u00a0\u00a0\u00a0\u00a0\u00a0\u00a0\u00a0\u00a0\u00a0\u00a0\u00a0\u00a0\u00a0 90,6<\/td>\n<\/tr>\n<tr>\n<td>LAGOA DOS GATOS<\/td>\n<td>\u00a0\u00a0\u00a0\u00a0\u00a0\u00a0\u00a0\u00a0\u00a0\u00a0\u00a0\u00a0\u00a0\u00a0\u00a0\u00a0\u00a0\u00a0\u00a0\u00a0\u00a0\u00a0\u00a0\u00a0\u00a0\u00a0\u00a0\u00a0\u00a0\u00a0\u00a0\u00a0\u00a0\u00a0\u00a0 90,0<\/td>\n<td>\u00a0\u00a0\u00a0\u00a0\u00a0\u00a0\u00a0\u00a0\u00a0\u00a0\u00a0\u00a0\u00a0\u00a0\u00a0\u00a0\u00a0\u00a0\u00a0\u00a0\u00a0\u00a0\u00a0\u00a0\u00a0\u00a0\u00a0\u00a0\u00a0\u00a0\u00a0\u00a0\u00a0\u00a0\u00a0\u00a0 90,0<\/td>\n<\/tr>\n<tr>\n<td>SANTA FILOMENA<\/td>\n<td>\u00a0\u00a0\u00a0\u00a0\u00a0\u00a0\u00a0\u00a0\u00a0\u00a0\u00a0\u00a0\u00a0\u00a0\u00a0\u00a0\u00a0\u00a0\u00a0\u00a0\u00a0\u00a0\u00a0\u00a0\u00a0\u00a0\u00a0\u00a0\u00a0\u00a0\u00a0\u00a0\u00a0\u00a0\u00a0 84,7<\/td>\n<td>\u00a0\u00a0\u00a0\u00a0\u00a0\u00a0\u00a0\u00a0\u00a0\u00a0\u00a0\u00a0\u00a0\u00a0\u00a0\u00a0\u00a0\u00a0\u00a0\u00a0\u00a0\u00a0\u00a0\u00a0\u00a0\u00a0\u00a0\u00a0\u00a0\u00a0\u00a0\u00a0\u00a0\u00a0\u00a0\u00a0 84,7<\/td>\n<\/tr>\n<tr>\n<td>TERRA NOVA<\/td>\n<td>\u00a0\u00a0\u00a0\u00a0\u00a0\u00a0\u00a0\u00a0\u00a0\u00a0\u00a0\u00a0\u00a0\u00a0\u00a0\u00a0\u00a0\u00a0\u00a0\u00a0\u00a0\u00a0\u00a0\u00a0\u00a0\u00a0\u00a0\u00a0\u00a0\u00a0\u00a0\u00a0\u00a0\u00a0\u00a0 90,6<\/td>\n<td>\u00a0\u00a0\u00a0\u00a0\u00a0\u00a0\u00a0\u00a0\u00a0\u00a0\u00a0\u00a0\u00a0\u00a0\u00a0\u00a0\u00a0\u00a0\u00a0\u00a0\u00a0\u00a0\u00a0\u00a0\u00a0\u00a0\u00a0\u00a0\u00a0\u00a0\u00a0\u00a0\u00a0\u00a0\u00a0\u00a0 90,6<\/td>\n<\/tr>\n<\/tbody>\n<\/table>\n<p>&nbsp;<\/p>\n<p>Fonte: Assessoria de Comunica\u00e7\u00e3o do Minist\u00e9rio da Sa\u00fade<\/p>\n","protected":false},"excerpt":{"rendered":"<p>Campanha nacional de vacina\u00e7\u00e3o termina na pr\u00f3xima sexta-feira (14). Em todo pa\u00eds, a cobertura vacinal contra a poliomielite e o sarampo est\u00e1 em 94% A tr\u00eas dias do t\u00e9rmino da Campanha Nacional de Vacina\u00e7\u00e3o, 8 munic\u00edpios de Pernambuco n\u00e3o atingiram a meta de vacinar, pelo menos, 95% das crian\u00e7as de um a menores de cinco [&hellip;]<\/p>\n","protected":false},"author":1,"featured_media":0,"comment_status":"open","ping_status":"open","sticky":false,"template":"","format":"standard","meta":{"ocean_post_layout":"","ocean_both_sidebars_style":"","ocean_both_sidebars_content_width":0,"ocean_both_sidebars_sidebars_width":0,"ocean_sidebar":"","ocean_second_sidebar":"","ocean_disable_margins":"enable","ocean_add_body_class":"","ocean_shortcode_before_top_bar":"","ocean_shortcode_after_top_bar":"","ocean_shortcode_before_header":"","ocean_shortcode_after_header":"","ocean_has_shortcode":"","ocean_shortcode_after_title":"","ocean_shortcode_before_footer_widgets":"","ocean_shortcode_after_footer_widgets":"","ocean_shortcode_before_footer_bottom":"","ocean_shortcode_after_footer_bottom":"","ocean_display_top_bar":"default","ocean_display_header":"default","ocean_header_style":"","ocean_center_header_left_menu":"","ocean_custom_header_template":"","ocean_custom_logo":0,"ocean_custom_retina_logo":0,"ocean_custom_logo_max_width":0,"ocean_custom_logo_tablet_max_width":0,"ocean_custom_logo_mobile_max_width":0,"ocean_custom_logo_max_height":0,"ocean_custom_logo_tablet_max_height":0,"ocean_custom_logo_mobile_max_height":0,"ocean_header_custom_menu":"","ocean_menu_typo_font_family":"","ocean_menu_typo_font_subset":"","ocean_menu_typo_font_size":0,"ocean_menu_typo_font_size_tablet":0,"ocean_menu_typo_font_size_mobile":0,"ocean_menu_typo_font_size_unit":"px","ocean_menu_typo_font_weight":"","ocean_menu_typo_font_weight_tablet":"","ocean_menu_typo_font_weight_mobile":"","ocean_menu_typo_transform":"","ocean_menu_typo_transform_tablet":"","ocean_menu_typo_transform_mobile":"","ocean_menu_typo_line_height":0,"ocean_menu_typo_line_height_tablet":0,"ocean_menu_typo_line_height_mobile":0,"ocean_menu_typo_line_height_unit":"","ocean_menu_typo_spacing":0,"ocean_menu_typo_spacing_tablet":0,"ocean_menu_typo_spacing_mobile":0,"ocean_menu_typo_spacing_unit":"","ocean_menu_link_color":"","ocean_menu_link_color_hover":"","ocean_menu_link_color_active":"","ocean_menu_link_background":"","ocean_menu_link_hover_background":"","ocean_menu_link_active_background":"","ocean_menu_social_links_bg":"","ocean_menu_social_hover_links_bg":"","ocean_menu_social_links_color":"","ocean_menu_social_hover_links_color":"","ocean_disable_title":"default","ocean_disable_heading":"default","ocean_post_title":"","ocean_post_subheading":"","ocean_post_title_style":"","ocean_post_title_background_color":"","ocean_post_title_background":0,"ocean_post_title_bg_image_position":"","ocean_post_title_bg_image_attachment":"","ocean_post_title_bg_image_repeat":"","ocean_post_title_bg_image_size":"","ocean_post_title_height":0,"ocean_post_title_bg_overlay":0.5,"ocean_post_title_bg_overlay_color":"","ocean_disable_breadcrumbs":"default","ocean_breadcrumbs_color":"","ocean_breadcrumbs_separator_color":"","ocean_breadcrumbs_links_color":"","ocean_breadcrumbs_links_hover_color":"","ocean_display_footer_widgets":"default","ocean_display_footer_bottom":"default","ocean_custom_footer_template":"","ocean_post_oembed":"","ocean_post_self_hosted_media":"","ocean_post_video_embed":"","ocean_link_format":"","ocean_link_format_target":"self","ocean_quote_format":"","ocean_quote_format_link":"post","ocean_gallery_link_images":"on","ocean_gallery_id":[]},"categories":[9],"tags":[1525,411,1725,1283,467],"acf":[],"_links":{"self":[{"href":"https:\/\/www.simepe.com.br\/novo\/wp-json\/wp\/v2\/posts\/48408"}],"collection":[{"href":"https:\/\/www.simepe.com.br\/novo\/wp-json\/wp\/v2\/posts"}],"about":[{"href":"https:\/\/www.simepe.com.br\/novo\/wp-json\/wp\/v2\/types\/post"}],"author":[{"embeddable":true,"href":"https:\/\/www.simepe.com.br\/novo\/wp-json\/wp\/v2\/users\/1"}],"replies":[{"embeddable":true,"href":"https:\/\/www.simepe.com.br\/novo\/wp-json\/wp\/v2\/comments?post=48408"}],"version-history":[{"count":1,"href":"https:\/\/www.simepe.com.br\/novo\/wp-json\/wp\/v2\/posts\/48408\/revisions"}],"predecessor-version":[{"id":48411,"href":"https:\/\/www.simepe.com.br\/novo\/wp-json\/wp\/v2\/posts\/48408\/revisions\/48411"}],"wp:attachment":[{"href":"https:\/\/www.simepe.com.br\/novo\/wp-json\/wp\/v2\/media?parent=48408"}],"wp:term":[{"taxonomy":"category","embeddable":true,"href":"https:\/\/www.simepe.com.br\/novo\/wp-json\/wp\/v2\/categories?post=48408"},{"taxonomy":"post_tag","embeddable":true,"href":"https:\/\/www.simepe.com.br\/novo\/wp-json\/wp\/v2\/tags?post=48408"}],"curies":[{"name":"wp","href":"https:\/\/api.w.org\/{rel}","templated":true}]}}