{"id":48452,"date":"2018-09-14T11:42:54","date_gmt":"2018-09-14T14:42:54","guid":{"rendered":"http:\/\/www.simepe.com.br\/novo\/?p=48452"},"modified":"2018-09-14T11:42:54","modified_gmt":"2018-09-14T14:42:54","slug":"movimento-unificado-categoria-medica-e-profissionais-nao-medicos-decidem-por-novas-paralisacoes-das-atividades-nos-postos-de-saude-nos-dias-18-e-19-de-setembro","status":"publish","type":"post","link":"https:\/\/www.simepe.com.br\/novo\/movimento-unificado-categoria-medica-e-profissionais-nao-medicos-decidem-por-novas-paralisacoes-das-atividades-nos-postos-de-saude-nos-dias-18-e-19-de-setembro\/","title":{"rendered":"Movimento unificado: categoria m\u00e9dica e profissionais n\u00e3o m\u00e9dicos decidem por novas paralisa\u00e7\u00f5es das atividades nos postos de sa\u00fade nos dias 18 e 19 de setembro"},"content":{"rendered":"<p style=\"text-align: justify;\">Dando continuidade \u00e0 mobiliza\u00e7\u00e3o da categoria m\u00e9dica e demais profissionais da sa\u00fade atuantes na Aten\u00e7\u00e3o B\u00e1sica, iniciada com a paralisa\u00e7\u00e3o das atividades no dia 3 de setembro, m\u00e9dicos decidem realizar um grande ato de manifesta\u00e7\u00e3o que reunir\u00e1 todas as classes da sa\u00fade em dois dias de paralisa\u00e7\u00e3o das atividades nos postos de sa\u00fade de Fortaleza. O movimento, agendado para os dias 18, a partir das 8h, na C\u00e2mara Municipal, e 19 de setembro, na Secretaria Municipal de Sa\u00fade (SMS), \u00e0s 8h, \u00e9 resultado da neglig\u00eancia e falta de solu\u00e7\u00f5es por parte da gest\u00e3o municipal, que ainda n\u00e3o adotou medidas que garantam a seguran\u00e7a dos profissionais e pacientes nas unidades, mesmo o Sindicato dos M\u00e9dicos do Cear\u00e1 j\u00e1 tendo oficiado, por diversas vezes nos \u00faltimos 4 anos, \u00e0 Prefeitura de Fortaleza, sendo a \u00faltima no dia 20 de julho, sobre a quest\u00e3o. Tal paralisa\u00e7\u00e3o \u00e9 perfeitamente amparada em Lei, sendo leg\u00edtimo exerc\u00edcio do direito reivindicat\u00f3rio classista, para melhores condi\u00e7\u00f5es de trabalho.<\/p>\n<p style=\"text-align: justify;\">O movimento unificado conta com a representa\u00e7\u00e3o do Sindicato dos M\u00e9dicos do Cear\u00e1, do Sindicato dos Servidores e Empregados P\u00fablicos do Munic\u00edpio de Fortaleza (SINDIFORT), do Sindicato dos Enfermeiros do Estado do Cear\u00e1 (SENECE) e do Sindicato dos Odontologistas do Cear\u00e1 (SINDIODONTO).<\/p>\n<p style=\"text-align: justify;\">O presidente do Sindicato dos M\u00e9dicos, Dr. Edmar Fernandes, ressalta que este \u00e9 um momento importante em que, juntas, as categorias estar\u00e3o mais fortalecidas para cobrar solu\u00e7\u00f5es imediatas da gest\u00e3o com rela\u00e7\u00e3o \u00e0 inseguran\u00e7a instalada nas unidades de sa\u00fade, a principal pauta da Campanha Sa\u00fade Precisa de Seguran\u00e7a. \u201cDa forma que est\u00e1, fica invi\u00e1vel os m\u00e9dicos e as equipes atenderem nos postos sob constante medo. Os casos de viol\u00eancia s\u00e3o corriqueiros. Unidos, conseguiremos fortalecer ainda mais nosso movimento de reivindica\u00e7\u00e3o\u201d, enfatiza.<\/p>\n<p style=\"text-align: justify;\"><strong>Sa\u00fade Precisa de Seguran\u00e7a<\/strong><\/p>\n<p style=\"text-align: justify;\">A campanha Sa\u00fade Precisa de Seguran\u00e7a, lan\u00e7ada em 26 de julho de 2016 pelo Sindicato dos M\u00e9dicos do Cear\u00e1, em parceria com a Associa\u00e7\u00e3o M\u00e9dica Cearense (AMC) e o Conselho Regional de Medicina (CREMEC), tem o objetivo de alertar as autoridades locais e a sociedade sobre o estado de inseguran\u00e7a de profissionais e pacientes nas unidades de sa\u00fade do Cear\u00e1. Inclusive, ciente da gravidade da situa\u00e7\u00e3o, o Sindicato solicitou, em julho de 2017, \u00e0 Secretaria de Seguran\u00e7a P\u00fablica e Defesa Social do Estado (SSPDS), a inclus\u00e3o de unidades de sa\u00fade \u2013 com recorrentes casos de viol\u00eancia registrados \u2013 no Programa \u201cCear\u00e1 Pac\u00edfico\u201d.<\/p>\n<p style=\"text-align: justify;\">\nFonte: Assessoria de Comunica\u00e7\u00e3o do Sindicato dos M\u00e9dicos do Cear\u00e1 (Simec)<\/p>\n","protected":false},"excerpt":{"rendered":"<p>Dando continuidade \u00e0 mobiliza\u00e7\u00e3o da categoria m\u00e9dica e demais profissionais da sa\u00fade atuantes na Aten\u00e7\u00e3o B\u00e1sica, iniciada com a paralisa\u00e7\u00e3o das atividades no dia 3 de setembro, m\u00e9dicos decidem realizar um grande ato de manifesta\u00e7\u00e3o que reunir\u00e1 todas as classes da sa\u00fade em dois dias de paralisa\u00e7\u00e3o das atividades nos postos de sa\u00fade de Fortaleza. [&hellip;]<\/p>\n","protected":false},"author":1,"featured_media":48453,"comment_status":"open","ping_status":"open","sticky":false,"template":"","format":"standard","meta":{"ocean_post_layout":"","ocean_both_sidebars_style":"","ocean_both_sidebars_content_width":0,"ocean_both_sidebars_sidebars_width":0,"ocean_sidebar":"","ocean_second_sidebar":"","ocean_disable_margins":"enable","ocean_add_body_class":"","ocean_shortcode_before_top_bar":"","ocean_shortcode_after_top_bar":"","ocean_shortcode_before_header":"","ocean_shortcode_after_header":"","ocean_has_shortcode":"","ocean_shortcode_after_title":"","ocean_shortcode_before_footer_widgets":"","ocean_shortcode_after_footer_widgets":"","ocean_shortcode_before_footer_bottom":"","ocean_shortcode_after_footer_bottom":"","ocean_display_top_bar":"default","ocean_display_header":"default","ocean_header_style":"","ocean_center_header_left_menu":"","ocean_custom_header_template":"","ocean_custom_logo":0,"ocean_custom_retina_logo":0,"ocean_custom_logo_max_width":0,"ocean_custom_logo_tablet_max_width":0,"ocean_custom_logo_mobile_max_width":0,"ocean_custom_logo_max_height":0,"ocean_custom_logo_tablet_max_height":0,"ocean_custom_logo_mobile_max_height":0,"ocean_header_custom_menu":"","ocean_menu_typo_font_family":"","ocean_menu_typo_font_subset":"","ocean_menu_typo_font_size":0,"ocean_menu_typo_font_size_tablet":0,"ocean_menu_typo_font_size_mobile":0,"ocean_menu_typo_font_size_unit":"px","ocean_menu_typo_font_weight":"","ocean_menu_typo_font_weight_tablet":"","ocean_menu_typo_font_weight_mobile":"","ocean_menu_typo_transform":"","ocean_menu_typo_transform_tablet":"","ocean_menu_typo_transform_mobile":"","ocean_menu_typo_line_height":0,"ocean_menu_typo_line_height_tablet":0,"ocean_menu_typo_line_height_mobile":0,"ocean_menu_typo_line_height_unit":"","ocean_menu_typo_spacing":0,"ocean_menu_typo_spacing_tablet":0,"ocean_menu_typo_spacing_mobile":0,"ocean_menu_typo_spacing_unit":"","ocean_menu_link_color":"","ocean_menu_link_color_hover":"","ocean_menu_link_color_active":"","ocean_menu_link_background":"","ocean_menu_link_hover_background":"","ocean_menu_link_active_background":"","ocean_menu_social_links_bg":"","ocean_menu_social_hover_links_bg":"","ocean_menu_social_links_color":"","ocean_menu_social_hover_links_color":"","ocean_disable_title":"default","ocean_disable_heading":"default","ocean_post_title":"","ocean_post_subheading":"","ocean_post_title_style":"","ocean_post_title_background_color":"","ocean_post_title_background":0,"ocean_post_title_bg_image_position":"","ocean_post_title_bg_image_attachment":"","ocean_post_title_bg_image_repeat":"","ocean_post_title_bg_image_size":"","ocean_post_title_height":0,"ocean_post_title_bg_overlay":0.5,"ocean_post_title_bg_overlay_color":"","ocean_disable_breadcrumbs":"default","ocean_breadcrumbs_color":"","ocean_breadcrumbs_separator_color":"","ocean_breadcrumbs_links_color":"","ocean_breadcrumbs_links_hover_color":"","ocean_display_footer_widgets":"default","ocean_display_footer_bottom":"default","ocean_custom_footer_template":"","ocean_post_oembed":"","ocean_post_self_hosted_media":"","ocean_post_video_embed":"","ocean_link_format":"","ocean_link_format_target":"self","ocean_quote_format":"","ocean_quote_format_link":"post","ocean_gallery_link_images":"on","ocean_gallery_id":[]},"categories":[1],"tags":[],"acf":[],"_links":{"self":[{"href":"https:\/\/www.simepe.com.br\/novo\/wp-json\/wp\/v2\/posts\/48452"}],"collection":[{"href":"https:\/\/www.simepe.com.br\/novo\/wp-json\/wp\/v2\/posts"}],"about":[{"href":"https:\/\/www.simepe.com.br\/novo\/wp-json\/wp\/v2\/types\/post"}],"author":[{"embeddable":true,"href":"https:\/\/www.simepe.com.br\/novo\/wp-json\/wp\/v2\/users\/1"}],"replies":[{"embeddable":true,"href":"https:\/\/www.simepe.com.br\/novo\/wp-json\/wp\/v2\/comments?post=48452"}],"version-history":[{"count":1,"href":"https:\/\/www.simepe.com.br\/novo\/wp-json\/wp\/v2\/posts\/48452\/revisions"}],"predecessor-version":[{"id":48454,"href":"https:\/\/www.simepe.com.br\/novo\/wp-json\/wp\/v2\/posts\/48452\/revisions\/48454"}],"wp:featuredmedia":[{"embeddable":true,"href":"https:\/\/www.simepe.com.br\/novo\/wp-json\/wp\/v2\/media\/48453"}],"wp:attachment":[{"href":"https:\/\/www.simepe.com.br\/novo\/wp-json\/wp\/v2\/media?parent=48452"}],"wp:term":[{"taxonomy":"category","embeddable":true,"href":"https:\/\/www.simepe.com.br\/novo\/wp-json\/wp\/v2\/categories?post=48452"},{"taxonomy":"post_tag","embeddable":true,"href":"https:\/\/www.simepe.com.br\/novo\/wp-json\/wp\/v2\/tags?post=48452"}],"curies":[{"name":"wp","href":"https:\/\/api.w.org\/{rel}","templated":true}]}}