{"id":48465,"date":"2018-09-17T08:57:27","date_gmt":"2018-09-17T11:57:27","guid":{"rendered":"http:\/\/www.simepe.com.br\/novo\/?p=48465"},"modified":"2018-09-17T08:57:27","modified_gmt":"2018-09-17T11:57:27","slug":"em-pernambuco-campanhas-eleitorais-ignoram-vitimas-do-virus-zika","status":"publish","type":"post","link":"https:\/\/www.simepe.com.br\/novo\/em-pernambuco-campanhas-eleitorais-ignoram-vitimas-do-virus-zika\/","title":{"rendered":"Em Pernambuco, campanhas eleitorais ignoram v\u00edtimas do v\u00edrus zika"},"content":{"rendered":"<p style=\"text-align: justify;\">De agosto de 2015 a julho deste ano, segundo dados da Secretaria Estadual de Sa\u00fade, foram notificados 2.555 beb\u00eas com microcefalia<\/p>\n<p style=\"text-align: justify;\">Tr\u00eas anos ap\u00f3s despertar a aten\u00e7\u00e3o do Brasil e do mundo, a epidemia causada pelo v\u00edrus zika e suas consequ\u00eancias &#8211; centenas de crian\u00e7as nasceram com microcefalia -, s\u00e3o ignoradas nas elei\u00e7\u00f5es deste ano pelos sete candidatos ao governo de Pernambuco, que registrou em 2015 o epicentro do surto.<\/p>\n<p style=\"text-align: justify;\">De acordo com levantamento feito pelo Estado nas diretrizes dos programas de governo registrados na Justi\u00e7a Eleitoral, apenas um cita o problema e, ainda assim, apresenta uma proposta em duas linhas. Enquanto isso, a falta de atendimento adequado e as filas de espera fazem parte das reclama\u00e7\u00f5es das fam\u00edlias, que se dizem abandonadas pelo poder p\u00fablico.<\/p>\n<p style=\"text-align: justify;\">De agosto de 2015 a julho deste ano, segundo dados da Secretaria Estadual de Sa\u00fade, foram notificados 2.555 beb\u00eas com microcefalia. Desses, 456 tiveram o diagn\u00f3stico confirmado e outros 304 est\u00e3o \u201cem investiga\u00e7\u00e3o\u201d ou tiveram o laudo \u201cinconclusivo\u201d. Do total de casos registrados, a pasta contabiliza 164 \u00f3bitos &#8211; 11 das mortes ocorreram em 2018.<\/p>\n<p style=\"text-align: justify;\">Diagnosticado com a s\u00edndrome cong\u00eanita do zika v\u00edrus s\u00f3 depois de tr\u00eas meses de vida, Bernardo Henrique de Oliveira, de 2 anos e 8 meses, vai completar 60 dias sem reabilita\u00e7\u00e3o. Ele n\u00e3o anda, n\u00e3o fala e tem dificuldades de degluti\u00e7\u00e3o. A ex-secret\u00e1ria e m\u00e3e do menino, B\u00e1rbara Ferreira, de 30 anos, diz que eles aguardam, em quatro listas de espera, a oportunidade para realizar as sess\u00f5es de terapia ocupacional, fonoaudiologia e fisioterapia, que, segundo os especialistas, s\u00e3o determinantes para o futuro do beb\u00ea.<\/p>\n<p style=\"text-align: justify;\">B\u00e1rbara e Bernardo se mudaram h\u00e1 seis meses, junto com o pai, o motorista Moab Henrique de Oliveira, de 28 anos, de Caruaru (PE) para o Recife \u201cpara ter mais chances de acompanhamento m\u00e9dico\u201d. A fam\u00edlia vive em um apartamento cedido por uma amiga.<\/p>\n<p style=\"text-align: justify;\">\u201cEm Caruaru, o atendimento \u00e9 prec\u00e1rio. Tinha a esperan\u00e7a que aqui meu filho fosse ao menos conseguir se sentar, mas, com menos de um ano de reabilita\u00e7\u00e3o, foi desligado porque o m\u00e9dico disse que ele n\u00e3o tinha atingido o objetivo do tratamento. Tentamos fazer alguns exerc\u00edcios em casa, mas n\u00e3o \u00e9 o suficiente\u201d, disse B\u00e1rbara.<\/p>\n<p style=\"text-align: justify;\"><strong>Oferta<\/strong><\/p>\n<p style=\"text-align: justify;\">\nCom o surto de casos da s\u00edndrome cong\u00eanita do v\u00edrus zika, a gest\u00e3o Paulo C\u00e2mara (PSB) diz que implantou 25 unidades de reabilita\u00e7\u00e3o. Por\u00e9m, segundo a Uni\u00e3o de M\u00e3es de Anjos (UMA) &#8211; associa\u00e7\u00e3o que representa as fam\u00edlias das crian\u00e7as -, a oferta de servi\u00e7os n\u00e3o atende \u00e0 demanda dos pacientes. \u201cAs fam\u00edlias do interior ainda precisam viajar horas para o Recife para tentar atendimento\u201d, afirmou a presidente da UMA, Germana Soares.<\/p>\n<p style=\"text-align: justify;\">O presidente do Conselho Regional de Fisioterapia e Terapia Ocupacional da 1.\u00ba Regi\u00e3o, Silano Barros, enviou na sexta-feira passada um question\u00e1rio \u00e0s coordena\u00e7\u00f5es de campanha dos postulantes ao Pal\u00e1cio do Campo das Princesas. Segundo ele, a inten\u00e7\u00e3o \u00e9 provocar os candidatos para colocar o tema da zika no debate.<\/p>\n<p style=\"text-align: justify;\">\u201cHoje, por falta de uma pol\u00edtica p\u00fablica a essas crian\u00e7as e a todas as outras pessoas com defici\u00eancia n\u00e3o existe um acompanhamento correto. Para os pacientes do zika, por exemplo, as sess\u00f5es s\u00e3o semanais e n\u00e3o passam de 20 minutos. Como essas crian\u00e7as v\u00e3o evoluir?\u201d, questionou Barros.<\/p>\n<p style=\"text-align: justify;\">Al\u00e9m da sa\u00fade, o desafio para o pr\u00f3ximo governo ser\u00e1 garantir o acesso \u00e0 educa\u00e7\u00e3o desses meninos e meninas. Conforme dados da UMA, apenas 8,3% dessas crian\u00e7as est\u00e3o matriculadas em creches. At\u00e9 o ano de 2022, elas estar\u00e3o entrando na fase de alfabetiza\u00e7\u00e3o.<\/p>\n<p style=\"text-align: justify;\">\u201cN\u00e3o \u00e9 a defici\u00eancia que incapacita essas pessoas. S\u00e3o as barreiras causadas pela falta de pol\u00edticas p\u00fablicas que impedem esses cidad\u00e3os de serem alfabetizados e, posteriormente, economicamente ativos\u201d, declarou o doutor em psicologia e professor de educa\u00e7\u00e3o inclusiva da Universidade Federal de Pernambuco, Francisco Lima.<\/p>\n<p style=\"text-align: justify;\">Para o docente, n\u00e3o \u00e9 surpresa que o tema n\u00e3o esteja contemplado nos programas de governo dos candidatos nem apare\u00e7a nos debates.<\/p>\n<p style=\"text-align: justify;\">\u201cEm 2015, como na d\u00e9cada de 1980 e 1990 com a paralisia infantil tivemos mais um momento de sensibiliza\u00e7\u00e3o, e n\u00e3o de conscientiza\u00e7\u00e3o. Nossos candidatos n\u00e3o t\u00eam consci\u00eancia do problema e, assim, condenam mais uma gera\u00e7\u00e3o \u00e0 invisibilidade\u201d, afirmou o professor.<\/p>\n<p style=\"text-align: justify;\"><strong>Candidatos <\/strong><\/p>\n<p style=\"text-align: justify;\">\nOs candidatos minimizaram a aus\u00eancia das consequ\u00eancias do v\u00edrus zika nos plano de governo registrados no Tribunal Superior Eleitoral (TSE) e disseram que v\u00e3o apresentar as promessas at\u00e9 o primeiro turno das elei\u00e7\u00f5es 2018, no dia 7 de outubro. Entre as propostas est\u00e1 a constru\u00e7\u00e3o de centros regionais, concess\u00e3o de aux\u00edlio financeiro e mutir\u00f5es de atendimento.<\/p>\n<p style=\"text-align: justify;\">Candidato \u00e0 reelei\u00e7\u00e3o, o governador Paulo C\u00e2mara (PSB) n\u00e3o comentou as den\u00fancias das fam\u00edlias e especialistas em rela\u00e7\u00e3o \u00e0 precariedade do atendimento \u00e0s crian\u00e7as com a s\u00edndrome. Por meio de nota, C\u00e2mara afirmou que vai manter o atual modelo, mas \u201cas propostas s\u00e3o constru\u00eddas com a sociedade durante o debate eleitoral\u201d.<\/p>\n<p style=\"text-align: justify;\">O senador Armando Monteiro (PTB) disse que est\u00e1 construindo seu programa para as crian\u00e7as ouvindo as fam\u00edlias e os especialistas. O candidato pretende fortalecer o mapeamento dos pacientes e fazer parceria com os munic\u00edpios.<\/p>\n<p style=\"text-align: justify;\">Dani Portela (PSOL) \u00e9 a \u00fanica que cita a s\u00edndrome cong\u00eanita do v\u00edrus zika. Ela prop\u00f5e a cria\u00e7\u00e3o de um centro de reabilita\u00e7\u00e3o para essa e outras doen\u00e7as raras. Em, nota, a candidata disse que se eleita vai fazer um levantamento dos casos, atender \u00e0s quest\u00f5es de sa\u00fade b\u00e1sica e estruturar uma rede de educa\u00e7\u00e3o a partir das creches. Os recursos, segundo a candidata, viriam do corte de secretarias e cargos comissionados.<\/p>\n<p style=\"text-align: justify;\">\u00danico m\u00e9dico entre os concorrentes, J\u00falio L\u00f3ssio (Rede), disse que sua plataforma contempla as crian\u00e7as afetadas ainda que n\u00e3o citadas no eixo \u201cacessibilidade\u201d. L\u00f3ssio promete fortalecer e criar centros regionais de atendimento &#8211; quatro no sert\u00e3o, um no agreste e outro em Recife. \u201cQuando prefeito colocamos 100% de professores de AEE (Atendimento Educacional Especializado) para atender as crian\u00e7as com defici\u00eancia.\u201d<\/p>\n<p style=\"text-align: justify;\">Maur\u00edcio Rands (PROS) declarou, em nota, que seu programa est\u00e1 sendo constru\u00eddo por meio de plataforma interativa na internet. O candidato afirma que pretende integrar a rede de sa\u00fade, investir em agentes comunit\u00e1rios e realizar mutir\u00f5es para zerar a fila de espera.<\/p>\n<p style=\"text-align: justify;\">Simone Fontana (PSTU) disse que pretende implantar \u201creabilita\u00e7\u00e3o multidisciplinar\u201d, hospitais regionais e a constru\u00e7\u00e3o de novas creches e escolas para atender as crian\u00e7as. Ana Patr\u00edcia Alves (PCO) n\u00e3o foi localizada.<\/p>\n<p style=\"text-align: justify;\">\n<p style=\"text-align: justify;\">Fonte: Diario de Pernambuco<\/p>\n","protected":false},"excerpt":{"rendered":"<p>De agosto de 2015 a julho deste ano, segundo dados da Secretaria Estadual de Sa\u00fade, foram notificados 2.555 beb\u00eas com microcefalia Tr\u00eas anos ap\u00f3s despertar a aten\u00e7\u00e3o do Brasil e do mundo, a epidemia causada pelo v\u00edrus zika e suas consequ\u00eancias &#8211; centenas de crian\u00e7as nasceram com microcefalia -, s\u00e3o ignoradas nas elei\u00e7\u00f5es deste ano [&hellip;]<\/p>\n","protected":false},"author":1,"featured_media":0,"comment_status":"open","ping_status":"open","sticky":false,"template":"","format":"standard","meta":{"ocean_post_layout":"","ocean_both_sidebars_style":"","ocean_both_sidebars_content_width":0,"ocean_both_sidebars_sidebars_width":0,"ocean_sidebar":"","ocean_second_sidebar":"","ocean_disable_margins":"enable","ocean_add_body_class":"","ocean_shortcode_before_top_bar":"","ocean_shortcode_after_top_bar":"","ocean_shortcode_before_header":"","ocean_shortcode_after_header":"","ocean_has_shortcode":"","ocean_shortcode_after_title":"","ocean_shortcode_before_footer_widgets":"","ocean_shortcode_after_footer_widgets":"","ocean_shortcode_before_footer_bottom":"","ocean_shortcode_after_footer_bottom":"","ocean_display_top_bar":"default","ocean_display_header":"default","ocean_header_style":"","ocean_center_header_left_menu":"","ocean_custom_header_template":"","ocean_custom_logo":0,"ocean_custom_retina_logo":0,"ocean_custom_logo_max_width":0,"ocean_custom_logo_tablet_max_width":0,"ocean_custom_logo_mobile_max_width":0,"ocean_custom_logo_max_height":0,"ocean_custom_logo_tablet_max_height":0,"ocean_custom_logo_mobile_max_height":0,"ocean_header_custom_menu":"","ocean_menu_typo_font_family":"","ocean_menu_typo_font_subset":"","ocean_menu_typo_font_size":0,"ocean_menu_typo_font_size_tablet":0,"ocean_menu_typo_font_size_mobile":0,"ocean_menu_typo_font_size_unit":"px","ocean_menu_typo_font_weight":"","ocean_menu_typo_font_weight_tablet":"","ocean_menu_typo_font_weight_mobile":"","ocean_menu_typo_transform":"","ocean_menu_typo_transform_tablet":"","ocean_menu_typo_transform_mobile":"","ocean_menu_typo_line_height":0,"ocean_menu_typo_line_height_tablet":0,"ocean_menu_typo_line_height_mobile":0,"ocean_menu_typo_line_height_unit":"","ocean_menu_typo_spacing":0,"ocean_menu_typo_spacing_tablet":0,"ocean_menu_typo_spacing_mobile":0,"ocean_menu_typo_spacing_unit":"","ocean_menu_link_color":"","ocean_menu_link_color_hover":"","ocean_menu_link_color_active":"","ocean_menu_link_background":"","ocean_menu_link_hover_background":"","ocean_menu_link_active_background":"","ocean_menu_social_links_bg":"","ocean_menu_social_hover_links_bg":"","ocean_menu_social_links_color":"","ocean_menu_social_hover_links_color":"","ocean_disable_title":"default","ocean_disable_heading":"default","ocean_post_title":"","ocean_post_subheading":"","ocean_post_title_style":"","ocean_post_title_background_color":"","ocean_post_title_background":0,"ocean_post_title_bg_image_position":"","ocean_post_title_bg_image_attachment":"","ocean_post_title_bg_image_repeat":"","ocean_post_title_bg_image_size":"","ocean_post_title_height":0,"ocean_post_title_bg_overlay":0.5,"ocean_post_title_bg_overlay_color":"","ocean_disable_breadcrumbs":"default","ocean_breadcrumbs_color":"","ocean_breadcrumbs_separator_color":"","ocean_breadcrumbs_links_color":"","ocean_breadcrumbs_links_hover_color":"","ocean_display_footer_widgets":"default","ocean_display_footer_bottom":"default","ocean_custom_footer_template":"","ocean_post_oembed":"","ocean_post_self_hosted_media":"","ocean_post_video_embed":"","ocean_link_format":"","ocean_link_format_target":"self","ocean_quote_format":"","ocean_quote_format_link":"post","ocean_gallery_link_images":"on","ocean_gallery_id":[]},"categories":[9],"tags":[109,1591,1989],"acf":[],"_links":{"self":[{"href":"https:\/\/www.simepe.com.br\/novo\/wp-json\/wp\/v2\/posts\/48465"}],"collection":[{"href":"https:\/\/www.simepe.com.br\/novo\/wp-json\/wp\/v2\/posts"}],"about":[{"href":"https:\/\/www.simepe.com.br\/novo\/wp-json\/wp\/v2\/types\/post"}],"author":[{"embeddable":true,"href":"https:\/\/www.simepe.com.br\/novo\/wp-json\/wp\/v2\/users\/1"}],"replies":[{"embeddable":true,"href":"https:\/\/www.simepe.com.br\/novo\/wp-json\/wp\/v2\/comments?post=48465"}],"version-history":[{"count":1,"href":"https:\/\/www.simepe.com.br\/novo\/wp-json\/wp\/v2\/posts\/48465\/revisions"}],"predecessor-version":[{"id":48466,"href":"https:\/\/www.simepe.com.br\/novo\/wp-json\/wp\/v2\/posts\/48465\/revisions\/48466"}],"wp:attachment":[{"href":"https:\/\/www.simepe.com.br\/novo\/wp-json\/wp\/v2\/media?parent=48465"}],"wp:term":[{"taxonomy":"category","embeddable":true,"href":"https:\/\/www.simepe.com.br\/novo\/wp-json\/wp\/v2\/categories?post=48465"},{"taxonomy":"post_tag","embeddable":true,"href":"https:\/\/www.simepe.com.br\/novo\/wp-json\/wp\/v2\/tags?post=48465"}],"curies":[{"name":"wp","href":"https:\/\/api.w.org\/{rel}","templated":true}]}}