{"id":48476,"date":"2018-09-17T10:05:37","date_gmt":"2018-09-17T13:05:37","guid":{"rendered":"http:\/\/www.simepe.com.br\/novo\/?p=48476"},"modified":"2018-09-17T10:05:37","modified_gmt":"2018-09-17T13:05:37","slug":"medicos-marcam-protesto-para-reivindicar-plano-de-cargos-carreiras-e-salarios-em-parnamirim","status":"publish","type":"post","link":"https:\/\/www.simepe.com.br\/novo\/medicos-marcam-protesto-para-reivindicar-plano-de-cargos-carreiras-e-salarios-em-parnamirim\/","title":{"rendered":"M\u00e9dicos marcam protesto para reivindicar Plano de Cargos, Carreiras e Sal\u00e1rios em Parnamirim"},"content":{"rendered":"<p style=\"text-align: justify;\">O Sindicato dos M\u00e9dicos do Rio Grande do Norte (Sinmed\/RN) planeja um ato p\u00fablico na pr\u00f3xima segunda-feira (17), para reivindicar a implementa\u00e7\u00e3o do Plano de Cargos, Carreiras e Sal\u00e1rios (PCCS) dos servidores da sa\u00fade do munic\u00edpio de Parnamirim.<\/p>\n<p style=\"text-align: justify;\">A categoria ir\u00e1 se concentrar \u00e0s 9h, em frente \u00e0 sede da Prefeitura de Parnamirim, localizada na Avenida Castor Vieira R\u00e9gis, n\u00ba 50, Cohabinal.<\/p>\n<p style=\"text-align: justify;\">A manifesta\u00e7\u00e3o ter\u00e1 ades\u00e3o de outros sindicatos da sa\u00fade e visa acelerar as negocia\u00e7\u00f5es do PCCS para que o projeto de lei seja encaminhado ao Legislativo Municipal e o tr\u00e2mite processual tenha in\u00edcio ainda este ano.<\/p>\n<p style=\"text-align: justify;\">A Secretaria Municipal de Sa\u00fade se comprometeu a apresentar ao Sinmed RN, na pr\u00f3xima quinta-feira (20), um estudo preliminar do plano sob a vis\u00e3o da atual gest\u00e3o, diante dos compromissos firmados no Termo de Ajustamento de Gest\u00e3o (TAG) e do concurso p\u00fablico.<\/p>\n<p style=\"text-align: justify;\">\n<p style=\"text-align: justify;\">Fonte: Assessoria de Comunica\u00e7\u00e3o do Sindicato dos M\u00e9dicos do Rio Grande do Norte (Sinmed RN)<\/p>\n<p>&nbsp;<\/p>\n<p>&nbsp;<\/p>\n","protected":false},"excerpt":{"rendered":"<p>O Sindicato dos M\u00e9dicos do Rio Grande do Norte (Sinmed\/RN) planeja um ato p\u00fablico na pr\u00f3xima segunda-feira (17), para reivindicar a implementa\u00e7\u00e3o do Plano de Cargos, Carreiras e Sal\u00e1rios (PCCS) dos servidores da sa\u00fade do munic\u00edpio de Parnamirim. A categoria ir\u00e1 se concentrar \u00e0s 9h, em frente \u00e0 sede da Prefeitura de Parnamirim, localizada na [&hellip;]<\/p>\n","protected":false},"author":1,"featured_media":48477,"comment_status":"open","ping_status":"open","sticky":false,"template":"","format":"standard","meta":{"ocean_post_layout":"","ocean_both_sidebars_style":"","ocean_both_sidebars_content_width":0,"ocean_both_sidebars_sidebars_width":0,"ocean_sidebar":"","ocean_second_sidebar":"","ocean_disable_margins":"enable","ocean_add_body_class":"","ocean_shortcode_before_top_bar":"","ocean_shortcode_after_top_bar":"","ocean_shortcode_before_header":"","ocean_shortcode_after_header":"","ocean_has_shortcode":"","ocean_shortcode_after_title":"","ocean_shortcode_before_footer_widgets":"","ocean_shortcode_after_footer_widgets":"","ocean_shortcode_before_footer_bottom":"","ocean_shortcode_after_footer_bottom":"","ocean_display_top_bar":"default","ocean_display_header":"default","ocean_header_style":"","ocean_center_header_left_menu":"","ocean_custom_header_template":"","ocean_custom_logo":0,"ocean_custom_retina_logo":0,"ocean_custom_logo_max_width":0,"ocean_custom_logo_tablet_max_width":0,"ocean_custom_logo_mobile_max_width":0,"ocean_custom_logo_max_height":0,"ocean_custom_logo_tablet_max_height":0,"ocean_custom_logo_mobile_max_height":0,"ocean_header_custom_menu":"","ocean_menu_typo_font_family":"","ocean_menu_typo_font_subset":"","ocean_menu_typo_font_size":0,"ocean_menu_typo_font_size_tablet":0,"ocean_menu_typo_font_size_mobile":0,"ocean_menu_typo_font_size_unit":"px","ocean_menu_typo_font_weight":"","ocean_menu_typo_font_weight_tablet":"","ocean_menu_typo_font_weight_mobile":"","ocean_menu_typo_transform":"","ocean_menu_typo_transform_tablet":"","ocean_menu_typo_transform_mobile":"","ocean_menu_typo_line_height":0,"ocean_menu_typo_line_height_tablet":0,"ocean_menu_typo_line_height_mobile":0,"ocean_menu_typo_line_height_unit":"","ocean_menu_typo_spacing":0,"ocean_menu_typo_spacing_tablet":0,"ocean_menu_typo_spacing_mobile":0,"ocean_menu_typo_spacing_unit":"","ocean_menu_link_color":"","ocean_menu_link_color_hover":"","ocean_menu_link_color_active":"","ocean_menu_link_background":"","ocean_menu_link_hover_background":"","ocean_menu_link_active_background":"","ocean_menu_social_links_bg":"","ocean_menu_social_hover_links_bg":"","ocean_menu_social_links_color":"","ocean_menu_social_hover_links_color":"","ocean_disable_title":"default","ocean_disable_heading":"default","ocean_post_title":"","ocean_post_subheading":"","ocean_post_title_style":"","ocean_post_title_background_color":"","ocean_post_title_background":0,"ocean_post_title_bg_image_position":"","ocean_post_title_bg_image_attachment":"","ocean_post_title_bg_image_repeat":"","ocean_post_title_bg_image_size":"","ocean_post_title_height":0,"ocean_post_title_bg_overlay":0.5,"ocean_post_title_bg_overlay_color":"","ocean_disable_breadcrumbs":"default","ocean_breadcrumbs_color":"","ocean_breadcrumbs_separator_color":"","ocean_breadcrumbs_links_color":"","ocean_breadcrumbs_links_hover_color":"","ocean_display_footer_widgets":"default","ocean_display_footer_bottom":"default","ocean_custom_footer_template":"","ocean_post_oembed":"","ocean_post_self_hosted_media":"","ocean_post_video_embed":"","ocean_link_format":"","ocean_link_format_target":"self","ocean_quote_format":"","ocean_quote_format_link":"post","ocean_gallery_link_images":"on","ocean_gallery_id":[]},"categories":[1],"tags":[],"acf":[],"_links":{"self":[{"href":"https:\/\/www.simepe.com.br\/novo\/wp-json\/wp\/v2\/posts\/48476"}],"collection":[{"href":"https:\/\/www.simepe.com.br\/novo\/wp-json\/wp\/v2\/posts"}],"about":[{"href":"https:\/\/www.simepe.com.br\/novo\/wp-json\/wp\/v2\/types\/post"}],"author":[{"embeddable":true,"href":"https:\/\/www.simepe.com.br\/novo\/wp-json\/wp\/v2\/users\/1"}],"replies":[{"embeddable":true,"href":"https:\/\/www.simepe.com.br\/novo\/wp-json\/wp\/v2\/comments?post=48476"}],"version-history":[{"count":1,"href":"https:\/\/www.simepe.com.br\/novo\/wp-json\/wp\/v2\/posts\/48476\/revisions"}],"predecessor-version":[{"id":48478,"href":"https:\/\/www.simepe.com.br\/novo\/wp-json\/wp\/v2\/posts\/48476\/revisions\/48478"}],"wp:featuredmedia":[{"embeddable":true,"href":"https:\/\/www.simepe.com.br\/novo\/wp-json\/wp\/v2\/media\/48477"}],"wp:attachment":[{"href":"https:\/\/www.simepe.com.br\/novo\/wp-json\/wp\/v2\/media?parent=48476"}],"wp:term":[{"taxonomy":"category","embeddable":true,"href":"https:\/\/www.simepe.com.br\/novo\/wp-json\/wp\/v2\/categories?post=48476"},{"taxonomy":"post_tag","embeddable":true,"href":"https:\/\/www.simepe.com.br\/novo\/wp-json\/wp\/v2\/tags?post=48476"}],"curies":[{"name":"wp","href":"https:\/\/api.w.org\/{rel}","templated":true}]}}