{"id":48483,"date":"2018-09-17T10:32:15","date_gmt":"2018-09-17T13:32:15","guid":{"rendered":"http:\/\/www.simepe.com.br\/novo\/?p=48483"},"modified":"2018-09-17T10:32:15","modified_gmt":"2018-09-17T13:32:15","slug":"estresse-e-depressao-afetam-40-dos-profissionais-de-saude","status":"publish","type":"post","link":"https:\/\/www.simepe.com.br\/novo\/estresse-e-depressao-afetam-40-dos-profissionais-de-saude\/","title":{"rendered":"Estresse e depress\u00e3o afetam 40% dos profissionais de sa\u00fade"},"content":{"rendered":"<p style=\"text-align: justify;\">Mais de 40% dos profissionais de sa\u00fade sofrem de estresse e depress\u00e3o. Isso \u00e9 o que apontou uma pesquisa realizada pela Escola de Enfermagem de Ribeir\u00e3o Preto (EERP) da USP.<br \/>\nO estudo foi realizado com 145 profissionais de sa\u00fade, entre eles enfermeiros, t\u00e9cnicos e auxiliares de enfermagem com idade m\u00e9dia de 44 anos.<\/p>\n<p style=\"text-align: justify;\">A psicanalista Cristina Calvi Velo ressalta a import\u00e2ncia dos cuidados com a sa\u00fade mental que, quando negligenciada, pode resultar em graves consequ\u00eancias. \u201c\u00c9 preciso alertar sobre a import\u00e2ncia do equil\u00edbrio mental e do emocional, porque, quando n\u00e3o est\u00e3o ajustados, os imprevistos acabam acontecendo\u201d, afirma.<\/p>\n<p style=\"text-align: justify;\">Levando em conta esse cen\u00e1rio, o Grupo da Sa\u00fade realiza, desde o in\u00edcio do ano, palestras gratuitas com o objetivo de contribuir com o bem-estar f\u00edsico e mental de quem dedica a vida a cuidar da sa\u00fade das pessoas. As apresenta\u00e7\u00f5es s\u00e3o dirigidas aos profissionais de sa\u00fade e ministradas mensalmente por m\u00e9dicos volunt\u00e1rios da Universal.<\/p>\n<p style=\"text-align: justify;\">Os encontros ocorrem em hospitais, al\u00e9m de outros locais. S\u00e3o abordados temas como depress\u00e3o e intelig\u00eancia emocional para que os profissionais de sa\u00fade, submetidos diariamente ao estresse do exerc\u00edcio da profiss\u00e3o, consigam manter o equil\u00edbrio emocional.<\/p>\n<p style=\"text-align: justify;\">Eduardo Ribeiro, coordenador do Grupo da Sa\u00fade, afirma que a responsabilidade da tomada de decis\u00f5es que v\u00e3o influenciar a vida do paciente impacta na sa\u00fade dos profissionais. \u201cA pr\u00e1tica da medicina provoca alto grau de estresse e exige a tomada de decis\u00f5es importantes que impactam na vida de outras pessoas. As palestras convidam o profissional a fazer essa reflex\u00e3o\u201d, enfatiza.<\/p>\n<p style=\"text-align: justify;\">Conflitos enfrentados pelos m\u00e9dicos, que muitas vezes levam ao uso de antidepressivos e at\u00e9 ao suic\u00eddio, tamb\u00e9m s\u00e3o temas tratados nas palestras. \u201cJustamente o m\u00e9dico que estudou e dedicou tanto tempo para salvar vidas se v\u00ea angustiado a ponto de querer tirar a pr\u00f3pria vida\u201d, afirma Ribeiro.<\/p>\n<p style=\"text-align: justify;\">A enfermeira Maria Teresa dos Santos, 40, \u00e9 uma das profissionais de sa\u00fade que participam das palestras. Ela relata que chegou a enfrentar a depress\u00e3o e at\u00e9 a pensar em suic\u00eddio. Segundo ela, os encontros ofereceram suporte e foram fundamentais para que ela conseguisse superar a depress\u00e3o e os pensamentos de morte.<\/p>\n<p style=\"text-align: justify;\">\u201cGra\u00e7as a Deus conquistei de volta o bem-estar comigo mesma e com a profiss\u00e3o\u201d, afirma.<\/p>\n<p style=\"text-align: justify;\">Por isso, aprender a controlar os sentimentos \u00e9 fundamental, pois estes n\u00e3o podem interferir na qualidade do atendimento prestado aos pacientes e, tampouco, prejudicar a sa\u00fade mental e emocional do profissional da \u00e1rea.<\/p>\n<p style=\"text-align: justify;\">O Grupo da Sa\u00fade tem como miss\u00e3o levar conforto emocional, psicol\u00f3gico e espiritual a todos as pessoas que passam por sofrimentos e afli\u00e7\u00f5es no ambiente hospitalar, sejam pacientes, familiares ou profissionais. Para saber mais sobre o trabalho desenvolvido por esses volunt\u00e1rios, acesse o link.<\/p>\n<p style=\"text-align: justify;\">\n<p style=\"text-align: justify;\">Fonte: Assessoria de Comunica\u00e7\u00e3o do Sindicato dos M\u00e9dicos do Par\u00e1 (Sinmepa)<\/p>\n","protected":false},"excerpt":{"rendered":"<p>Mais de 40% dos profissionais de sa\u00fade sofrem de estresse e depress\u00e3o. Isso \u00e9 o que apontou uma pesquisa realizada pela Escola de Enfermagem de Ribeir\u00e3o Preto (EERP) da USP. O estudo foi realizado com 145 profissionais de sa\u00fade, entre eles enfermeiros, t\u00e9cnicos e auxiliares de enfermagem com idade m\u00e9dia de 44 anos. A psicanalista [&hellip;]<\/p>\n","protected":false},"author":1,"featured_media":48484,"comment_status":"open","ping_status":"open","sticky":false,"template":"","format":"standard","meta":{"ocean_post_layout":"","ocean_both_sidebars_style":"","ocean_both_sidebars_content_width":0,"ocean_both_sidebars_sidebars_width":0,"ocean_sidebar":"","ocean_second_sidebar":"","ocean_disable_margins":"enable","ocean_add_body_class":"","ocean_shortcode_before_top_bar":"","ocean_shortcode_after_top_bar":"","ocean_shortcode_before_header":"","ocean_shortcode_after_header":"","ocean_has_shortcode":"","ocean_shortcode_after_title":"","ocean_shortcode_before_footer_widgets":"","ocean_shortcode_after_footer_widgets":"","ocean_shortcode_before_footer_bottom":"","ocean_shortcode_after_footer_bottom":"","ocean_display_top_bar":"default","ocean_display_header":"default","ocean_header_style":"","ocean_center_header_left_menu":"","ocean_custom_header_template":"","ocean_custom_logo":0,"ocean_custom_retina_logo":0,"ocean_custom_logo_max_width":0,"ocean_custom_logo_tablet_max_width":0,"ocean_custom_logo_mobile_max_width":0,"ocean_custom_logo_max_height":0,"ocean_custom_logo_tablet_max_height":0,"ocean_custom_logo_mobile_max_height":0,"ocean_header_custom_menu":"","ocean_menu_typo_font_family":"","ocean_menu_typo_font_subset":"","ocean_menu_typo_font_size":0,"ocean_menu_typo_font_size_tablet":0,"ocean_menu_typo_font_size_mobile":0,"ocean_menu_typo_font_size_unit":"px","ocean_menu_typo_font_weight":"","ocean_menu_typo_font_weight_tablet":"","ocean_menu_typo_font_weight_mobile":"","ocean_menu_typo_transform":"","ocean_menu_typo_transform_tablet":"","ocean_menu_typo_transform_mobile":"","ocean_menu_typo_line_height":0,"ocean_menu_typo_line_height_tablet":0,"ocean_menu_typo_line_height_mobile":0,"ocean_menu_typo_line_height_unit":"","ocean_menu_typo_spacing":0,"ocean_menu_typo_spacing_tablet":0,"ocean_menu_typo_spacing_mobile":0,"ocean_menu_typo_spacing_unit":"","ocean_menu_link_color":"","ocean_menu_link_color_hover":"","ocean_menu_link_color_active":"","ocean_menu_link_background":"","ocean_menu_link_hover_background":"","ocean_menu_link_active_background":"","ocean_menu_social_links_bg":"","ocean_menu_social_hover_links_bg":"","ocean_menu_social_links_color":"","ocean_menu_social_hover_links_color":"","ocean_disable_title":"default","ocean_disable_heading":"default","ocean_post_title":"","ocean_post_subheading":"","ocean_post_title_style":"","ocean_post_title_background_color":"","ocean_post_title_background":0,"ocean_post_title_bg_image_position":"","ocean_post_title_bg_image_attachment":"","ocean_post_title_bg_image_repeat":"","ocean_post_title_bg_image_size":"","ocean_post_title_height":0,"ocean_post_title_bg_overlay":0.5,"ocean_post_title_bg_overlay_color":"","ocean_disable_breadcrumbs":"default","ocean_breadcrumbs_color":"","ocean_breadcrumbs_separator_color":"","ocean_breadcrumbs_links_color":"","ocean_breadcrumbs_links_hover_color":"","ocean_display_footer_widgets":"default","ocean_display_footer_bottom":"default","ocean_custom_footer_template":"","ocean_post_oembed":"","ocean_post_self_hosted_media":"","ocean_post_video_embed":"","ocean_link_format":"","ocean_link_format_target":"self","ocean_quote_format":"","ocean_quote_format_link":"post","ocean_gallery_link_images":"on","ocean_gallery_id":[]},"categories":[1],"tags":[],"acf":[],"_links":{"self":[{"href":"https:\/\/www.simepe.com.br\/novo\/wp-json\/wp\/v2\/posts\/48483"}],"collection":[{"href":"https:\/\/www.simepe.com.br\/novo\/wp-json\/wp\/v2\/posts"}],"about":[{"href":"https:\/\/www.simepe.com.br\/novo\/wp-json\/wp\/v2\/types\/post"}],"author":[{"embeddable":true,"href":"https:\/\/www.simepe.com.br\/novo\/wp-json\/wp\/v2\/users\/1"}],"replies":[{"embeddable":true,"href":"https:\/\/www.simepe.com.br\/novo\/wp-json\/wp\/v2\/comments?post=48483"}],"version-history":[{"count":1,"href":"https:\/\/www.simepe.com.br\/novo\/wp-json\/wp\/v2\/posts\/48483\/revisions"}],"predecessor-version":[{"id":48485,"href":"https:\/\/www.simepe.com.br\/novo\/wp-json\/wp\/v2\/posts\/48483\/revisions\/48485"}],"wp:featuredmedia":[{"embeddable":true,"href":"https:\/\/www.simepe.com.br\/novo\/wp-json\/wp\/v2\/media\/48484"}],"wp:attachment":[{"href":"https:\/\/www.simepe.com.br\/novo\/wp-json\/wp\/v2\/media?parent=48483"}],"wp:term":[{"taxonomy":"category","embeddable":true,"href":"https:\/\/www.simepe.com.br\/novo\/wp-json\/wp\/v2\/categories?post=48483"},{"taxonomy":"post_tag","embeddable":true,"href":"https:\/\/www.simepe.com.br\/novo\/wp-json\/wp\/v2\/tags?post=48483"}],"curies":[{"name":"wp","href":"https:\/\/api.w.org\/{rel}","templated":true}]}}