{"id":48497,"date":"2018-09-18T08:20:03","date_gmt":"2018-09-18T11:20:03","guid":{"rendered":"http:\/\/www.simepe.com.br\/novo\/?p=48497"},"modified":"2018-09-18T08:20:03","modified_gmt":"2018-09-18T11:20:03","slug":"campanha-de-vacinacao-contra-polio-e-sarampo-atinge-meta-diz-governo","status":"publish","type":"post","link":"https:\/\/www.simepe.com.br\/novo\/campanha-de-vacinacao-contra-polio-e-sarampo-atinge-meta-diz-governo\/","title":{"rendered":"Campanha de vacina\u00e7\u00e3o contra p\u00f3lio e sarampo atinge meta, diz governo"},"content":{"rendered":"<p style=\"text-align: justify;\">A campanha foi encerrada na sexta-feira (14), depois de ter sido prorrogada pelo Minist\u00e9rio da Sa\u00fade<\/p>\n<p style=\"text-align: justify;\">A Campanha Nacional de Vacina\u00e7\u00e3o contra o Sarampo e a Poliomielite atingiu a meta de imunizar 95% do p\u00fablico-alvo estabelecida pelo governo federal. Enquanto a m\u00e9dia geral de vacina\u00e7\u00e3o contra sarampo foi de 95,3%, a de poliomielite ficou em 95,4%. No total, 21,4 milh\u00f5es de doses imunizantes foram aplicadas, beneficiando 10,7 milh\u00f5es de crian\u00e7as. O balan\u00e7o foi divulgado nesta segunda-feira (17) pelo Minist\u00e9rio da Sa\u00fade.<\/p>\n<p style=\"text-align: justify;\">A campanha foi encerrada na sexta-feira (14), depois de ter sido prorrogada pelo Minist\u00e9rio da Sa\u00fade. Alguns estados, no entanto, mant\u00eam a vacina\u00e7\u00e3o.<\/p>\n<p style=\"text-align: justify;\">Os n\u00fameros do minist\u00e9rio mostram varia\u00e7\u00f5es da cobertura vacinal entre estados. Quinze deles atingiram a meta para as duas vacinas. J\u00e1 S\u00e3o Paulo e Tocantins alcan\u00e7aram o \u00edndice m\u00ednimo de 95% somente na vacina\u00e7\u00e3o contra p\u00f3lio. O Rio de Janeiro foi a unidade federativa com o pior desempenho da campanha, com uma cobertura de 83,3% contra poliomielite e de 84,4% contra sarampo, taxas que poder\u00e3o ser melhoradas, j\u00e1 que a Secretaria de Sa\u00fade do estado decidiu prorrogar a a\u00e7\u00e3o at\u00e9 o pr\u00f3ximo s\u00e1bado (22). Na sequ\u00eancia, aparece o Distrito Federal, com 88% e 87,5%, respectivamente.<\/p>\n<p style=\"text-align: justify;\">Ainda conforme o minist\u00e9rio, 1.180 munic\u00edpios n\u00e3o alcan\u00e7aram a meta estabelecida pelo governo e cerca de 516 mil crian\u00e7as ainda n\u00e3o tomaram as vacinas contra as duas doen\u00e7as. A \u00fanica faixa et\u00e1ria que n\u00e3o chegou ao \u00edndice esperado foi o de crian\u00e7as de 1 ano, cuja cobertura est\u00e1 em 88%. Na \u00faltima ter\u00e7a-feira (11), a abrang\u00eancia vacinal dessa faixa et\u00e1ria se encontrava em torno de 85%.<\/p>\n<p style=\"text-align: justify;\">A orienta\u00e7\u00e3o da pasta, este ano, era de que todas as crian\u00e7as com mais de 1 ano e menos de 5 anos de idade recebessem doses das vacinas, inclusive se j\u00e1 tivessem sido imunizadas anteriormente. Caso a crian\u00e7a j\u00e1 tivesse sido vacinada, a nova dose serviria, portanto, de refor\u00e7o.<\/p>\n<p style=\"text-align: justify;\">A medida foi adotada em um contexto de surtos de sarampo no pa\u00eds, registrados no Amazonas e em Roraima e que foram relacionados \u00e0 importa\u00e7\u00e3o de uma variedade do v\u00edrus causador da doen\u00e7a. Segundo o governo federal, o gen\u00f3tipo do v\u00edrus (D8) que circula, hoje, no territ\u00f3rio brasileiro \u00e9 o mesmo detectado na Venezuela, que enfrenta um alastramento da doen\u00e7a desde o ano passado.<\/p>\n<p style=\"text-align: justify;\">O sarampo e a poliomielite s\u00e3o doen\u00e7as infectocontagiosas que podem resultar em complica\u00e7\u00f5es graves para as crian\u00e7as, podendo levar at\u00e9 a morte. Entre as sequelas da poliomielite est\u00e3o, por exemplo, paralisia de membros inferiores e de m\u00fasculos da fala e de degluti\u00e7\u00e3o, osteoporose e atrofia muscular. J\u00e1 o quadro de pacientes com sarampo, por sua vez, pode evoluir para doen\u00e7as como pneumonia.<\/p>\n<p style=\"text-align: justify;\"><strong>Casos de sarampo<\/strong><\/p>\n<p>Boletim do Minist\u00e9rio da Sa\u00fade mostra que, at\u00e9 o dia 10 de setembro, 1.673 casos de sarampo haviam sido confirmados no Brasil. Do total, 1.326 foram confirmados no Amazonas, unidade federativa que soma, ainda, 7.738 ocorr\u00eancias em investiga\u00e7\u00e3o. No Amazonas, 301 casos da doen\u00e7a foram confirmados e 74 casos ainda est\u00e3o sendo averiguados.<\/p>\n<p style=\"text-align: justify;\">Alguns casos isolados da doen\u00e7a foram identificados nos estados de S\u00e3o Paulo, Rio de Janeiro, Rio Grande do Sul, Rond\u00f4nia, Pernambuco e Par\u00e1. Al\u00e9m disso, at\u00e9 o momento, no pa\u00eds, oito pessoas morreram em decorr\u00eancia do sarampo, sendo quatro em Roraima e quatro no Amazonas.<\/p>\n<p style=\"text-align: justify;\">\n<p style=\"text-align: justify;\">Fonte: Diario de Pernambuco<\/p>\n","protected":false},"excerpt":{"rendered":"<p>A campanha foi encerrada na sexta-feira (14), depois de ter sido prorrogada pelo Minist\u00e9rio da Sa\u00fade A Campanha Nacional de Vacina\u00e7\u00e3o contra o Sarampo e a Poliomielite atingiu a meta de imunizar 95% do p\u00fablico-alvo estabelecida pelo governo federal. Enquanto a m\u00e9dia geral de vacina\u00e7\u00e3o contra sarampo foi de 95,3%, a de poliomielite ficou em [&hellip;]<\/p>\n","protected":false},"author":1,"featured_media":0,"comment_status":"open","ping_status":"open","sticky":false,"template":"","format":"standard","meta":{"ocean_post_layout":"","ocean_both_sidebars_style":"","ocean_both_sidebars_content_width":0,"ocean_both_sidebars_sidebars_width":0,"ocean_sidebar":"","ocean_second_sidebar":"","ocean_disable_margins":"enable","ocean_add_body_class":"","ocean_shortcode_before_top_bar":"","ocean_shortcode_after_top_bar":"","ocean_shortcode_before_header":"","ocean_shortcode_after_header":"","ocean_has_shortcode":"","ocean_shortcode_after_title":"","ocean_shortcode_before_footer_widgets":"","ocean_shortcode_after_footer_widgets":"","ocean_shortcode_before_footer_bottom":"","ocean_shortcode_after_footer_bottom":"","ocean_display_top_bar":"default","ocean_display_header":"default","ocean_header_style":"","ocean_center_header_left_menu":"","ocean_custom_header_template":"","ocean_custom_logo":0,"ocean_custom_retina_logo":0,"ocean_custom_logo_max_width":0,"ocean_custom_logo_tablet_max_width":0,"ocean_custom_logo_mobile_max_width":0,"ocean_custom_logo_max_height":0,"ocean_custom_logo_tablet_max_height":0,"ocean_custom_logo_mobile_max_height":0,"ocean_header_custom_menu":"","ocean_menu_typo_font_family":"","ocean_menu_typo_font_subset":"","ocean_menu_typo_font_size":0,"ocean_menu_typo_font_size_tablet":0,"ocean_menu_typo_font_size_mobile":0,"ocean_menu_typo_font_size_unit":"px","ocean_menu_typo_font_weight":"","ocean_menu_typo_font_weight_tablet":"","ocean_menu_typo_font_weight_mobile":"","ocean_menu_typo_transform":"","ocean_menu_typo_transform_tablet":"","ocean_menu_typo_transform_mobile":"","ocean_menu_typo_line_height":0,"ocean_menu_typo_line_height_tablet":0,"ocean_menu_typo_line_height_mobile":0,"ocean_menu_typo_line_height_unit":"","ocean_menu_typo_spacing":0,"ocean_menu_typo_spacing_tablet":0,"ocean_menu_typo_spacing_mobile":0,"ocean_menu_typo_spacing_unit":"","ocean_menu_link_color":"","ocean_menu_link_color_hover":"","ocean_menu_link_color_active":"","ocean_menu_link_background":"","ocean_menu_link_hover_background":"","ocean_menu_link_active_background":"","ocean_menu_social_links_bg":"","ocean_menu_social_hover_links_bg":"","ocean_menu_social_links_color":"","ocean_menu_social_hover_links_color":"","ocean_disable_title":"default","ocean_disable_heading":"default","ocean_post_title":"","ocean_post_subheading":"","ocean_post_title_style":"","ocean_post_title_background_color":"","ocean_post_title_background":0,"ocean_post_title_bg_image_position":"","ocean_post_title_bg_image_attachment":"","ocean_post_title_bg_image_repeat":"","ocean_post_title_bg_image_size":"","ocean_post_title_height":0,"ocean_post_title_bg_overlay":0.5,"ocean_post_title_bg_overlay_color":"","ocean_disable_breadcrumbs":"default","ocean_breadcrumbs_color":"","ocean_breadcrumbs_separator_color":"","ocean_breadcrumbs_links_color":"","ocean_breadcrumbs_links_hover_color":"","ocean_display_footer_widgets":"default","ocean_display_footer_bottom":"default","ocean_custom_footer_template":"","ocean_post_oembed":"","ocean_post_self_hosted_media":"","ocean_post_video_embed":"","ocean_link_format":"","ocean_link_format_target":"self","ocean_quote_format":"","ocean_quote_format_link":"post","ocean_gallery_link_images":"on","ocean_gallery_id":[]},"categories":[9],"tags":[1725,1283,82,467],"acf":[],"_links":{"self":[{"href":"https:\/\/www.simepe.com.br\/novo\/wp-json\/wp\/v2\/posts\/48497"}],"collection":[{"href":"https:\/\/www.simepe.com.br\/novo\/wp-json\/wp\/v2\/posts"}],"about":[{"href":"https:\/\/www.simepe.com.br\/novo\/wp-json\/wp\/v2\/types\/post"}],"author":[{"embeddable":true,"href":"https:\/\/www.simepe.com.br\/novo\/wp-json\/wp\/v2\/users\/1"}],"replies":[{"embeddable":true,"href":"https:\/\/www.simepe.com.br\/novo\/wp-json\/wp\/v2\/comments?post=48497"}],"version-history":[{"count":1,"href":"https:\/\/www.simepe.com.br\/novo\/wp-json\/wp\/v2\/posts\/48497\/revisions"}],"predecessor-version":[{"id":48498,"href":"https:\/\/www.simepe.com.br\/novo\/wp-json\/wp\/v2\/posts\/48497\/revisions\/48498"}],"wp:attachment":[{"href":"https:\/\/www.simepe.com.br\/novo\/wp-json\/wp\/v2\/media?parent=48497"}],"wp:term":[{"taxonomy":"category","embeddable":true,"href":"https:\/\/www.simepe.com.br\/novo\/wp-json\/wp\/v2\/categories?post=48497"},{"taxonomy":"post_tag","embeddable":true,"href":"https:\/\/www.simepe.com.br\/novo\/wp-json\/wp\/v2\/tags?post=48497"}],"curies":[{"name":"wp","href":"https:\/\/api.w.org\/{rel}","templated":true}]}}