{"id":48507,"date":"2018-09-18T08:29:02","date_gmt":"2018-09-18T11:29:02","guid":{"rendered":"http:\/\/www.simepe.com.br\/novo\/?p=48507"},"modified":"2018-09-18T08:29:02","modified_gmt":"2018-09-18T11:29:02","slug":"medicos-do-recife-deflagram-paralisacao-de-72h-nesta-terca","status":"publish","type":"post","link":"https:\/\/www.simepe.com.br\/novo\/medicos-do-recife-deflagram-paralisacao-de-72h-nesta-terca\/","title":{"rendered":"M\u00e9dicos do Recife deflagram paralisa\u00e7\u00e3o de 72h nesta ter\u00e7a"},"content":{"rendered":"<p style=\"text-align: justify;\">Profissionais reivindicam pautas como reajuste salarial, equipara\u00e7\u00e3o dos sal\u00e1rios pagos pelo estado e recomposi\u00e7\u00e3o de insumos<\/p>\n<p style=\"text-align: justify;\">M\u00e9dicos da rede p\u00fablica do Recife v\u00e3o cruzar os bra\u00e7os nesta ter\u00e7a-feira (18). Insatisfeitos com o n\u00e3o cumprimento da pauta negociada em janeiro deste ano com a Secretaria de Sa\u00fade, eles paralisam as atividades at\u00e9 esta quinta-feira (20), quando fazem uma assembleia geral para discutir a possibilidade de greve por tempo indeterminado, caso n\u00e3o haja um novo acordo com a prefeitura.<\/p>\n<p style=\"text-align: justify;\">A paralisa\u00e7\u00e3o, aprovada em assembleia geral no dia 11 deste m\u00eas, n\u00e3o afetar\u00e1 os servi\u00e7os de urg\u00eancia e de maternidade. De acordo com o presidente do Sindicado dos M\u00e9dicos de Pernambuco (Simepe), Tadeu Calheiros, a categoria reivindica pontos como o reajuste salarial, a seguran\u00e7a nos locais de trabalho, a recomposi\u00e7\u00e3o de escalas profissionais e de insumos e a equipara\u00e7\u00e3o aos sal\u00e1rios pago pelo Governo de Pernambuco. Para nivelar ao vencimento do estado, a prefeitura precisar aumentar em 5,91% o valor referente a hora trabalhada. O Executivo Municipal chegou a apresentar ao sindicato uma minuta com a incorpora\u00e7\u00e3o de gratifica\u00e7\u00f5es de plant\u00e3o, ponto exigido pela categoria, mas a proposta ainda precisa passar pelo crivo da C\u00e2mara de Vereadores.<\/p>\n<p style=\"text-align: justify;\">\u201cEm janeiro de 2018 fizemos uma greve que durou 24 horas porque a Prefeitura do Recife assinou um Termo de Compromisso em que prometia nomear, de imediato, 50 profissionais e fazer concurso. Nomeou 52 funcion\u00e1rios quatro meses depois, mas n\u00e3o fez concurso p\u00fablico. Prometeu c\u00e2meras de seguran\u00e7a em todas unidades e vigil\u00e2ncias com rondas policiais. Os equipamentos n\u00e3o chegaram e as rondas n\u00e3o s\u00e3o percebidas pelos funcion\u00e1rios, embora a prefeitura tenha diga que come\u00e7aram nesse m\u00eas\u201d, acrescentou Tadeu.<\/p>\n<p style=\"text-align: justify;\">O presidente detalhou ainda que faltam a entrega de cinco novas unidades- uma est\u00e1 em constru\u00e7\u00e3o-, a requalifica\u00e7\u00e3o de 18 unidades e a nomea\u00e7\u00e3o de oito coordenadores m\u00e9dicos para mediar o di\u00e1logo entre a gest\u00e3o e a equipe m\u00e9dica.<\/p>\n<p style=\"text-align: justify;\">A reportagem do OP9 n\u00e3o conseguiu contato com a Secretaria Municipal de Sa\u00fade.<\/p>\n<p style=\"text-align: justify;\">Nesta segunda-feira (17), m\u00e9dicos residentes do Hospital Get\u00falio Vargas, no Cordeiro, decidiram tamb\u00e9m paralisar os trabalhos para denunciar a precariedade das condi\u00e7\u00f5es de atendimento \u00e0 popula\u00e7\u00e3o, al\u00e9m da falta de medicamentos e de insumos b\u00e1sicos para a realiza\u00e7\u00e3o de procedimentos.<\/p>\n<p style=\"text-align: justify;\">\n<p style=\"text-align: justify;\">Fonte: OP9 &#8211; O Portal do Sistema Opini\u00e3o<\/p>\n","protected":false},"excerpt":{"rendered":"<p>Profissionais reivindicam pautas como reajuste salarial, equipara\u00e7\u00e3o dos sal\u00e1rios pagos pelo estado e recomposi\u00e7\u00e3o de insumos M\u00e9dicos da rede p\u00fablica do Recife v\u00e3o cruzar os bra\u00e7os nesta ter\u00e7a-feira (18). Insatisfeitos com o n\u00e3o cumprimento da pauta negociada em janeiro deste ano com a Secretaria de Sa\u00fade, eles paralisam as atividades at\u00e9 esta quinta-feira (20), quando [&hellip;]<\/p>\n","protected":false},"author":1,"featured_media":0,"comment_status":"open","ping_status":"open","sticky":false,"template":"","format":"standard","meta":{"ocean_post_layout":"","ocean_both_sidebars_style":"","ocean_both_sidebars_content_width":0,"ocean_both_sidebars_sidebars_width":0,"ocean_sidebar":"","ocean_second_sidebar":"","ocean_disable_margins":"enable","ocean_add_body_class":"","ocean_shortcode_before_top_bar":"","ocean_shortcode_after_top_bar":"","ocean_shortcode_before_header":"","ocean_shortcode_after_header":"","ocean_has_shortcode":"","ocean_shortcode_after_title":"","ocean_shortcode_before_footer_widgets":"","ocean_shortcode_after_footer_widgets":"","ocean_shortcode_before_footer_bottom":"","ocean_shortcode_after_footer_bottom":"","ocean_display_top_bar":"default","ocean_display_header":"default","ocean_header_style":"","ocean_center_header_left_menu":"","ocean_custom_header_template":"","ocean_custom_logo":0,"ocean_custom_retina_logo":0,"ocean_custom_logo_max_width":0,"ocean_custom_logo_tablet_max_width":0,"ocean_custom_logo_mobile_max_width":0,"ocean_custom_logo_max_height":0,"ocean_custom_logo_tablet_max_height":0,"ocean_custom_logo_mobile_max_height":0,"ocean_header_custom_menu":"","ocean_menu_typo_font_family":"","ocean_menu_typo_font_subset":"","ocean_menu_typo_font_size":0,"ocean_menu_typo_font_size_tablet":0,"ocean_menu_typo_font_size_mobile":0,"ocean_menu_typo_font_size_unit":"px","ocean_menu_typo_font_weight":"","ocean_menu_typo_font_weight_tablet":"","ocean_menu_typo_font_weight_mobile":"","ocean_menu_typo_transform":"","ocean_menu_typo_transform_tablet":"","ocean_menu_typo_transform_mobile":"","ocean_menu_typo_line_height":0,"ocean_menu_typo_line_height_tablet":0,"ocean_menu_typo_line_height_mobile":0,"ocean_menu_typo_line_height_unit":"","ocean_menu_typo_spacing":0,"ocean_menu_typo_spacing_tablet":0,"ocean_menu_typo_spacing_mobile":0,"ocean_menu_typo_spacing_unit":"","ocean_menu_link_color":"","ocean_menu_link_color_hover":"","ocean_menu_link_color_active":"","ocean_menu_link_background":"","ocean_menu_link_hover_background":"","ocean_menu_link_active_background":"","ocean_menu_social_links_bg":"","ocean_menu_social_hover_links_bg":"","ocean_menu_social_links_color":"","ocean_menu_social_hover_links_color":"","ocean_disable_title":"default","ocean_disable_heading":"default","ocean_post_title":"","ocean_post_subheading":"","ocean_post_title_style":"","ocean_post_title_background_color":"","ocean_post_title_background":0,"ocean_post_title_bg_image_position":"","ocean_post_title_bg_image_attachment":"","ocean_post_title_bg_image_repeat":"","ocean_post_title_bg_image_size":"","ocean_post_title_height":0,"ocean_post_title_bg_overlay":0.5,"ocean_post_title_bg_overlay_color":"","ocean_disable_breadcrumbs":"default","ocean_breadcrumbs_color":"","ocean_breadcrumbs_separator_color":"","ocean_breadcrumbs_links_color":"","ocean_breadcrumbs_links_hover_color":"","ocean_display_footer_widgets":"default","ocean_display_footer_bottom":"default","ocean_custom_footer_template":"","ocean_post_oembed":"","ocean_post_self_hosted_media":"","ocean_post_video_embed":"","ocean_link_format":"","ocean_link_format_target":"self","ocean_quote_format":"","ocean_quote_format_link":"post","ocean_gallery_link_images":"on","ocean_gallery_id":[]},"categories":[9],"tags":[2462,75,116,748,62],"acf":[],"_links":{"self":[{"href":"https:\/\/www.simepe.com.br\/novo\/wp-json\/wp\/v2\/posts\/48507"}],"collection":[{"href":"https:\/\/www.simepe.com.br\/novo\/wp-json\/wp\/v2\/posts"}],"about":[{"href":"https:\/\/www.simepe.com.br\/novo\/wp-json\/wp\/v2\/types\/post"}],"author":[{"embeddable":true,"href":"https:\/\/www.simepe.com.br\/novo\/wp-json\/wp\/v2\/users\/1"}],"replies":[{"embeddable":true,"href":"https:\/\/www.simepe.com.br\/novo\/wp-json\/wp\/v2\/comments?post=48507"}],"version-history":[{"count":1,"href":"https:\/\/www.simepe.com.br\/novo\/wp-json\/wp\/v2\/posts\/48507\/revisions"}],"predecessor-version":[{"id":48508,"href":"https:\/\/www.simepe.com.br\/novo\/wp-json\/wp\/v2\/posts\/48507\/revisions\/48508"}],"wp:attachment":[{"href":"https:\/\/www.simepe.com.br\/novo\/wp-json\/wp\/v2\/media?parent=48507"}],"wp:term":[{"taxonomy":"category","embeddable":true,"href":"https:\/\/www.simepe.com.br\/novo\/wp-json\/wp\/v2\/categories?post=48507"},{"taxonomy":"post_tag","embeddable":true,"href":"https:\/\/www.simepe.com.br\/novo\/wp-json\/wp\/v2\/tags?post=48507"}],"curies":[{"name":"wp","href":"https:\/\/api.w.org\/{rel}","templated":true}]}}