{"id":48538,"date":"2018-09-18T10:08:38","date_gmt":"2018-09-18T13:08:38","guid":{"rendered":"http:\/\/www.simepe.com.br\/novo\/?p=48538"},"modified":"2018-09-18T11:33:19","modified_gmt":"2018-09-18T14:33:19","slug":"medicos-do-recife-e-do-getulio-vargas-cruzam-os-bracos","status":"publish","type":"post","link":"https:\/\/www.simepe.com.br\/novo\/medicos-do-recife-e-do-getulio-vargas-cruzam-os-bracos\/","title":{"rendered":"M\u00e9dicos do Recife e do Get\u00falio Vargas cruzam os bra\u00e7os"},"content":{"rendered":"<p>Os residentes do HGV decretaram greve por tempo indeterminado, enquanto os m\u00e9dicos da prefeitura suspenderam as atividades por 72 horas<\/p>\n<p style=\"text-align: justify;\">M\u00e9dicos da rede municipal do Recife e os m\u00e9dicos residentes do Hospital Get\u00falio Vargas (HGV) fazem paralisa\u00e7\u00f5es na capital de Pernambuco. Os residentes do HGV decretaram greve por tempo indeterminado, enquanto os m\u00e9dicos da prefeitura suspenderam as atividades por 72 horas.<\/p>\n<p style=\"text-align: justify;\">No HGV, a reivindica\u00e7\u00e3o trata de melhorias e implementa\u00e7\u00f5es de direitos b\u00e1sicos para a oferta de servi\u00e7os de sa\u00fade. Segundo o Sindicato dos M\u00e9dicos de Pernambuco (Simepe), o hospital possui estrutura prec\u00e1ria, superlota\u00e7\u00e3o e falta materiais b\u00e1sicos, como fios de nylon. A categoria denuncia, inclusive, que as condi\u00e7\u00f5es estruturais prec\u00e1rias foram respons\u00e1veis por um princ\u00edpio de inc\u00eandio (veja o v\u00eddeo abaixo) no Centro de Material e Esteriliza\u00e7\u00e3o (CME) no dia 7 de setembro deste ano.<\/p>\n<p style=\"text-align: justify;\">Apenas 30% dos profissionais residentes do HGV seguir\u00e3o atendendo normalmente nos setores de urg\u00eancia e emerg\u00eancia. Uma nova assembleia da categoria est\u00e1 prevista para a pr\u00f3xima sexta-feira (21), \u00e0s 11h, para discutir se retomam as atividades ou permanecem em greve.<\/p>\n<p style=\"text-align: justify;\">J\u00e1 nas unidades de sa\u00fade municipais, apesar de a paralisa\u00e7\u00e3o ser de 72 horas, h\u00e1 possibilidade de greve por tempo indeterminado. A categoria protesta por causa de um alegado descumprimento de um Termo de Compromisso firmado no \u00faltimo m\u00eas de janeiro. Entre os pontos do documento estavam a\u00e7\u00f5es de melhoria da seguran\u00e7a nas unidades de sa\u00fade, abastecimento de insumos e maior investimento em medicamentos, especialmente na \u00e1rea de sa\u00fade mental.<\/p>\n<p style=\"text-align: justify;\">Os m\u00e9dicos cobram ainda quest\u00f5es remunerat\u00f3rias, como o cumprimento da Lei de Incorpora\u00e7\u00e3o da Gratifica\u00e7\u00e3o de Plant\u00e3o e a equipara\u00e7\u00e3o salarial com o Estado. &#8220;Lembramos que esse movimento vem sendo deflagrado desde 2017. Os m\u00e9dicos vinham alertando, atrav\u00e9s de paralisa\u00e7\u00f5es de advert\u00eancias na rede municipal. A gest\u00e3o da sa\u00fade do Recife quebrou a confian\u00e7a com a categoria&#8221;, disse o presidente do Simepe, Tadeu Calheiros.<\/p>\n<p style=\"text-align: justify;\">Na rede municipal, o atendimento \u00e0s urg\u00eancias e emerg\u00eancias ser\u00e1 mantido. Est\u00e3o suspensas atividades de servi\u00e7os eletivos, ambulat\u00f3rios e postos vinculados ao Estrat\u00e9gia de Sa\u00fade da Fam\u00edlia (ESF). O\u00a0<strong>LeiaJ\u00e1<\/strong>\u00a0entrou em contato com as secretarias de Sa\u00fade Estadual e Municipal, que ainda v\u00e3o se posicionar.<\/p>\n<p style=\"text-align: justify;\"><a href=\"http:\/\/m.leiaja.com\/noticias\/2018\/09\/18\/medicos-do-recife-e-do-getulio-vargas-cruzam-os-bracos\/\">Abaixo, v\u00eddeo mostra o princ\u00edpio de inc\u00eandio no Hospital Get\u00falio Vargas.<\/a><\/p>\n<p style=\"text-align: justify;\">Fonte: Leia J\u00e1<\/p>\n","protected":false},"excerpt":{"rendered":"<p>Os residentes do HGV decretaram greve por tempo indeterminado, enquanto os m\u00e9dicos da prefeitura suspenderam as atividades por 72 horas M\u00e9dicos da rede municipal do Recife e os m\u00e9dicos residentes do Hospital Get\u00falio Vargas (HGV) fazem paralisa\u00e7\u00f5es na capital de Pernambuco. Os residentes do HGV decretaram greve por tempo indeterminado, enquanto os m\u00e9dicos da prefeitura [&hellip;]<\/p>\n","protected":false},"author":1,"featured_media":0,"comment_status":"open","ping_status":"open","sticky":false,"template":"","format":"standard","meta":{"ocean_post_layout":"","ocean_both_sidebars_style":"","ocean_both_sidebars_content_width":0,"ocean_both_sidebars_sidebars_width":0,"ocean_sidebar":"","ocean_second_sidebar":"","ocean_disable_margins":"enable","ocean_add_body_class":"","ocean_shortcode_before_top_bar":"","ocean_shortcode_after_top_bar":"","ocean_shortcode_before_header":"","ocean_shortcode_after_header":"","ocean_has_shortcode":"","ocean_shortcode_after_title":"","ocean_shortcode_before_footer_widgets":"","ocean_shortcode_after_footer_widgets":"","ocean_shortcode_before_footer_bottom":"","ocean_shortcode_after_footer_bottom":"","ocean_display_top_bar":"default","ocean_display_header":"default","ocean_header_style":"","ocean_center_header_left_menu":"","ocean_custom_header_template":"","ocean_custom_logo":0,"ocean_custom_retina_logo":0,"ocean_custom_logo_max_width":0,"ocean_custom_logo_tablet_max_width":0,"ocean_custom_logo_mobile_max_width":0,"ocean_custom_logo_max_height":0,"ocean_custom_logo_tablet_max_height":0,"ocean_custom_logo_mobile_max_height":0,"ocean_header_custom_menu":"","ocean_menu_typo_font_family":"","ocean_menu_typo_font_subset":"","ocean_menu_typo_font_size":0,"ocean_menu_typo_font_size_tablet":0,"ocean_menu_typo_font_size_mobile":0,"ocean_menu_typo_font_size_unit":"px","ocean_menu_typo_font_weight":"","ocean_menu_typo_font_weight_tablet":"","ocean_menu_typo_font_weight_mobile":"","ocean_menu_typo_transform":"","ocean_menu_typo_transform_tablet":"","ocean_menu_typo_transform_mobile":"","ocean_menu_typo_line_height":0,"ocean_menu_typo_line_height_tablet":0,"ocean_menu_typo_line_height_mobile":0,"ocean_menu_typo_line_height_unit":"","ocean_menu_typo_spacing":0,"ocean_menu_typo_spacing_tablet":0,"ocean_menu_typo_spacing_mobile":0,"ocean_menu_typo_spacing_unit":"","ocean_menu_link_color":"","ocean_menu_link_color_hover":"","ocean_menu_link_color_active":"","ocean_menu_link_background":"","ocean_menu_link_hover_background":"","ocean_menu_link_active_background":"","ocean_menu_social_links_bg":"","ocean_menu_social_hover_links_bg":"","ocean_menu_social_links_color":"","ocean_menu_social_hover_links_color":"","ocean_disable_title":"default","ocean_disable_heading":"default","ocean_post_title":"","ocean_post_subheading":"","ocean_post_title_style":"","ocean_post_title_background_color":"","ocean_post_title_background":0,"ocean_post_title_bg_image_position":"","ocean_post_title_bg_image_attachment":"","ocean_post_title_bg_image_repeat":"","ocean_post_title_bg_image_size":"","ocean_post_title_height":0,"ocean_post_title_bg_overlay":0.5,"ocean_post_title_bg_overlay_color":"","ocean_disable_breadcrumbs":"default","ocean_breadcrumbs_color":"","ocean_breadcrumbs_separator_color":"","ocean_breadcrumbs_links_color":"","ocean_breadcrumbs_links_hover_color":"","ocean_display_footer_widgets":"default","ocean_display_footer_bottom":"default","ocean_custom_footer_template":"","ocean_post_oembed":"","ocean_post_self_hosted_media":"","ocean_post_video_embed":"","ocean_link_format":"","ocean_link_format_target":"self","ocean_quote_format":"","ocean_quote_format_link":"post","ocean_gallery_link_images":"on","ocean_gallery_id":[]},"categories":[9],"tags":[295,75,116,748,82],"acf":[],"_links":{"self":[{"href":"https:\/\/www.simepe.com.br\/novo\/wp-json\/wp\/v2\/posts\/48538"}],"collection":[{"href":"https:\/\/www.simepe.com.br\/novo\/wp-json\/wp\/v2\/posts"}],"about":[{"href":"https:\/\/www.simepe.com.br\/novo\/wp-json\/wp\/v2\/types\/post"}],"author":[{"embeddable":true,"href":"https:\/\/www.simepe.com.br\/novo\/wp-json\/wp\/v2\/users\/1"}],"replies":[{"embeddable":true,"href":"https:\/\/www.simepe.com.br\/novo\/wp-json\/wp\/v2\/comments?post=48538"}],"version-history":[{"count":2,"href":"https:\/\/www.simepe.com.br\/novo\/wp-json\/wp\/v2\/posts\/48538\/revisions"}],"predecessor-version":[{"id":48542,"href":"https:\/\/www.simepe.com.br\/novo\/wp-json\/wp\/v2\/posts\/48538\/revisions\/48542"}],"wp:attachment":[{"href":"https:\/\/www.simepe.com.br\/novo\/wp-json\/wp\/v2\/media?parent=48538"}],"wp:term":[{"taxonomy":"category","embeddable":true,"href":"https:\/\/www.simepe.com.br\/novo\/wp-json\/wp\/v2\/categories?post=48538"},{"taxonomy":"post_tag","embeddable":true,"href":"https:\/\/www.simepe.com.br\/novo\/wp-json\/wp\/v2\/tags?post=48538"}],"curies":[{"name":"wp","href":"https:\/\/api.w.org\/{rel}","templated":true}]}}