{"id":48540,"date":"2018-09-16T10:16:25","date_gmt":"2018-09-16T13:16:25","guid":{"rendered":"http:\/\/www.simepe.com.br\/novo\/?p=48540"},"modified":"2018-09-18T10:26:10","modified_gmt":"2018-09-18T13:26:10","slug":"atencao-medico-16-09-2018","status":"publish","type":"post","link":"https:\/\/www.simepe.com.br\/novo\/atencao-medico-16-09-2018\/","title":{"rendered":"Aten\u00e7\u00e3o M\u00e9dico 16.09.2018"},"content":{"rendered":"<p style=\"text-align: center;\">M\u00e9dicos da PCR deflagram paralisa\u00e7\u00e3o de 72h<\/p>\n<p style=\"text-align: justify;\">\nOs m\u00e9dicos da rede municipal do Recife aprovaram em AGE, (11\/09), no audit\u00f3rio da Associa\u00e7\u00e3o M\u00e9dica\/Boa Vista, a deflagra\u00e7\u00e3o de uma paralisa\u00e7\u00e3o de 72 horas nos pr\u00f3ximos dias 18,19 e 20\/09, com possibilidade de greve. Os profissionais est\u00e3o insatisfeitos em rela\u00e7\u00e3o \u00e0s negocia\u00e7\u00f5es com a Secretaria de Sa\u00fade e, no que diz respeito ao descumprimento do Termo de Compromisso firmado no m\u00eas de janeiro passado. Entre os\u00a0 pontos relevantes destacam-se: a\u00e7\u00f5es que melhorem a seguran\u00e7a dentro das unidades de sa\u00fade, abastecimento de insumos e maior investimento em medicamentos, especialmente, na \u00e1rea de sa\u00fade mental. A categoria \u00a0cobrou tamb\u00e9m que a quest\u00e3o remunerat\u00f3ria, atrav\u00e9s da Lei de Incorpora\u00e7\u00e3o da Gratifica\u00e7\u00e3o de Plant\u00e3o e a equipara\u00e7\u00e3o salarial para com o Estado) seja de fato cumprida pela gest\u00e3o do Recife. *Uma nova AGE da categoria est\u00e1 marcada para o dia 20\/09, na sede da AMPE, a partir das 10h, com possibilidade de delibera\u00e7\u00e3o de uma greve por tempo indeterminado, caso a Prefeitura do Recife n\u00e3o apresente uma proposta que traga avan\u00e7os para toda a rede de sa\u00fade municipal e para os profissionais.<\/p>\n<p style=\"text-align: center;\">\n<strong>M\u00e9dicos residentes denunciam precariedade no HGV<\/strong><\/p>\n<p style=\"text-align: justify;\">\nRepresentantes do Simepe, APMR, ABMF-PE, Soepe e m\u00e9dicos residentes do Hospital Get\u00falio Vargas (HGV) se reuniram na quinta-feira (13\/09). Na ocasi\u00e3o, os residentes denunciaram uma s\u00e9rie de problemas e precariedade nas condi\u00e7\u00f5es de atendimento da popula\u00e7\u00e3o que reflete diretamente no programa de resid\u00eancia m\u00e9dica e multiprofissional. Ainda na sexta-feira (14\/09), houve uma reuni\u00e3o entre o Simepe, os m\u00e9dicos e o secret\u00e1rio estadual de sa\u00fade, Iran Costa, onde foram discutidos os problemas e as dificuldades no HGV. * Uma AGE, ser\u00e1 realizada na segunda-feira, dia 17\/09, \u00e0s 08h, no audit\u00f3rio do HGV, para avalia\u00e7\u00e3o do movimento de reivindica\u00e7\u00f5es, bem como a delibera\u00e7\u00e3o sobre a deflagra\u00e7\u00e3o ou n\u00e3o de movimento paredista (greve) ou paralisa\u00e7\u00e3o de advert\u00eancia.<\/p>\n<p style=\"text-align: center;\">\n<strong>Irregularidades no Dom Malan\/IMIP em discuss\u00e3o<\/strong><\/p>\n<p style=\"text-align: justify;\">\nA promotora da 4\u00aa promotoria da Justi\u00e7a de Defesa da Cidadania de Petrolina &#8211; Curadoria Sa\u00fade, Ana Cl\u00e1udia Sena, convocou as entidades m\u00e9dicas \u2013 Simepe e Cremepe &#8211; para reuni\u00e3o na quinta-feira (13\/09), em Petrolina. A reuni\u00e3o ocorreu ap\u00f3s o Conselho e Sindicato apontarem as irregularidades do Hospital Dom Malan\/IMIP, especificamente sobre a sala de recupera\u00e7\u00e3o p\u00f3s-anest\u00e9sica e d\u00e9ficit de profissionais no hospital e maternidade. Depois das conversa\u00e7\u00f5es, ficou deliberado que o secret\u00e1rio deve informar a possibilidade de repactua\u00e7\u00e3o com o HDM\/IMIP;\u00a0 a promotoria vai oficiar a promotoria de Patrim\u00f4nio p\u00fablico sobre a viabilidade de inclus\u00e3o, no edital de concurso p\u00fablico em andamento, recursos humanos (m\u00e9dicos) para o HDM\/IMIP;\u00a0 O Simepe e Cremepe v\u00e3o fazer nova fiscaliza\u00e7\u00e3o no servi\u00e7o elencado \u00e0s prioridades do servi\u00e7o; al\u00e9m disso, o HDM\/IMIP informar\u00e1 sobre as necessidades para adequa\u00e7\u00e3o das exig\u00eancias apontadas pelo Cremepe.<\/p>\n","protected":false},"excerpt":{"rendered":"<p>M\u00e9dicos da PCR deflagram paralisa\u00e7\u00e3o de 72h Os m\u00e9dicos da rede municipal do Recife aprovaram em AGE, (11\/09), no audit\u00f3rio da Associa\u00e7\u00e3o M\u00e9dica\/Boa Vista, a deflagra\u00e7\u00e3o de uma paralisa\u00e7\u00e3o de 72 horas nos pr\u00f3ximos dias 18,19 e 20\/09, com possibilidade de greve. Os profissionais est\u00e3o insatisfeitos em rela\u00e7\u00e3o \u00e0s negocia\u00e7\u00f5es com a Secretaria de Sa\u00fade [&hellip;]<\/p>\n","protected":false},"author":1,"featured_media":0,"comment_status":"open","ping_status":"open","sticky":false,"template":"","format":"standard","meta":{"ocean_post_layout":"","ocean_both_sidebars_style":"","ocean_both_sidebars_content_width":0,"ocean_both_sidebars_sidebars_width":0,"ocean_sidebar":"","ocean_second_sidebar":"","ocean_disable_margins":"enable","ocean_add_body_class":"","ocean_shortcode_before_top_bar":"","ocean_shortcode_after_top_bar":"","ocean_shortcode_before_header":"","ocean_shortcode_after_header":"","ocean_has_shortcode":"","ocean_shortcode_after_title":"","ocean_shortcode_before_footer_widgets":"","ocean_shortcode_after_footer_widgets":"","ocean_shortcode_before_footer_bottom":"","ocean_shortcode_after_footer_bottom":"","ocean_display_top_bar":"default","ocean_display_header":"default","ocean_header_style":"","ocean_center_header_left_menu":"","ocean_custom_header_template":"","ocean_custom_logo":0,"ocean_custom_retina_logo":0,"ocean_custom_logo_max_width":0,"ocean_custom_logo_tablet_max_width":0,"ocean_custom_logo_mobile_max_width":0,"ocean_custom_logo_max_height":0,"ocean_custom_logo_tablet_max_height":0,"ocean_custom_logo_mobile_max_height":0,"ocean_header_custom_menu":"","ocean_menu_typo_font_family":"","ocean_menu_typo_font_subset":"","ocean_menu_typo_font_size":0,"ocean_menu_typo_font_size_tablet":0,"ocean_menu_typo_font_size_mobile":0,"ocean_menu_typo_font_size_unit":"px","ocean_menu_typo_font_weight":"","ocean_menu_typo_font_weight_tablet":"","ocean_menu_typo_font_weight_mobile":"","ocean_menu_typo_transform":"","ocean_menu_typo_transform_tablet":"","ocean_menu_typo_transform_mobile":"","ocean_menu_typo_line_height":0,"ocean_menu_typo_line_height_tablet":0,"ocean_menu_typo_line_height_mobile":0,"ocean_menu_typo_line_height_unit":"","ocean_menu_typo_spacing":0,"ocean_menu_typo_spacing_tablet":0,"ocean_menu_typo_spacing_mobile":0,"ocean_menu_typo_spacing_unit":"","ocean_menu_link_color":"","ocean_menu_link_color_hover":"","ocean_menu_link_color_active":"","ocean_menu_link_background":"","ocean_menu_link_hover_background":"","ocean_menu_link_active_background":"","ocean_menu_social_links_bg":"","ocean_menu_social_hover_links_bg":"","ocean_menu_social_links_color":"","ocean_menu_social_hover_links_color":"","ocean_disable_title":"default","ocean_disable_heading":"default","ocean_post_title":"","ocean_post_subheading":"","ocean_post_title_style":"","ocean_post_title_background_color":"","ocean_post_title_background":0,"ocean_post_title_bg_image_position":"","ocean_post_title_bg_image_attachment":"","ocean_post_title_bg_image_repeat":"","ocean_post_title_bg_image_size":"","ocean_post_title_height":0,"ocean_post_title_bg_overlay":0.5,"ocean_post_title_bg_overlay_color":"","ocean_disable_breadcrumbs":"default","ocean_breadcrumbs_color":"","ocean_breadcrumbs_separator_color":"","ocean_breadcrumbs_links_color":"","ocean_breadcrumbs_links_hover_color":"","ocean_display_footer_widgets":"default","ocean_display_footer_bottom":"default","ocean_custom_footer_template":"","ocean_post_oembed":"","ocean_post_self_hosted_media":"","ocean_post_video_embed":"","ocean_link_format":"","ocean_link_format_target":"self","ocean_quote_format":"","ocean_quote_format_link":"post","ocean_gallery_link_images":"on","ocean_gallery_id":[]},"categories":[1],"tags":[],"acf":[],"_links":{"self":[{"href":"https:\/\/www.simepe.com.br\/novo\/wp-json\/wp\/v2\/posts\/48540"}],"collection":[{"href":"https:\/\/www.simepe.com.br\/novo\/wp-json\/wp\/v2\/posts"}],"about":[{"href":"https:\/\/www.simepe.com.br\/novo\/wp-json\/wp\/v2\/types\/post"}],"author":[{"embeddable":true,"href":"https:\/\/www.simepe.com.br\/novo\/wp-json\/wp\/v2\/users\/1"}],"replies":[{"embeddable":true,"href":"https:\/\/www.simepe.com.br\/novo\/wp-json\/wp\/v2\/comments?post=48540"}],"version-history":[{"count":1,"href":"https:\/\/www.simepe.com.br\/novo\/wp-json\/wp\/v2\/posts\/48540\/revisions"}],"predecessor-version":[{"id":48541,"href":"https:\/\/www.simepe.com.br\/novo\/wp-json\/wp\/v2\/posts\/48540\/revisions\/48541"}],"wp:attachment":[{"href":"https:\/\/www.simepe.com.br\/novo\/wp-json\/wp\/v2\/media?parent=48540"}],"wp:term":[{"taxonomy":"category","embeddable":true,"href":"https:\/\/www.simepe.com.br\/novo\/wp-json\/wp\/v2\/categories?post=48540"},{"taxonomy":"post_tag","embeddable":true,"href":"https:\/\/www.simepe.com.br\/novo\/wp-json\/wp\/v2\/tags?post=48540"}],"curies":[{"name":"wp","href":"https:\/\/api.w.org\/{rel}","templated":true}]}}