{"id":48544,"date":"2018-09-18T12:31:27","date_gmt":"2018-09-18T15:31:27","guid":{"rendered":"http:\/\/www.simepe.com.br\/novo\/?p=48544"},"modified":"2018-09-18T12:31:58","modified_gmt":"2018-09-18T15:31:58","slug":"medicos-paralisam-parcialmente-atendimentos-em-postos-de-saude-do-recife","status":"publish","type":"post","link":"https:\/\/www.simepe.com.br\/novo\/medicos-paralisam-parcialmente-atendimentos-em-postos-de-saude-do-recife\/","title":{"rendered":"M\u00e9dicos paralisam parcialmente atendimentos em postos de sa\u00fade do Recife"},"content":{"rendered":"<p style=\"text-align: justify;\"><img src=\"https:\/\/s2.glbimg.com\/YgqVUEPPE1vG3eqAH1XVUz-OTGI=\/0x0:1280x960\/984x0\/smart\/filters:strip_icc()\/i.s3.glbimg.com\/v1\/AUTH_59edd422c0c84a879bd37670ae4f538a\/internal_photos\/bs\/2018\/E\/Z\/krKnKZSEmMPacioqogdA\/posto-de-saude-ilha-joaneiro.jpg\" alt=\"Posto de sa\u00c3\u00bade em Campo Grande, na Zona Norte do Recife, n\u00c3\u00a3o teve atendimentos nesta ter\u00c3\u00a7a (18) \u00e2\u0080\u0094 Foto: Augusto C\u00c3\u00a9sar\/TV Globo\" \/><\/p>\n<p style=\"text-align: justify;\">Categoria promete paralisa\u00e7\u00e3o de 72 horas alegando falta de seguran\u00e7a e de produtos hospitalares. Secretaria de Sa\u00fade do Recife diz ter recebido paralisa\u00e7\u00e3o &#8216;com surpresa&#8217;.<\/p>\n<p style=\"text-align: justify;\">Parte dos m\u00e9dicos que atuam na rede municipal do Recife iniciou, nesta ter\u00e7a-feira (18), uma paralisa\u00e7\u00e3o de 72 horas. Segundo a categoria, a suspens\u00e3o das atividades afeta servi\u00e7os eletivos, ambulatoriais e postos vinculados ao Estrat\u00e9gia de Sa\u00fade da Fam\u00edlia (ESF).<\/p>\n<p style=\"text-align: justify;\">O atendimento \u00e0s urg\u00eancias e emerg\u00eancias deve ser mantido, segundo o Sindicato dos M\u00e9dicos de Pernambuco (Simepe).<\/p>\n<p style=\"text-align: justify;\">Procurada pelo G1, a Secretaria de Sa\u00fade do Recife alegou ter recebido a not\u00edcia da paralisa\u00e7\u00e3o com surpresa e lamenta os preju\u00edzos causados \u00e0 popula\u00e7\u00e3o. Nesta ter\u00e7a (18), o \u00f3rg\u00e3o realiza um levantamento de quantos postos foram afetados. O balan\u00e7o deve ser divulgado no fim da tarde.<\/p>\n<p style=\"text-align: justify;\">A Unidade de Sa\u00fade da Fam\u00edlia Jos\u00e9 Severiano da Silva, em Cajueiro, funcionou normalmente no come\u00e7o da manh\u00e3. No posto da Ilha de Joaneiro, no bairro de Campo Grande, na Zona Norte do Recife, dois m\u00e9dicos deveriam estar dispon\u00edveis para atender ao p\u00fablico, mas n\u00e3o trabalharam. No local, as consultas foram desmarcadas com anteced\u00eancia.<\/p>\n<p style=\"text-align: justify;\">O an\u00fancio da paralisa\u00e7\u00e3o tamb\u00e9m foi feito previamente aos pacientes do posto de sa\u00fade Waldemar de Oliveira, em Santo Amaro, no Centro. Nesta ter\u00e7a (18), no entanto, algumas pessoas disseram n\u00e3o saber sobre o cancelamento das consultas e reclamaram da falta de m\u00e9dicos.<\/p>\n<p style=\"text-align: justify;\">&#8220;O sistema da\u00ed s\u00f3 vive parado. S\u00f3 marcam tr\u00eas pessoas e sai do ar. Todo dia esse sistema cai e eu vim saber hoje dessa paralisa\u00e7\u00e3o&#8221;, diz a paciente K\u00e1tia Cristina.<\/p>\n<p style=\"text-align: justify;\"><strong>Reivindica\u00e7\u00f5es<\/strong><\/p>\n<p style=\"text-align: justify;\">Segundo o Simepe, os profissionais est\u00e3o insatisfeitos em rela\u00e7\u00e3o \u00e0s negocia\u00e7\u00f5es com a Secretaria de Sa\u00fade do Recife. A categoria pede a\u00e7\u00f5es para melhoria da seguran\u00e7a nas unidades de sa\u00fade, abastecimento de insumos e maior investimento em medicamentos, sobretudo na \u00e1rea de sa\u00fade mental.<\/p>\n<p style=\"text-align: justify;\">A categoria tamb\u00e9m cobra o cumprimento da Lei de Incorpora\u00e7\u00e3o da Gratifica\u00e7\u00e3o de Plant\u00e3o e a equipara\u00e7\u00e3o salarial para profissionais do estado.<\/p>\n<p style=\"text-align: justify;\">Procurada pela reportagem, a Secretaria de Sa\u00fade do Recife informou que \u201csempre esteve aberta ao di\u00e1logo com o Simepe e mant\u00e9m agenda regular com Grupos de Trabalho para discutir itens da pauta [de reivindica\u00e7\u00f5es]\u201d. Segundo o \u00f3rg\u00e3o, os m\u00e9dicos servidores do munic\u00edpio tiveram aumento acumulado de 32,95% desde 2013. Em 2018, houve aumento salarial de 2% em janeiro e de 2% em julho.<\/p>\n<p style=\"text-align: justify;\">A respeito da infraestrutura dos postos de sa\u00fade, a Secretaria informou, em nota, ter investido mais de R$ 256 milh\u00f5es na constru\u00e7\u00e3o de novas unidades de sa\u00fade e na requalifica\u00e7\u00e3o de outras 170 j\u00e1 existentes. Por ano, o \u00f3rg\u00e3o informou investir R$ 36 milh\u00f5es em assist\u00eancia farmac\u00eautica, o que inclui a compra de medicamentos e material m\u00e9dico hospitalar.<\/p>\n<p style=\"text-align: justify;\">No quesito seguran\u00e7a, o \u00f3rg\u00e3o alegou ter 233 guardas municipais, al\u00e9m de vigilantes e c\u00e2meras de monitoramento, \u00e0 disposi\u00e7\u00e3o das unidades de sa\u00fade. A Secretaria tamb\u00e9m informou ter implantado a Ronda Sa\u00fade, com quatro ve\u00edculos e 36 guardas municipais para realizar monitoramento 24 horas nas unidades de sa\u00fade.<\/p>\n<p style=\"text-align: justify;\">Fonte G1<\/p>\n","protected":false},"excerpt":{"rendered":"<p>Categoria promete paralisa\u00e7\u00e3o de 72 horas alegando falta de seguran\u00e7a e de produtos hospitalares. Secretaria de Sa\u00fade do Recife diz ter recebido paralisa\u00e7\u00e3o &#8216;com surpresa&#8217;. Parte dos m\u00e9dicos que atuam na rede municipal do Recife iniciou, nesta ter\u00e7a-feira (18), uma paralisa\u00e7\u00e3o de 72 horas. Segundo a categoria, a suspens\u00e3o das atividades afeta servi\u00e7os eletivos, ambulatoriais [&hellip;]<\/p>\n","protected":false},"author":1,"featured_media":0,"comment_status":"open","ping_status":"open","sticky":false,"template":"","format":"standard","meta":{"ocean_post_layout":"","ocean_both_sidebars_style":"","ocean_both_sidebars_content_width":0,"ocean_both_sidebars_sidebars_width":0,"ocean_sidebar":"","ocean_second_sidebar":"","ocean_disable_margins":"enable","ocean_add_body_class":"","ocean_shortcode_before_top_bar":"","ocean_shortcode_after_top_bar":"","ocean_shortcode_before_header":"","ocean_shortcode_after_header":"","ocean_has_shortcode":"","ocean_shortcode_after_title":"","ocean_shortcode_before_footer_widgets":"","ocean_shortcode_after_footer_widgets":"","ocean_shortcode_before_footer_bottom":"","ocean_shortcode_after_footer_bottom":"","ocean_display_top_bar":"default","ocean_display_header":"default","ocean_header_style":"","ocean_center_header_left_menu":"","ocean_custom_header_template":"","ocean_custom_logo":0,"ocean_custom_retina_logo":0,"ocean_custom_logo_max_width":0,"ocean_custom_logo_tablet_max_width":0,"ocean_custom_logo_mobile_max_width":0,"ocean_custom_logo_max_height":0,"ocean_custom_logo_tablet_max_height":0,"ocean_custom_logo_mobile_max_height":0,"ocean_header_custom_menu":"","ocean_menu_typo_font_family":"","ocean_menu_typo_font_subset":"","ocean_menu_typo_font_size":0,"ocean_menu_typo_font_size_tablet":0,"ocean_menu_typo_font_size_mobile":0,"ocean_menu_typo_font_size_unit":"px","ocean_menu_typo_font_weight":"","ocean_menu_typo_font_weight_tablet":"","ocean_menu_typo_font_weight_mobile":"","ocean_menu_typo_transform":"","ocean_menu_typo_transform_tablet":"","ocean_menu_typo_transform_mobile":"","ocean_menu_typo_line_height":0,"ocean_menu_typo_line_height_tablet":0,"ocean_menu_typo_line_height_mobile":0,"ocean_menu_typo_line_height_unit":"","ocean_menu_typo_spacing":0,"ocean_menu_typo_spacing_tablet":0,"ocean_menu_typo_spacing_mobile":0,"ocean_menu_typo_spacing_unit":"","ocean_menu_link_color":"","ocean_menu_link_color_hover":"","ocean_menu_link_color_active":"","ocean_menu_link_background":"","ocean_menu_link_hover_background":"","ocean_menu_link_active_background":"","ocean_menu_social_links_bg":"","ocean_menu_social_hover_links_bg":"","ocean_menu_social_links_color":"","ocean_menu_social_hover_links_color":"","ocean_disable_title":"default","ocean_disable_heading":"default","ocean_post_title":"","ocean_post_subheading":"","ocean_post_title_style":"","ocean_post_title_background_color":"","ocean_post_title_background":0,"ocean_post_title_bg_image_position":"","ocean_post_title_bg_image_attachment":"","ocean_post_title_bg_image_repeat":"","ocean_post_title_bg_image_size":"","ocean_post_title_height":0,"ocean_post_title_bg_overlay":0.5,"ocean_post_title_bg_overlay_color":"","ocean_disable_breadcrumbs":"default","ocean_breadcrumbs_color":"","ocean_breadcrumbs_separator_color":"","ocean_breadcrumbs_links_color":"","ocean_breadcrumbs_links_hover_color":"","ocean_display_footer_widgets":"default","ocean_display_footer_bottom":"default","ocean_custom_footer_template":"","ocean_post_oembed":"","ocean_post_self_hosted_media":"","ocean_post_video_embed":"","ocean_link_format":"","ocean_link_format_target":"self","ocean_quote_format":"","ocean_quote_format_link":"post","ocean_gallery_link_images":"on","ocean_gallery_id":[]},"categories":[9],"tags":[2462,2411,75,116,748,82],"acf":[],"_links":{"self":[{"href":"https:\/\/www.simepe.com.br\/novo\/wp-json\/wp\/v2\/posts\/48544"}],"collection":[{"href":"https:\/\/www.simepe.com.br\/novo\/wp-json\/wp\/v2\/posts"}],"about":[{"href":"https:\/\/www.simepe.com.br\/novo\/wp-json\/wp\/v2\/types\/post"}],"author":[{"embeddable":true,"href":"https:\/\/www.simepe.com.br\/novo\/wp-json\/wp\/v2\/users\/1"}],"replies":[{"embeddable":true,"href":"https:\/\/www.simepe.com.br\/novo\/wp-json\/wp\/v2\/comments?post=48544"}],"version-history":[{"count":2,"href":"https:\/\/www.simepe.com.br\/novo\/wp-json\/wp\/v2\/posts\/48544\/revisions"}],"predecessor-version":[{"id":48546,"href":"https:\/\/www.simepe.com.br\/novo\/wp-json\/wp\/v2\/posts\/48544\/revisions\/48546"}],"wp:attachment":[{"href":"https:\/\/www.simepe.com.br\/novo\/wp-json\/wp\/v2\/media?parent=48544"}],"wp:term":[{"taxonomy":"category","embeddable":true,"href":"https:\/\/www.simepe.com.br\/novo\/wp-json\/wp\/v2\/categories?post=48544"},{"taxonomy":"post_tag","embeddable":true,"href":"https:\/\/www.simepe.com.br\/novo\/wp-json\/wp\/v2\/tags?post=48544"}],"curies":[{"name":"wp","href":"https:\/\/api.w.org\/{rel}","templated":true}]}}