{"id":48547,"date":"2018-09-18T12:33:37","date_gmt":"2018-09-18T15:33:37","guid":{"rendered":"http:\/\/www.simepe.com.br\/novo\/?p=48547"},"modified":"2018-09-18T12:33:37","modified_gmt":"2018-09-18T15:33:37","slug":"medicos-residentes-do-hospital-getulio-vargas-fazem-protesto","status":"publish","type":"post","link":"https:\/\/www.simepe.com.br\/novo\/medicos-residentes-do-hospital-getulio-vargas-fazem-protesto\/","title":{"rendered":"M\u00e9dicos residentes do hospital Get\u00falio Vargas fazem protesto"},"content":{"rendered":"<p style=\"text-align: justify;\">Categoria decretou greve por tempo indeterminado, nesta segunda (17), devido a falta de equipamentos e insumos para procedimentos<\/p>\n<p style=\"text-align: justify;\"><img src=\"https:\/\/cdn.destakjornal.com.br\/images\/2018-09\/img_797x448$2018_09_18_12_00_57_31147.jpg\" alt=\"M\u00c3\u00a9dicos residentes do hospital Get\u00c3\u00balio Vargas fazem protesto\" \/><\/p>\n<p style=\"text-align: justify;\">M\u00e9dicos residentes do Hospital Get\u00falio Vargas (HGV), localizado no bairro do Cordeiro, Zona Oeste do Recife, realizam um protesto nesta ter\u00e7a-feira (18), um dia ap\u00f3s a categoria entrar em greve por tempo indeterminado. Com as atividades suspensas, apenas 30% dos m\u00e9dicos residentes seguir\u00e3o atendendo normalmente, apenas nos setores de urg\u00eancia e emerg\u00eancia.<\/p>\n<p style=\"text-align: justify;\">\nOs profissionais denunciam falta de equipamentos e insumos para procedimentos, como fios de sutura, material para exames de imagem e soro fisiol\u00f3gico. Na segunda (17), os residentes divulgaram um comunicado, informando que o hospital &#8220;n\u00e3o ofereceu as condi\u00e7\u00f5es m\u00ednimas para o exerc\u00edcio profissional digno, comprometendo a presta\u00e7\u00e3o de servi\u00e7o especializado \u00e0 popula\u00e7\u00e3o, al\u00e9m de prejudicar o aprendizado acad\u00eamico&#8221;.<\/p>\n<p style=\"text-align: justify;\">No in\u00edcio da manh\u00e3 desta ter\u00e7a (18), cerca de 30 residentes se reuniram na frente da portaria principal da unidade. Eles vestiam camisas pretas sob o jaleco branco, demonstrando a insatisfa\u00e7\u00e3o com as condi\u00e7\u00f5es de trabalho. O Sindicato dos M\u00e9dicos de Pernambuco (Simepe) informou que est\u00e1 acompanhando de perto o movimento.<\/p>\n<p style=\"text-align: justify;\">\nUma nova assembleia est\u00e1 prevista para a pr\u00f3xima sexta-feira (21), \u00e0s 11h, na qual os m\u00e9dicos ir\u00e3o decidir se retomam as atividades ou seguem com a greve. O HGV \u00e9 uma das refer\u00eancias no Sistema \u00danico de Sa\u00fade (SUS) em Pernambuco. Por m\u00eas, a unidade realiza mais de 2,2 mil atendimentos na emerg\u00eancia, mais de 19 mil consultas no ambulat\u00f3rio e mil cirurgias.<\/p>\n<p style=\"text-align: justify;\"><strong>Reorganiza\u00e7\u00e3o da escala<\/strong><br \/>\nDe acordo com a dire\u00e7\u00e3o do HGV, mesmo com a paralisa\u00e7\u00e3o dos residentes, nenhum servi\u00e7o foi suspenso. &#8220;Para isso, foram adotadas medidas que incluem: a reorganiza\u00e7\u00e3o da escala de preceptores para o atendimento dos casos de urg\u00eancia, evolu\u00e7\u00f5es de pacientes internos e realiza\u00e7\u00e3o de procedimentos cir\u00fargicos. At\u00e9 \u00e0s 11h desta ter\u00e7a-feira (18.09) o HGV realizou um total de 9 cirurgias de urg\u00eancia e eletivas&#8221;, disse em nota.<\/p>\n<p style=\"text-align: justify;\">A dire\u00e7\u00e3o do HGV afirma que est\u00e1 em di\u00e1logo com a comiss\u00e3o dos residentes e todas as reivindica\u00e7\u00f5es da categoria est\u00e3o sendo resolvidas, conforme acordado em reuni\u00e3o na \u00faltima sexta-feira (14). &#8220;Sobre os insumos, a dire\u00e7\u00e3o da unidade tem trabalhado para resolver as faltas pontuais, bem como para manter o estoque provido com as necessidades do servi\u00e7o&#8221;, acrescenta.<\/p>\n<p style=\"text-align: justify;\">\n<p style=\"text-align: justify;\">Fonte: Destak<\/p>\n","protected":false},"excerpt":{"rendered":"<p>Categoria decretou greve por tempo indeterminado, nesta segunda (17), devido a falta de equipamentos e insumos para procedimentos M\u00e9dicos residentes do Hospital Get\u00falio Vargas (HGV), localizado no bairro do Cordeiro, Zona Oeste do Recife, realizam um protesto nesta ter\u00e7a-feira (18), um dia ap\u00f3s a categoria entrar em greve por tempo indeterminado. Com as atividades suspensas, [&hellip;]<\/p>\n","protected":false},"author":1,"featured_media":0,"comment_status":"open","ping_status":"open","sticky":false,"template":"","format":"standard","meta":{"ocean_post_layout":"","ocean_both_sidebars_style":"","ocean_both_sidebars_content_width":0,"ocean_both_sidebars_sidebars_width":0,"ocean_sidebar":"","ocean_second_sidebar":"","ocean_disable_margins":"enable","ocean_add_body_class":"","ocean_shortcode_before_top_bar":"","ocean_shortcode_after_top_bar":"","ocean_shortcode_before_header":"","ocean_shortcode_after_header":"","ocean_has_shortcode":"","ocean_shortcode_after_title":"","ocean_shortcode_before_footer_widgets":"","ocean_shortcode_after_footer_widgets":"","ocean_shortcode_before_footer_bottom":"","ocean_shortcode_after_footer_bottom":"","ocean_display_top_bar":"default","ocean_display_header":"default","ocean_header_style":"","ocean_center_header_left_menu":"","ocean_custom_header_template":"","ocean_custom_logo":0,"ocean_custom_retina_logo":0,"ocean_custom_logo_max_width":0,"ocean_custom_logo_tablet_max_width":0,"ocean_custom_logo_mobile_max_width":0,"ocean_custom_logo_max_height":0,"ocean_custom_logo_tablet_max_height":0,"ocean_custom_logo_mobile_max_height":0,"ocean_header_custom_menu":"","ocean_menu_typo_font_family":"","ocean_menu_typo_font_subset":"","ocean_menu_typo_font_size":0,"ocean_menu_typo_font_size_tablet":0,"ocean_menu_typo_font_size_mobile":0,"ocean_menu_typo_font_size_unit":"px","ocean_menu_typo_font_weight":"","ocean_menu_typo_font_weight_tablet":"","ocean_menu_typo_font_weight_mobile":"","ocean_menu_typo_transform":"","ocean_menu_typo_transform_tablet":"","ocean_menu_typo_transform_mobile":"","ocean_menu_typo_line_height":0,"ocean_menu_typo_line_height_tablet":0,"ocean_menu_typo_line_height_mobile":0,"ocean_menu_typo_line_height_unit":"","ocean_menu_typo_spacing":0,"ocean_menu_typo_spacing_tablet":0,"ocean_menu_typo_spacing_mobile":0,"ocean_menu_typo_spacing_unit":"","ocean_menu_link_color":"","ocean_menu_link_color_hover":"","ocean_menu_link_color_active":"","ocean_menu_link_background":"","ocean_menu_link_hover_background":"","ocean_menu_link_active_background":"","ocean_menu_social_links_bg":"","ocean_menu_social_hover_links_bg":"","ocean_menu_social_links_color":"","ocean_menu_social_hover_links_color":"","ocean_disable_title":"default","ocean_disable_heading":"default","ocean_post_title":"","ocean_post_subheading":"","ocean_post_title_style":"","ocean_post_title_background_color":"","ocean_post_title_background":0,"ocean_post_title_bg_image_position":"","ocean_post_title_bg_image_attachment":"","ocean_post_title_bg_image_repeat":"","ocean_post_title_bg_image_size":"","ocean_post_title_height":0,"ocean_post_title_bg_overlay":0.5,"ocean_post_title_bg_overlay_color":"","ocean_disable_breadcrumbs":"default","ocean_breadcrumbs_color":"","ocean_breadcrumbs_separator_color":"","ocean_breadcrumbs_links_color":"","ocean_breadcrumbs_links_hover_color":"","ocean_display_footer_widgets":"default","ocean_display_footer_bottom":"default","ocean_custom_footer_template":"","ocean_post_oembed":"","ocean_post_self_hosted_media":"","ocean_post_video_embed":"","ocean_link_format":"","ocean_link_format_target":"self","ocean_quote_format":"","ocean_quote_format_link":"post","ocean_gallery_link_images":"on","ocean_gallery_id":[]},"categories":[9],"tags":[295,75,116],"acf":[],"_links":{"self":[{"href":"https:\/\/www.simepe.com.br\/novo\/wp-json\/wp\/v2\/posts\/48547"}],"collection":[{"href":"https:\/\/www.simepe.com.br\/novo\/wp-json\/wp\/v2\/posts"}],"about":[{"href":"https:\/\/www.simepe.com.br\/novo\/wp-json\/wp\/v2\/types\/post"}],"author":[{"embeddable":true,"href":"https:\/\/www.simepe.com.br\/novo\/wp-json\/wp\/v2\/users\/1"}],"replies":[{"embeddable":true,"href":"https:\/\/www.simepe.com.br\/novo\/wp-json\/wp\/v2\/comments?post=48547"}],"version-history":[{"count":1,"href":"https:\/\/www.simepe.com.br\/novo\/wp-json\/wp\/v2\/posts\/48547\/revisions"}],"predecessor-version":[{"id":48548,"href":"https:\/\/www.simepe.com.br\/novo\/wp-json\/wp\/v2\/posts\/48547\/revisions\/48548"}],"wp:attachment":[{"href":"https:\/\/www.simepe.com.br\/novo\/wp-json\/wp\/v2\/media?parent=48547"}],"wp:term":[{"taxonomy":"category","embeddable":true,"href":"https:\/\/www.simepe.com.br\/novo\/wp-json\/wp\/v2\/categories?post=48547"},{"taxonomy":"post_tag","embeddable":true,"href":"https:\/\/www.simepe.com.br\/novo\/wp-json\/wp\/v2\/tags?post=48547"}],"curies":[{"name":"wp","href":"https:\/\/api.w.org\/{rel}","templated":true}]}}