{"id":48549,"date":"2018-09-18T12:36:10","date_gmt":"2018-09-18T15:36:10","guid":{"rendered":"http:\/\/www.simepe.com.br\/novo\/?p=48549"},"modified":"2018-09-18T12:36:10","modified_gmt":"2018-09-18T15:36:10","slug":"medicos-da-prefeitura-do-recife-suspendem-atendimento-por-72-horas","status":"publish","type":"post","link":"https:\/\/www.simepe.com.br\/novo\/medicos-da-prefeitura-do-recife-suspendem-atendimento-por-72-horas\/","title":{"rendered":"M\u00e9dicos da Prefeitura do Recife suspendem atendimento por 72 horas"},"content":{"rendered":"<p style=\"text-align: justify;\">Classe m\u00e9dica denuncia que a gest\u00e3o de sa\u00fade da PCR &#8220;n\u00e3o priorizar a sa\u00fade&#8221;. Movimento come\u00e7a nesta ter\u00e7a<\/p>\n<p style=\"text-align: justify;\">Os m\u00e9dicos da rede municipal do Recife iniciam nesta ter\u00e7a-feira (18), o movimento de paralisa\u00e7\u00e3o de 72h, aprovado na AGE da semana, no audit\u00f3rio da Associa\u00e7\u00e3o M\u00e9dica de Pernambuco (AMPE), na Boa Vista, com possibilidade de greve por tempo indeterminado. O atendimento \u00e0s urg\u00eancias e emerg\u00eancias ser\u00e1 mantido durante todo o per\u00edodo da paralisa\u00e7\u00e3o. Ficando restrito a suspens\u00e3o das atividades a todos os servi\u00e7os eletivos, ambulat\u00f3rios e postos vinculados ao Estrat\u00e9gia de Sa\u00fade da Fam\u00edlia (ESF). Todos os servi\u00e7os adiados podem ser reagendados para os pr\u00f3ximos dias.<\/p>\n<p style=\"text-align: justify;\">Os profissionais est\u00e3o insatisfa\u00e7\u00e3o em rela\u00e7\u00e3o \u00e0s negocia\u00e7\u00f5es, com a Secretaria de Sa\u00fade, no que diz respeito ao descumprimento do Termo de Compromisso, firmado no m\u00eas de janeiro passado. Entre os pontos relevantes destacam-se: a\u00e7\u00f5es que melhorem a seguran\u00e7a dentro das unidades de sa\u00fade, abastecimento de insumos e maior investimento em medicamentos, especialmente, na \u00e1rea de sa\u00fade mental. A categoria cobrou tamb\u00e9m que a quest\u00e3o remunerat\u00f3ria, atrav\u00e9s da Lei de Incorpora\u00e7\u00e3o da Gratifica\u00e7\u00e3o de Plant\u00e3o e a equipara\u00e7\u00e3o salarial para com o Estado) seja de fato cumprida pela gest\u00e3o do Recife.<\/p>\n<p style=\"text-align: justify;\">O presidente do Simepe, Tadeu Calheiros, disse que a categoria tomou essa decis\u00e3o, por conta da insatisfa\u00e7\u00e3o existente em toda rede de sa\u00fade do Recife, com a inseguran\u00e7a (invas\u00f5es, furtos, roubos, assaltos \u00e0 m\u00e3o armada) nas unidades de sa\u00fade, a falta de abastecimento medicamentos e insumos, o que provoca desassist\u00eancia \u00e0 popula\u00e7\u00e3o, al\u00e9m de estruturas f\u00edsicas prec\u00e1rias nos postos de sa\u00fade e maternidades. E acrescentou: \u201cA quest\u00e3o mais relevante \u00e9 o fato do descumprimento do Termo de Compromisso, por parte da Prefeitura do Recife. Lembramos que esse movimento vem sendo deflagrado desde 2017, onde os m\u00e9dicos vinham alertando, atrav\u00e9s de paralisa\u00e7\u00f5es de advert\u00eancias na rede municipal. A gest\u00e3o da sa\u00fade do Recife quebrou a confian\u00e7a com a categoria\u201d, pontuou.<\/p>\n<p style=\"text-align: justify;\">Uma nova AGE da categoria est\u00e1 marcada para a pr\u00f3xima quinta (20), a partir das 10h, com possibilidade de delibera\u00e7\u00e3o de uma greve por tempo indeterminado, caso a Prefeitura do Recife n\u00e3o apresente uma proposta que traga avan\u00e7os para toda a rede de sa\u00fade municipal e para os profissionais.<\/p>\n<p style=\"text-align: justify;\">\n<p style=\"text-align: justify;\">Fonte: Diario de Pernambuco<\/p>\n","protected":false},"excerpt":{"rendered":"<p>Classe m\u00e9dica denuncia que a gest\u00e3o de sa\u00fade da PCR &#8220;n\u00e3o priorizar a sa\u00fade&#8221;. Movimento come\u00e7a nesta ter\u00e7a Os m\u00e9dicos da rede municipal do Recife iniciam nesta ter\u00e7a-feira (18), o movimento de paralisa\u00e7\u00e3o de 72h, aprovado na AGE da semana, no audit\u00f3rio da Associa\u00e7\u00e3o M\u00e9dica de Pernambuco (AMPE), na Boa Vista, com possibilidade de greve [&hellip;]<\/p>\n","protected":false},"author":1,"featured_media":0,"comment_status":"open","ping_status":"open","sticky":false,"template":"","format":"standard","meta":{"ocean_post_layout":"","ocean_both_sidebars_style":"","ocean_both_sidebars_content_width":0,"ocean_both_sidebars_sidebars_width":0,"ocean_sidebar":"","ocean_second_sidebar":"","ocean_disable_margins":"enable","ocean_add_body_class":"","ocean_shortcode_before_top_bar":"","ocean_shortcode_after_top_bar":"","ocean_shortcode_before_header":"","ocean_shortcode_after_header":"","ocean_has_shortcode":"","ocean_shortcode_after_title":"","ocean_shortcode_before_footer_widgets":"","ocean_shortcode_after_footer_widgets":"","ocean_shortcode_before_footer_bottom":"","ocean_shortcode_after_footer_bottom":"","ocean_display_top_bar":"default","ocean_display_header":"default","ocean_header_style":"","ocean_center_header_left_menu":"","ocean_custom_header_template":"","ocean_custom_logo":0,"ocean_custom_retina_logo":0,"ocean_custom_logo_max_width":0,"ocean_custom_logo_tablet_max_width":0,"ocean_custom_logo_mobile_max_width":0,"ocean_custom_logo_max_height":0,"ocean_custom_logo_tablet_max_height":0,"ocean_custom_logo_mobile_max_height":0,"ocean_header_custom_menu":"","ocean_menu_typo_font_family":"","ocean_menu_typo_font_subset":"","ocean_menu_typo_font_size":0,"ocean_menu_typo_font_size_tablet":0,"ocean_menu_typo_font_size_mobile":0,"ocean_menu_typo_font_size_unit":"px","ocean_menu_typo_font_weight":"","ocean_menu_typo_font_weight_tablet":"","ocean_menu_typo_font_weight_mobile":"","ocean_menu_typo_transform":"","ocean_menu_typo_transform_tablet":"","ocean_menu_typo_transform_mobile":"","ocean_menu_typo_line_height":0,"ocean_menu_typo_line_height_tablet":0,"ocean_menu_typo_line_height_mobile":0,"ocean_menu_typo_line_height_unit":"","ocean_menu_typo_spacing":0,"ocean_menu_typo_spacing_tablet":0,"ocean_menu_typo_spacing_mobile":0,"ocean_menu_typo_spacing_unit":"","ocean_menu_link_color":"","ocean_menu_link_color_hover":"","ocean_menu_link_color_active":"","ocean_menu_link_background":"","ocean_menu_link_hover_background":"","ocean_menu_link_active_background":"","ocean_menu_social_links_bg":"","ocean_menu_social_hover_links_bg":"","ocean_menu_social_links_color":"","ocean_menu_social_hover_links_color":"","ocean_disable_title":"default","ocean_disable_heading":"default","ocean_post_title":"","ocean_post_subheading":"","ocean_post_title_style":"","ocean_post_title_background_color":"","ocean_post_title_background":0,"ocean_post_title_bg_image_position":"","ocean_post_title_bg_image_attachment":"","ocean_post_title_bg_image_repeat":"","ocean_post_title_bg_image_size":"","ocean_post_title_height":0,"ocean_post_title_bg_overlay":0.5,"ocean_post_title_bg_overlay_color":"","ocean_disable_breadcrumbs":"default","ocean_breadcrumbs_color":"","ocean_breadcrumbs_separator_color":"","ocean_breadcrumbs_links_color":"","ocean_breadcrumbs_links_hover_color":"","ocean_display_footer_widgets":"default","ocean_display_footer_bottom":"default","ocean_custom_footer_template":"","ocean_post_oembed":"","ocean_post_self_hosted_media":"","ocean_post_video_embed":"","ocean_link_format":"","ocean_link_format_target":"self","ocean_quote_format":"","ocean_quote_format_link":"post","ocean_gallery_link_images":"on","ocean_gallery_id":[]},"categories":[9],"tags":[2462,2411,75,116,748,82],"acf":[],"_links":{"self":[{"href":"https:\/\/www.simepe.com.br\/novo\/wp-json\/wp\/v2\/posts\/48549"}],"collection":[{"href":"https:\/\/www.simepe.com.br\/novo\/wp-json\/wp\/v2\/posts"}],"about":[{"href":"https:\/\/www.simepe.com.br\/novo\/wp-json\/wp\/v2\/types\/post"}],"author":[{"embeddable":true,"href":"https:\/\/www.simepe.com.br\/novo\/wp-json\/wp\/v2\/users\/1"}],"replies":[{"embeddable":true,"href":"https:\/\/www.simepe.com.br\/novo\/wp-json\/wp\/v2\/comments?post=48549"}],"version-history":[{"count":1,"href":"https:\/\/www.simepe.com.br\/novo\/wp-json\/wp\/v2\/posts\/48549\/revisions"}],"predecessor-version":[{"id":48550,"href":"https:\/\/www.simepe.com.br\/novo\/wp-json\/wp\/v2\/posts\/48549\/revisions\/48550"}],"wp:attachment":[{"href":"https:\/\/www.simepe.com.br\/novo\/wp-json\/wp\/v2\/media?parent=48549"}],"wp:term":[{"taxonomy":"category","embeddable":true,"href":"https:\/\/www.simepe.com.br\/novo\/wp-json\/wp\/v2\/categories?post=48549"},{"taxonomy":"post_tag","embeddable":true,"href":"https:\/\/www.simepe.com.br\/novo\/wp-json\/wp\/v2\/tags?post=48549"}],"curies":[{"name":"wp","href":"https:\/\/api.w.org\/{rel}","templated":true}]}}