{"id":48553,"date":"2018-09-18T12:39:49","date_gmt":"2018-09-18T15:39:49","guid":{"rendered":"http:\/\/www.simepe.com.br\/novo\/?p=48553"},"modified":"2018-09-18T12:39:49","modified_gmt":"2018-09-18T15:39:49","slug":"medicos-residentes-de-hospital-no-recife-entram-em-greve-para-denunciar-falta-de-medicamentos-e-materiais-basicos-3","status":"publish","type":"post","link":"https:\/\/www.simepe.com.br\/novo\/medicos-residentes-de-hospital-no-recife-entram-em-greve-para-denunciar-falta-de-medicamentos-e-materiais-basicos-3\/","title":{"rendered":"M\u00e9dicos residentes de hospital no Recife entram em greve para denunciar falta de medicamentos e materiais b\u00e1sicos"},"content":{"rendered":"<p style=\"text-align: justify;\">Residentes do HGV participaram de assembleia e decidiram entrar em greve por tempo indeterminado a partir desta segunda (17)<\/p>\n<p style=\"text-align: justify;\">Os m\u00e9dicos residentes do Hospital Get\u00falio Vargas (HGV), no bairro do Cordeiro, na Zona Oeste do Recife, entraram em greve nesta segunda-feira (17). Eles paralisaram as atividades por tempo indeterminado para denunciar a falta de medicamentos e de insumos b\u00e1sicos para a realiza\u00e7\u00e3o de procedimentos, como fios de sutura, material para exames de imagem e soro fisiol\u00f3gico.<\/p>\n<p style=\"text-align: justify;\">O Hospital Get\u00falio Vargas, uma das refer\u00eancias no Sistema \u00danico de Sa\u00fade em Pernambuco, realiza, por m\u00eas, mais de 2,2 mil atendimentos na emerg\u00eancia, mais de 19 mil consultas no ambulat\u00f3rio e mil cirurgias.<\/p>\n<p style=\"text-align: justify;\">Os representantes dos residentes realizaram uma assembleia na manh\u00e3 desta segunda. Em comunicado aos pacientes, \u00e0s autoridades e entidades m\u00e9dicas, a categoria informou que o hospital \u201cn\u00e3o ofereceu as condi\u00e7\u00f5es m\u00ednimas para o exerc\u00edcio profissional digno, comprometendo a presta\u00e7\u00e3o de servi\u00e7o especializado \u00e0 popula\u00e7\u00e3o, al\u00e9m de prejudicar o aprendizado acad\u00eamico\u201d.<\/p>\n<p style=\"text-align: justify;\">Outro documento, assinado pelos residentes na sexta-feira (14), aponta as principais reivindica\u00e7\u00f5es. A categoria cobra o funcionamento pleno, em at\u00e9 72 horas, da \u00e1rea de esteriliza\u00e7\u00e3o de equipamentos \u201cpara oferta de material em n\u00famero suficiente\u201d para todas as cirurgias eletivas programadas diariamente, al\u00e9m das cirurgias demandadas pela emerg\u00eancia.<\/p>\n<p style=\"text-align: justify;\">Os m\u00e9dicos residentes exigem, ainda, a ativa\u00e7\u00e3o em at\u00e9 14 dias das 14 salas do bloco cir\u00fargico, com o funcionamento de ar-condicionado, mesas cir\u00fargicas e dos carros de anestesia, \u201cque dever\u00e3o estar completos em cada sala\u201d.<\/p>\n<p style=\"text-align: justify;\">O documento cobra tamb\u00e9m a compra, em at\u00e9 72 horas, de materiais b\u00e1sicos fundamentais, como como antibi\u00f3ticos, fios de sutura, luvas, escovas de assepsia, filmes para impress\u00e3o de tomografias e radiografias, contraste iodado, meios de cultura, sonda nasoenteral, papel A4, al\u00e9m de bolsas de colostomia.<\/p>\n<p style=\"text-align: justify;\">De acordo com a comiss\u00e3o de residentes, foram enviados \u00e0 Secretaria de Sa\u00fade de Pernambuco os documentos com a as reivindica\u00e7\u00f5es de cada especialidade m\u00e9dica do hospital. O governo, de acordo com os estudantes, informou que repassaria recursos e providenciaria a compra dos insumos.<\/p>\n<p style=\"text-align: justify;\">Os residentes informaram tamb\u00e9m que se reuniram com representantes do Sindicato dos M\u00e9dicos de Pernambuco (Simepe) para falar sobre as dificuldades de trabalho e anunciar a paralisa\u00e7\u00e3o. O Simepe informou que, a princ\u00edpio apoia o movimento, mas vai realizar uma reuni\u00e3o de diretoria para avaliar a greve no HGV.<\/p>\n<p style=\"text-align: justify;\">Um dos residentes, que preferiu n\u00e3o ser identificado, informou, nesta segunda, por telefone, que a situa\u00e7\u00e3o \u00e9 prec\u00e1ria em todas as \u00e1reas da resid\u00eancia m\u00e9dica. Na ortopedia, por exemplo, duas cirurgias foram realizadas na semana anterior.<\/p>\n<p style=\"text-align: justify;\">A unidade tem cinco salas de opera\u00e7\u00e3o, que realizariam, normalmente, v\u00e1rios procedimentos di\u00e1rios. \u201cN\u00e3o foi feito nem 1% dos procedimentos que deveriam ter sido realizados na ortopedia\u201d, declarou o estudante, que disse ter medo de repres\u00e1lias.<\/p>\n<p style=\"text-align: justify;\">Na \u00e1rea de neurocirurgia, os residentes apontam a falta de medicamentos. Eles afirmam que deixaram de ser realizados exames de arteriografia, feitos em pacientes portadores de aneurisma cerebral.<\/p>\n<p style=\"text-align: justify;\">Na cl\u00ednica m\u00e9dica, os residentes exp\u00f5em a precariedade e a aus\u00eancia de equipamentos e rem\u00e9dios. Faltam, segundo a categoria, insumos para evitar transmiss\u00e3o de infec\u00e7\u00e3o entre pacientes: sab\u00e3o, \u00e1lcool em gel e papel-toalha. Al\u00e9m disso, eles denunciam desde pias quebradas at\u00e9 defeitos em equipamentos de monitoriza\u00e7\u00e3o dos pacientes e de suporte avan\u00e7ado.<\/p>\n<p style=\"text-align: justify;\"><strong>Resposta<\/strong><br \/>\nA dire\u00e7\u00e3o do HGV informou, por meio de nota, que vem dialogando com os representantes da categoria para resolver a situa\u00e7\u00e3o e, com isso, n\u00e3o prejudicar a assist\u00eancia aos usu\u00e1rios do Sistema \u00danico de Sa\u00fade (SUS).<\/p>\n<p style=\"text-align: justify;\">Ainda segundo o hospital, os procedimentos cir\u00fargicos s\u00e3o realizados pelos m\u00e9dicos preceptores e por residentes. Nesta segunda, mesmo com a paralisa\u00e7\u00e3o dos residentes, os preceptores est\u00e3o realizando as cirurgias, dentro da capacidade da equipe. At\u00e9 o meio-dia, foram feitos nove procedimentos.<\/p>\n<p style=\"text-align: justify;\">Sobre as cirurgias, a dire\u00e7\u00e3o da unidade informou os procedimentos de emerg\u00eancia ocorreram normalmente no fim de semana. Entre sexta-feira (14) e o domingo (16), foram realizados 75 procedimentos.<\/p>\n<p style=\"text-align: justify;\">A unidade ressaltou, ainda, que as cirurgias eletivas n\u00e3o ocorrem nos finais de semana. A dire\u00e7\u00e3o esclarece que est\u00e1 abastecida dos insumos necess\u00e1rios para as cirurgias e que as faltas s\u00e3o pontuais, havendo um esfor\u00e7o da gest\u00e3o para resolver caso a caso. A nota afirma que ser\u00e1 entregue, nos pr\u00f3ximos dias, a nova emerg\u00eancia da unidade, com 100 leitos.<\/p>\n<p style=\"text-align: justify;\">\n<p style=\"text-align: justify;\">Fonte: Encart Not\u00edcias<\/p>\n","protected":false},"excerpt":{"rendered":"<p>Residentes do HGV participaram de assembleia e decidiram entrar em greve por tempo indeterminado a partir desta segunda (17) Os m\u00e9dicos residentes do Hospital Get\u00falio Vargas (HGV), no bairro do Cordeiro, na Zona Oeste do Recife, entraram em greve nesta segunda-feira (17). Eles paralisaram as atividades por tempo indeterminado para denunciar a falta de medicamentos [&hellip;]<\/p>\n","protected":false},"author":1,"featured_media":0,"comment_status":"open","ping_status":"open","sticky":false,"template":"","format":"standard","meta":{"ocean_post_layout":"","ocean_both_sidebars_style":"","ocean_both_sidebars_content_width":0,"ocean_both_sidebars_sidebars_width":0,"ocean_sidebar":"","ocean_second_sidebar":"","ocean_disable_margins":"enable","ocean_add_body_class":"","ocean_shortcode_before_top_bar":"","ocean_shortcode_after_top_bar":"","ocean_shortcode_before_header":"","ocean_shortcode_after_header":"","ocean_has_shortcode":"","ocean_shortcode_after_title":"","ocean_shortcode_before_footer_widgets":"","ocean_shortcode_after_footer_widgets":"","ocean_shortcode_before_footer_bottom":"","ocean_shortcode_after_footer_bottom":"","ocean_display_top_bar":"default","ocean_display_header":"default","ocean_header_style":"","ocean_center_header_left_menu":"","ocean_custom_header_template":"","ocean_custom_logo":0,"ocean_custom_retina_logo":0,"ocean_custom_logo_max_width":0,"ocean_custom_logo_tablet_max_width":0,"ocean_custom_logo_mobile_max_width":0,"ocean_custom_logo_max_height":0,"ocean_custom_logo_tablet_max_height":0,"ocean_custom_logo_mobile_max_height":0,"ocean_header_custom_menu":"","ocean_menu_typo_font_family":"","ocean_menu_typo_font_subset":"","ocean_menu_typo_font_size":0,"ocean_menu_typo_font_size_tablet":0,"ocean_menu_typo_font_size_mobile":0,"ocean_menu_typo_font_size_unit":"px","ocean_menu_typo_font_weight":"","ocean_menu_typo_font_weight_tablet":"","ocean_menu_typo_font_weight_mobile":"","ocean_menu_typo_transform":"","ocean_menu_typo_transform_tablet":"","ocean_menu_typo_transform_mobile":"","ocean_menu_typo_line_height":0,"ocean_menu_typo_line_height_tablet":0,"ocean_menu_typo_line_height_mobile":0,"ocean_menu_typo_line_height_unit":"","ocean_menu_typo_spacing":0,"ocean_menu_typo_spacing_tablet":0,"ocean_menu_typo_spacing_mobile":0,"ocean_menu_typo_spacing_unit":"","ocean_menu_link_color":"","ocean_menu_link_color_hover":"","ocean_menu_link_color_active":"","ocean_menu_link_background":"","ocean_menu_link_hover_background":"","ocean_menu_link_active_background":"","ocean_menu_social_links_bg":"","ocean_menu_social_hover_links_bg":"","ocean_menu_social_links_color":"","ocean_menu_social_hover_links_color":"","ocean_disable_title":"default","ocean_disable_heading":"default","ocean_post_title":"","ocean_post_subheading":"","ocean_post_title_style":"","ocean_post_title_background_color":"","ocean_post_title_background":0,"ocean_post_title_bg_image_position":"","ocean_post_title_bg_image_attachment":"","ocean_post_title_bg_image_repeat":"","ocean_post_title_bg_image_size":"","ocean_post_title_height":0,"ocean_post_title_bg_overlay":0.5,"ocean_post_title_bg_overlay_color":"","ocean_disable_breadcrumbs":"default","ocean_breadcrumbs_color":"","ocean_breadcrumbs_separator_color":"","ocean_breadcrumbs_links_color":"","ocean_breadcrumbs_links_hover_color":"","ocean_display_footer_widgets":"default","ocean_display_footer_bottom":"default","ocean_custom_footer_template":"","ocean_post_oembed":"","ocean_post_self_hosted_media":"","ocean_post_video_embed":"","ocean_link_format":"","ocean_link_format_target":"self","ocean_quote_format":"","ocean_quote_format_link":"post","ocean_gallery_link_images":"on","ocean_gallery_id":[]},"categories":[9],"tags":[295,75,116],"acf":[],"_links":{"self":[{"href":"https:\/\/www.simepe.com.br\/novo\/wp-json\/wp\/v2\/posts\/48553"}],"collection":[{"href":"https:\/\/www.simepe.com.br\/novo\/wp-json\/wp\/v2\/posts"}],"about":[{"href":"https:\/\/www.simepe.com.br\/novo\/wp-json\/wp\/v2\/types\/post"}],"author":[{"embeddable":true,"href":"https:\/\/www.simepe.com.br\/novo\/wp-json\/wp\/v2\/users\/1"}],"replies":[{"embeddable":true,"href":"https:\/\/www.simepe.com.br\/novo\/wp-json\/wp\/v2\/comments?post=48553"}],"version-history":[{"count":1,"href":"https:\/\/www.simepe.com.br\/novo\/wp-json\/wp\/v2\/posts\/48553\/revisions"}],"predecessor-version":[{"id":48554,"href":"https:\/\/www.simepe.com.br\/novo\/wp-json\/wp\/v2\/posts\/48553\/revisions\/48554"}],"wp:attachment":[{"href":"https:\/\/www.simepe.com.br\/novo\/wp-json\/wp\/v2\/media?parent=48553"}],"wp:term":[{"taxonomy":"category","embeddable":true,"href":"https:\/\/www.simepe.com.br\/novo\/wp-json\/wp\/v2\/categories?post=48553"},{"taxonomy":"post_tag","embeddable":true,"href":"https:\/\/www.simepe.com.br\/novo\/wp-json\/wp\/v2\/tags?post=48553"}],"curies":[{"name":"wp","href":"https:\/\/api.w.org\/{rel}","templated":true}]}}