{"id":48569,"date":"2018-09-19T10:39:41","date_gmt":"2018-09-19T13:39:41","guid":{"rendered":"http:\/\/www.simepe.com.br\/novo\/?p=48569"},"modified":"2018-09-19T10:39:41","modified_gmt":"2018-09-19T13:39:41","slug":"com-baixa-adesao-governo-estuda-tornar-obrigatoria-vacinacao-de-criancas","status":"publish","type":"post","link":"https:\/\/www.simepe.com.br\/novo\/com-baixa-adesao-governo-estuda-tornar-obrigatoria-vacinacao-de-criancas\/","title":{"rendered":"Com baixa ades\u00e3o, governo estuda tornar obrigat\u00f3ria vacina\u00e7\u00e3o de crian\u00e7as"},"content":{"rendered":"<p style=\"text-align: justify;\">Entre os mecanismos avaliados est\u00e1 o de editar uma norma conjunta com o Minist\u00e9rio da Educa\u00e7\u00e3o para transformar a carteira de imuniza\u00e7\u00e3o em pr\u00e9-requisito da matr\u00edcula escolar<\/p>\n<p style=\"text-align: justify;\">A coordenadora do Programa Nacional de Imuniza\u00e7\u00f5es do Minist\u00e9rio da Sa\u00fade, Carla Domingues, afirmou nessa segunda-feira (18\/9) estar em estudo pela pasta uma proposta para tornar obrigat\u00f3ria a vacina\u00e7\u00e3o das crian\u00e7as pelo pa\u00eds. Entre os mecanismos avaliados est\u00e1 o de editar uma norma conjunta com o Minist\u00e9rio da Educa\u00e7\u00e3o para transformar a carteira de imuniza\u00e7\u00e3o em pr\u00e9-requisito da matr\u00edcula escolar. Pela regra geral, h\u00e1 apenas uma recomenda\u00e7\u00e3o de que o certificado seja apresentado.<\/p>\n<p style=\"text-align: justify;\">&#8220;Estrat\u00e9gias pontuais j\u00e1 foram adotadas por algumas Assembleias Legislativas. Ser\u00e1 que n\u00e3o \u00e9 o momento de o minist\u00e9rio, com o MEC, tornar obrigat\u00f3rio que toda crian\u00e7a e adolescente na escola tenha sua carteira de vacina\u00e7\u00e3o acompanhada?&#8221;, indagou, durante evento organizado nesta segunda pela Procuradoria-Geral da Rep\u00fablica para discutir os baixos indicadores de vacina\u00e7\u00e3o.<\/p>\n<p style=\"text-align: justify;\">J\u00e1 o Minist\u00e9rio da Sa\u00fade divulgou o balan\u00e7o da campanha de vacina\u00e7\u00e3o contra poliomielite e sarampo. Embora a meta nacional tenha sido superada, os dados mostram que pelo menos meio milh\u00e3o de crian\u00e7as n\u00e3o foram atingidas &#8211; o objetivo n\u00e3o foi alcan\u00e7ado em 15 Estados para as duas vacinas.<\/p>\n<p style=\"text-align: justify;\">At\u00e9 semana passada, o Pa\u00eds havia registrado 1.673 casos de sarampo. Outros 7.812 estavam em investiga\u00e7\u00e3o. A maior parte dos registros est\u00e1 em Amazonas e Roraima. Tamb\u00e9m nos dois Estados foram relatados todos os oito casos de morte desta epidemia.<\/p>\n<p style=\"text-align: justify;\"><strong>Pol\u00eamica<\/strong><br \/>\nCarla afirmou que a obrigatoriedade da carteira de vacina\u00e7\u00e3o \u00e9 um dos temas avaliados dentro de uma estrat\u00e9gia para tentar melhorar os indicadores de imuniza\u00e7\u00e3o no Pa\u00eds. H\u00e1 dois anos, t\u00e9cnicos da pasta notam uma redu\u00e7\u00e3o dos \u00edndices de cobertura, o que traz um risco significativo para o retorno de doen\u00e7as j\u00e1 controladas e, mais, para a repeti\u00e7\u00e3o de epidemias, como a de febre amarela, que atingiu v\u00e1rios Estados do Pa\u00eds nos dois \u00faltimos anos.<\/p>\n<p style=\"text-align: justify;\">Sociedades m\u00e9dicas dever\u00e3o manifestar-se sobre a obrigatoriedade nos pr\u00f3ximos dias. A Sociedade Brasileira de Imunologia, por exemplo, pretende divulgar um comunicado sobre as estrat\u00e9gias para se tentar melhorar os indicadores. &#8220;Essa \u00e9 uma quest\u00e3o que vem sendo avaliada. Mas nada \u00e9 mais importante do que a informa\u00e7\u00e3o&#8221;, afirmou a presidente da entidade, Isabella Ballalai.<\/p>\n<p style=\"text-align: justify;\">O presidente do Conselho Nacional de Secret\u00e1rios Municipais de Sa\u00fade (Conasems), Mauro Junqueira, \u00e9 favor\u00e1vel a transformar a recomenda\u00e7\u00e3o da apresenta\u00e7\u00e3o do certificado de vacina\u00e7\u00e3o em obriga\u00e7\u00e3o. &#8220;Na Sa\u00fade, n\u00e3o temos apenas direitos, temos deveres&#8221;, disse.<\/p>\n<p style=\"text-align: justify;\">Carla apontou ainda a necessidade de se criar estrat\u00e9gias para garantir que profissionais de sa\u00fade sejam imunizados. &#8220;Neste surto de sarampo, v\u00e1rias pessoas contaminadas eram funcion\u00e1rios de sa\u00fade. \u00c9 preciso buscar a obrigatoriedade, da mesma forma que crian\u00e7as e adolescentes.&#8221;<\/p>\n<p style=\"text-align: justify;\">Para o professor da Faculdade de Direito da Pontif\u00edcia Universidade Cat\u00f3lica de S\u00e3o Paulo (PUC-SP) Luiz Guilherme Conci, por\u00e9m, a iniciativa em estudo poder\u00e1 ser futuramente questionada em raz\u00e3o da sua aparente inconstitucionalidade. &#8220;O acesso a servi\u00e7os de sa\u00fade e de educa\u00e7\u00e3o s\u00e3o complementares, e n\u00e3o podem ser condicionais. Restringir o acesso \u00e0 educa\u00e7\u00e3o em raz\u00e3o de um dever ligado \u00e0 vacina\u00e7\u00e3o \u00e9 uma previs\u00e3o que n\u00e3o tem o menor cabimento. A inconstitucionalidade seria flagrante&#8221;, disse.<\/p>\n<p style=\"text-align: justify;\">O constitucionalista acredita ainda que a medida seja uma afronta \u00e0 forma\u00e7\u00e3o integral da crian\u00e7a. &#8220;Pode haver campanhas educativas. Mas essa condicional prev\u00ea que a forma\u00e7\u00e3o integral da crian\u00e7a, que se d\u00e1 a partir da educa\u00e7\u00e3o e da sa\u00fade, n\u00e3o se complementaria. Parece que n\u00e3o haveria previs\u00e3o constitucional para isso.&#8221;<\/p>\n<p style=\"text-align: justify;\">Hor\u00e1rios flex\u00edveis<br \/>\nCarla e Junqueira consideram ainda que a medida, sozinha, n\u00e3o seria suficiente para tentar retomar os indicadores de cobertura vacinal apresentados no passado. Carla aponta para a necessidade de se alterar a organiza\u00e7\u00e3o de servi\u00e7os, o que inclui profissionais mais bem capacitados, trabalhando em hor\u00e1rios que permitam o comparecimento aos postos em hor\u00e1rios mais flex\u00edveis. Atualmente, por exemplo, a maior parte das unidades fecha no hor\u00e1rio do almo\u00e7o e n\u00e3o atende depois das 17 horas.<\/p>\n<p style=\"text-align: justify;\">Mas a coordenadora do programa nacional vai al\u00e9m. Diz ser preciso repensar at\u00e9 a disposi\u00e7\u00e3o das salas de vacina e questiona a necessidade de espa\u00e7os reservados para a imuniza\u00e7\u00e3o em cidades onde a demanda \u00e9 muito pequena. &#8220;O espa\u00e7o exige muito mais do que um enfermeiro, h\u00e1 toda uma log\u00edstica envolvida.&#8221;<\/p>\n<p style=\"text-align: justify;\">\n<p style=\"text-align: justify;\">Fonte: Diario de Pernambuco<\/p>\n","protected":false},"excerpt":{"rendered":"<p>Entre os mecanismos avaliados est\u00e1 o de editar uma norma conjunta com o Minist\u00e9rio da Educa\u00e7\u00e3o para transformar a carteira de imuniza\u00e7\u00e3o em pr\u00e9-requisito da matr\u00edcula escolar A coordenadora do Programa Nacional de Imuniza\u00e7\u00f5es do Minist\u00e9rio da Sa\u00fade, Carla Domingues, afirmou nessa segunda-feira (18\/9) estar em estudo pela pasta uma proposta para tornar obrigat\u00f3ria a [&hellip;]<\/p>\n","protected":false},"author":1,"featured_media":0,"comment_status":"open","ping_status":"open","sticky":false,"template":"","format":"standard","meta":{"ocean_post_layout":"","ocean_both_sidebars_style":"","ocean_both_sidebars_content_width":0,"ocean_both_sidebars_sidebars_width":0,"ocean_sidebar":"","ocean_second_sidebar":"","ocean_disable_margins":"enable","ocean_add_body_class":"","ocean_shortcode_before_top_bar":"","ocean_shortcode_after_top_bar":"","ocean_shortcode_before_header":"","ocean_shortcode_after_header":"","ocean_has_shortcode":"","ocean_shortcode_after_title":"","ocean_shortcode_before_footer_widgets":"","ocean_shortcode_after_footer_widgets":"","ocean_shortcode_before_footer_bottom":"","ocean_shortcode_after_footer_bottom":"","ocean_display_top_bar":"default","ocean_display_header":"default","ocean_header_style":"","ocean_center_header_left_menu":"","ocean_custom_header_template":"","ocean_custom_logo":0,"ocean_custom_retina_logo":0,"ocean_custom_logo_max_width":0,"ocean_custom_logo_tablet_max_width":0,"ocean_custom_logo_mobile_max_width":0,"ocean_custom_logo_max_height":0,"ocean_custom_logo_tablet_max_height":0,"ocean_custom_logo_mobile_max_height":0,"ocean_header_custom_menu":"","ocean_menu_typo_font_family":"","ocean_menu_typo_font_subset":"","ocean_menu_typo_font_size":0,"ocean_menu_typo_font_size_tablet":0,"ocean_menu_typo_font_size_mobile":0,"ocean_menu_typo_font_size_unit":"px","ocean_menu_typo_font_weight":"","ocean_menu_typo_font_weight_tablet":"","ocean_menu_typo_font_weight_mobile":"","ocean_menu_typo_transform":"","ocean_menu_typo_transform_tablet":"","ocean_menu_typo_transform_mobile":"","ocean_menu_typo_line_height":0,"ocean_menu_typo_line_height_tablet":0,"ocean_menu_typo_line_height_mobile":0,"ocean_menu_typo_line_height_unit":"","ocean_menu_typo_spacing":0,"ocean_menu_typo_spacing_tablet":0,"ocean_menu_typo_spacing_mobile":0,"ocean_menu_typo_spacing_unit":"","ocean_menu_link_color":"","ocean_menu_link_color_hover":"","ocean_menu_link_color_active":"","ocean_menu_link_background":"","ocean_menu_link_hover_background":"","ocean_menu_link_active_background":"","ocean_menu_social_links_bg":"","ocean_menu_social_hover_links_bg":"","ocean_menu_social_links_color":"","ocean_menu_social_hover_links_color":"","ocean_disable_title":"default","ocean_disable_heading":"default","ocean_post_title":"","ocean_post_subheading":"","ocean_post_title_style":"","ocean_post_title_background_color":"","ocean_post_title_background":0,"ocean_post_title_bg_image_position":"","ocean_post_title_bg_image_attachment":"","ocean_post_title_bg_image_repeat":"","ocean_post_title_bg_image_size":"","ocean_post_title_height":0,"ocean_post_title_bg_overlay":0.5,"ocean_post_title_bg_overlay_color":"","ocean_disable_breadcrumbs":"default","ocean_breadcrumbs_color":"","ocean_breadcrumbs_separator_color":"","ocean_breadcrumbs_links_color":"","ocean_breadcrumbs_links_hover_color":"","ocean_display_footer_widgets":"default","ocean_display_footer_bottom":"default","ocean_custom_footer_template":"","ocean_post_oembed":"","ocean_post_self_hosted_media":"","ocean_post_video_embed":"","ocean_link_format":"","ocean_link_format_target":"self","ocean_quote_format":"","ocean_quote_format_link":"post","ocean_gallery_link_images":"on","ocean_gallery_id":[]},"categories":[9],"tags":[3187,3060,467],"acf":[],"_links":{"self":[{"href":"https:\/\/www.simepe.com.br\/novo\/wp-json\/wp\/v2\/posts\/48569"}],"collection":[{"href":"https:\/\/www.simepe.com.br\/novo\/wp-json\/wp\/v2\/posts"}],"about":[{"href":"https:\/\/www.simepe.com.br\/novo\/wp-json\/wp\/v2\/types\/post"}],"author":[{"embeddable":true,"href":"https:\/\/www.simepe.com.br\/novo\/wp-json\/wp\/v2\/users\/1"}],"replies":[{"embeddable":true,"href":"https:\/\/www.simepe.com.br\/novo\/wp-json\/wp\/v2\/comments?post=48569"}],"version-history":[{"count":1,"href":"https:\/\/www.simepe.com.br\/novo\/wp-json\/wp\/v2\/posts\/48569\/revisions"}],"predecessor-version":[{"id":48576,"href":"https:\/\/www.simepe.com.br\/novo\/wp-json\/wp\/v2\/posts\/48569\/revisions\/48576"}],"wp:attachment":[{"href":"https:\/\/www.simepe.com.br\/novo\/wp-json\/wp\/v2\/media?parent=48569"}],"wp:term":[{"taxonomy":"category","embeddable":true,"href":"https:\/\/www.simepe.com.br\/novo\/wp-json\/wp\/v2\/categories?post=48569"},{"taxonomy":"post_tag","embeddable":true,"href":"https:\/\/www.simepe.com.br\/novo\/wp-json\/wp\/v2\/tags?post=48569"}],"curies":[{"name":"wp","href":"https:\/\/api.w.org\/{rel}","templated":true}]}}