{"id":48585,"date":"2018-09-19T11:49:03","date_gmt":"2018-09-19T14:49:03","guid":{"rendered":"http:\/\/www.simepe.com.br\/novo\/?p=48585"},"modified":"2018-09-19T11:49:03","modified_gmt":"2018-09-19T14:49:03","slug":"medicos-residentes-em-greve-fazem-protesto-em-hospital-na-zona-oeste-do-recife","status":"publish","type":"post","link":"https:\/\/www.simepe.com.br\/novo\/medicos-residentes-em-greve-fazem-protesto-em-hospital-na-zona-oeste-do-recife\/","title":{"rendered":"M\u00e9dicos residentes em greve fazem protesto em hospital na Zona Oeste do Recife"},"content":{"rendered":"<p style=\"text-align: justify;\"><img src=\"https:\/\/s2.glbimg.com\/3TKEsT1rsG5sOKPSUp0ixKo_Gyg=\/0x0:1280x1112\/984x0\/smart\/filters:strip_icc()\/i.s3.glbimg.com\/v1\/AUTH_59edd422c0c84a879bd37670ae4f538a\/internal_photos\/bs\/2018\/c\/N\/G8cKpkQBeKj8DABFBD8Q\/whatsapp-image-2018-09-18-at-09.06.25.jpeg\" alt=\"M\u00c3\u00a9dicos residentes, em gtreve por tempo indenterminado, fizeram protesto, nesta ter\u00c3\u00a7a-feira (18), na frente do Hospital Get\u00c3\u00balio Vargas (HVG), no Recife \u00e2\u0080\u0094 Foto: Reprodu\u00c3\u00a7\u00c3\u00a3o\/WhatsApp\" \/><\/p>\n<p style=\"text-align: justify;\">Categoria, que paralisou as atividades no Hospital Get\u00falio Vargas (HGV), no Cordeiro, denuncia falta de equipamentos e insumos para procedimentos b\u00e1sicos.<\/p>\n<p style=\"text-align: justify;\">M\u00e9dicos residentes do Hospital Get\u00falio Vargas (HGV), no bairro do Cordeiro, na Zona Oeste do Recife, realizam um protesto nesta ter\u00e7a-feira (18). Na segunda-feira (17), a categoria entrou em greve por tempo indeterminado para denunciar falta de equipamentos e insumos para procedimentos, como fios de sutura, material para exames de imagem e soro fisiol\u00f3gico. <a href=\"https:\/\/g1.globo.com\/pe\/pernambuco\/noticia\/2018\/09\/18\/medicos-residentes-que-estao-em-greve-fazem-protesto-em-hospital-na-zona-oeste-do-recife.ghtml\">(Veja v\u00eddeo acima)<\/a><\/p>\n<p style=\"text-align: justify;\">O Hospital Get\u00falio Vargas \u00e9 uma das refer\u00eancias no Sistema \u00danico de Sa\u00fade em Pernambuco. A unidade realiza, por m\u00eas, mais de 2,2 mil atendimentos na emerg\u00eancia, mais de 19 mil consultas no ambulat\u00f3rio e mil cirurgias.<\/p>\n<p style=\"text-align: justify;\">Por volta das 7h, cerca de 30 residentes deram in\u00edcio ao protesto, na frente da portaria principal da unidade. Eles vestiam camisas pretas sob o jaleco branco, demonstrando a insatisfa\u00e7\u00e3o com as condi\u00e7\u00f5es de trabalho. A expectativa era permanecer no local at\u00e9 o fim da manh\u00e3 desta ter\u00e7a.<\/p>\n<p style=\"text-align: justify;\">\ne acordo com representantes dos 122 residentes do HGV, que preferiram n\u00e3o revelar o nome por medo de repres\u00e1lias, a categoria espera que o governo do estado acate as reivindica\u00e7\u00f5es. Na sexta-feira (21), est\u00e1 marcada nova assembleia para discutir o rumo da paralisa\u00e7\u00e3o.<\/p>\n<p style=\"text-align: justify;\">Na segunda (17), os residentes enviaram um comunicado aos pacientes, \u00e0s autoridades e entidades m\u00e9dicas. Eles informaram que o hospital \u201cn\u00e3o ofereceu as condi\u00e7\u00f5es m\u00ednimas para o exerc\u00edcio profissional digno, comprometendo a presta\u00e7\u00e3o de servi\u00e7o especializado \u00e0 popula\u00e7\u00e3o, al\u00e9m de prejudicar o aprendizado acad\u00eamico\u201d.<\/p>\n<p style=\"text-align: justify;\">\nOutro documento, assinado na sexta-feira (14), apontou as principais reivindica\u00e7\u00f5es. A categoria cobrou o funcionamento pleno, em at\u00e9 72 horas, da \u00e1rea de esteriliza\u00e7\u00e3o de equipamentos \u201cpara oferta de material em n\u00famero suficiente\u201d para todas as cirurgias eletivas programadas diariamente, al\u00e9m das cirurgias demandadas pela emerg\u00eancia.<\/p>\n<p style=\"text-align: justify;\">\nDiante dos problemas denunciados pelos residentes, o Sindicato dos M\u00e9dicos de Pernambuco (Simepe) informou que est\u00e1 acompanhando de perto o movimento. O presidente da entidade, Tadeu Calheiros, afirmou, por telefone, que a falta de insumos b\u00e1sicos no Get\u00falio Vargas \u00e9 grave. (Veja v\u00eddeo acima)<\/p>\n<p style=\"text-align: justify;\">Ele defendeu o di\u00e1logo entre os residentes e o governo do estado e afirmou eu o sindicato vai atuar para manter as negocia\u00e7\u00f5es.<\/p>\n<p style=\"text-align: justify;\">\u201cO programa de resid\u00eancia m\u00e9dica do HGV \u00e9 muito importante, mas precisa ter, no m\u00ednimo, o material b\u00e1sico. H\u00e1 muito tempo, a unidade sofre com o desabastecimento\u201d, afirmou.<\/p>\n<p style=\"text-align: justify;\">\n<strong>Resposta<\/strong><\/p>\n<p style=\"text-align: justify;\">\nPor meio de nota, a dire\u00e7\u00e3o do Hospital Get\u00falio Vargas informou que a unidade funcionou normalmente nesta ter\u00e7a. Foram garantidos, segundo a administra\u00e7\u00e3o, os atendimentos de urg\u00eancia e ambulatoriais, al\u00e9m de cirurgias. At\u00e9 as 11h desta ter\u00e7a-feira, o HGV realizou nove procedimentos cir\u00fargicos de urg\u00eancia e pr\u00e9-marcados.<\/p>\n<p style=\"text-align: justify;\">O HGV informou, ainda, que, apesar da paralisa\u00e7\u00e3o dos residentes, nenhum servi\u00e7o teve redu\u00e7\u00e3o. Para isso, foi preciso reorganizar a escala de m\u00e9dicos preceptores, o que permitiu o atendimento dos casos de urg\u00eancia, evolu\u00e7\u00f5es de pacientes e a realiza\u00e7\u00e3o de procedimentos cir\u00fargicos.<\/p>\n<p style=\"text-align: justify;\">A dire\u00e7\u00e3o do HGV disse que est\u00e1 em di\u00e1logo com a comiss\u00e3o dos residentes e todas as reivindica\u00e7\u00f5es da categoria est\u00e3o sendo resolvidas, conforme acordado em reuni\u00e3o realizada na sexta-feira (14).<\/p>\n<p style=\"text-align: justify;\">Sobre os insumos, a dire\u00e7\u00e3o da unidade afirmou que tem trabalhado para resolver as faltas pontuais, bem como para manter o estoque e suprir as necessidades do servi\u00e7o.<\/p>\n<p style=\"text-align: justify;\">A administra\u00e7\u00e3o do hospital refor\u00e7ou que continua \u00e0 disposi\u00e7\u00e3o dos residentes para resolver a situa\u00e7\u00e3o no menor tempo poss\u00edvel, sem causar preju\u00edzos aos pacientes.<\/p>\n<p style=\"text-align: justify;\">\n<p style=\"text-align: justify;\">Fonte: G1<\/p>\n","protected":false},"excerpt":{"rendered":"<p>Categoria, que paralisou as atividades no Hospital Get\u00falio Vargas (HGV), no Cordeiro, denuncia falta de equipamentos e insumos para procedimentos b\u00e1sicos. M\u00e9dicos residentes do Hospital Get\u00falio Vargas (HGV), no bairro do Cordeiro, na Zona Oeste do Recife, realizam um protesto nesta ter\u00e7a-feira (18). Na segunda-feira (17), a categoria entrou em greve por tempo indeterminado para [&hellip;]<\/p>\n","protected":false},"author":1,"featured_media":0,"comment_status":"open","ping_status":"open","sticky":false,"template":"","format":"standard","meta":{"ocean_post_layout":"","ocean_both_sidebars_style":"","ocean_both_sidebars_content_width":0,"ocean_both_sidebars_sidebars_width":0,"ocean_sidebar":"","ocean_second_sidebar":"","ocean_disable_margins":"enable","ocean_add_body_class":"","ocean_shortcode_before_top_bar":"","ocean_shortcode_after_top_bar":"","ocean_shortcode_before_header":"","ocean_shortcode_after_header":"","ocean_has_shortcode":"","ocean_shortcode_after_title":"","ocean_shortcode_before_footer_widgets":"","ocean_shortcode_after_footer_widgets":"","ocean_shortcode_before_footer_bottom":"","ocean_shortcode_after_footer_bottom":"","ocean_display_top_bar":"default","ocean_display_header":"default","ocean_header_style":"","ocean_center_header_left_menu":"","ocean_custom_header_template":"","ocean_custom_logo":0,"ocean_custom_retina_logo":0,"ocean_custom_logo_max_width":0,"ocean_custom_logo_tablet_max_width":0,"ocean_custom_logo_mobile_max_width":0,"ocean_custom_logo_max_height":0,"ocean_custom_logo_tablet_max_height":0,"ocean_custom_logo_mobile_max_height":0,"ocean_header_custom_menu":"","ocean_menu_typo_font_family":"","ocean_menu_typo_font_subset":"","ocean_menu_typo_font_size":0,"ocean_menu_typo_font_size_tablet":0,"ocean_menu_typo_font_size_mobile":0,"ocean_menu_typo_font_size_unit":"px","ocean_menu_typo_font_weight":"","ocean_menu_typo_font_weight_tablet":"","ocean_menu_typo_font_weight_mobile":"","ocean_menu_typo_transform":"","ocean_menu_typo_transform_tablet":"","ocean_menu_typo_transform_mobile":"","ocean_menu_typo_line_height":0,"ocean_menu_typo_line_height_tablet":0,"ocean_menu_typo_line_height_mobile":0,"ocean_menu_typo_line_height_unit":"","ocean_menu_typo_spacing":0,"ocean_menu_typo_spacing_tablet":0,"ocean_menu_typo_spacing_mobile":0,"ocean_menu_typo_spacing_unit":"","ocean_menu_link_color":"","ocean_menu_link_color_hover":"","ocean_menu_link_color_active":"","ocean_menu_link_background":"","ocean_menu_link_hover_background":"","ocean_menu_link_active_background":"","ocean_menu_social_links_bg":"","ocean_menu_social_hover_links_bg":"","ocean_menu_social_links_color":"","ocean_menu_social_hover_links_color":"","ocean_disable_title":"default","ocean_disable_heading":"default","ocean_post_title":"","ocean_post_subheading":"","ocean_post_title_style":"","ocean_post_title_background_color":"","ocean_post_title_background":0,"ocean_post_title_bg_image_position":"","ocean_post_title_bg_image_attachment":"","ocean_post_title_bg_image_repeat":"","ocean_post_title_bg_image_size":"","ocean_post_title_height":0,"ocean_post_title_bg_overlay":0.5,"ocean_post_title_bg_overlay_color":"","ocean_disable_breadcrumbs":"default","ocean_breadcrumbs_color":"","ocean_breadcrumbs_separator_color":"","ocean_breadcrumbs_links_color":"","ocean_breadcrumbs_links_hover_color":"","ocean_display_footer_widgets":"default","ocean_display_footer_bottom":"default","ocean_custom_footer_template":"","ocean_post_oembed":"","ocean_post_self_hosted_media":"","ocean_post_video_embed":"","ocean_link_format":"","ocean_link_format_target":"self","ocean_quote_format":"","ocean_quote_format_link":"post","ocean_gallery_link_images":"on","ocean_gallery_id":[]},"categories":[9],"tags":[295,75,116],"acf":[],"_links":{"self":[{"href":"https:\/\/www.simepe.com.br\/novo\/wp-json\/wp\/v2\/posts\/48585"}],"collection":[{"href":"https:\/\/www.simepe.com.br\/novo\/wp-json\/wp\/v2\/posts"}],"about":[{"href":"https:\/\/www.simepe.com.br\/novo\/wp-json\/wp\/v2\/types\/post"}],"author":[{"embeddable":true,"href":"https:\/\/www.simepe.com.br\/novo\/wp-json\/wp\/v2\/users\/1"}],"replies":[{"embeddable":true,"href":"https:\/\/www.simepe.com.br\/novo\/wp-json\/wp\/v2\/comments?post=48585"}],"version-history":[{"count":1,"href":"https:\/\/www.simepe.com.br\/novo\/wp-json\/wp\/v2\/posts\/48585\/revisions"}],"predecessor-version":[{"id":48586,"href":"https:\/\/www.simepe.com.br\/novo\/wp-json\/wp\/v2\/posts\/48585\/revisions\/48586"}],"wp:attachment":[{"href":"https:\/\/www.simepe.com.br\/novo\/wp-json\/wp\/v2\/media?parent=48585"}],"wp:term":[{"taxonomy":"category","embeddable":true,"href":"https:\/\/www.simepe.com.br\/novo\/wp-json\/wp\/v2\/categories?post=48585"},{"taxonomy":"post_tag","embeddable":true,"href":"https:\/\/www.simepe.com.br\/novo\/wp-json\/wp\/v2\/tags?post=48585"}],"curies":[{"name":"wp","href":"https:\/\/api.w.org\/{rel}","templated":true}]}}