{"id":48591,"date":"2018-09-19T12:04:39","date_gmt":"2018-09-19T15:04:39","guid":{"rendered":"http:\/\/www.simepe.com.br\/novo\/?p=48591"},"modified":"2018-09-19T12:04:39","modified_gmt":"2018-09-19T15:04:39","slug":"medicos-da-atencao-basica-de-fortaleza-paralisam-atividades-nos-postos-de-saude-e-realizam-novo-ato-de-protesto","status":"publish","type":"post","link":"https:\/\/www.simepe.com.br\/novo\/medicos-da-atencao-basica-de-fortaleza-paralisam-atividades-nos-postos-de-saude-e-realizam-novo-ato-de-protesto\/","title":{"rendered":"M\u00e9dicos da Aten\u00e7\u00e3o B\u00e1sica de Fortaleza paralisam atividades nos postos de sa\u00fade e realizam novo ato de protesto"},"content":{"rendered":"<p style=\"text-align: justify;\">M\u00e9dicos e profissionais da Aten\u00e7\u00e3o B\u00e1sica de Fortaleza paralisaram as atividades, nesta ter\u00e7a-feira (18), e reuniram-se em frente \u00e0 C\u00e2mara Municipal, em um ato de mobiliza\u00e7\u00e3o \u00e0s reivindica\u00e7\u00f5es da categoria em virtude da in\u00e9rcia da Prefeitura diante do Of\u00edcio n\u00b0 083\/2018, enviado em 20 de julho, no qual foram dispostas importantes pautas relacionadas, sobretudo, \u00e0 inseguran\u00e7a nos postos de sa\u00fade, locais de constantes atos de viol\u00eancia contra profissionais e pacientes; e ao reajuste salarial. A paralisa\u00e7\u00e3o segue at\u00e9 amanh\u00e3 (19), quando acontecer\u00e1 mais uma mobiliza\u00e7\u00e3o, a partir das 9 horas, em frente \u00e0 Secretaria Municipal de Sa\u00fade (SMS).<\/p>\n<p style=\"text-align: justify;\">O movimento, liderado pela categoria m\u00e9dica, conta com todos os profissionais da sa\u00fade e conta com a representa\u00e7\u00e3o do Sindicato dos M\u00e9dicos do Cear\u00e1, do Sindicato dos Servidores e Empregados P\u00fablicos do Munic\u00edpio de Fortaleza (SINDIFORT), do Sindicato dos Enfermeiros do Estado do Cear\u00e1 (SENECE) e do Sindicato dos Odontologistas do Cear\u00e1 (SINDIODONTO). O primeiro ato aconteceu no \u00faltimo dia 03 de setembro, em frente ao Pa\u00e7o Municipal, contudo, mais uma vez o Munic\u00edpio se manteve inerte.<\/p>\n<p style=\"text-align: justify;\">O presidente do Sindicato dos M\u00e9dicos do Cear\u00e1, Dr. Edmar Fernandes, destaca que o principal objetivo dessa uni\u00e3o entre as categorias que atuam nos mais de 100 postos de Fortaleza \u00e9 a grave falta de seguran\u00e7a nas unidades de sa\u00fade, agravada ainda mais quando a Prefeitura retirou equipes de seguran\u00e7a dos postos, deixando profissionais e pacientes ainda mais vulner\u00e1veis. \u201c\u00c9 muito importante ressaltar que o Sindicato dos M\u00e9dicos n\u00e3o deseja promover paralisa\u00e7\u00f5es e greve, o nosso interesse \u00e9 trabalhar, salvar vidas, ajudar as pessoas, mas n\u00f3s n\u00e3o estamos conseguindo fazer isso devido \u00e0 falta de seguran\u00e7a nos postos de sa\u00fade, locais que deveriam ser extremamente seguros para a popula\u00e7\u00e3o\u201d, relata.<\/p>\n<p style=\"text-align: justify;\">Na oportunidade, o presidente do Sindicato, junto aos representantes das demais categorias, reuniu-se com uma comiss\u00e3o de vereadores para a apresenta\u00e7\u00e3o das reivindica\u00e7\u00f5es e a viabilidade de uma nova reuni\u00e3o com a Prefeitura.<\/p>\n<p style=\"text-align: justify;\"><strong>Sa\u00fade precisa de seguran\u00e7a<\/strong><\/p>\n<p style=\"text-align: justify;\">A importante mobiliza\u00e7\u00e3o ganha for\u00e7a \u00e0 medida que a Prefeitura n\u00e3o apresenta proposta sobre a pauta de reivindica\u00e7\u00f5es da categoria, a despeito das in\u00fameras tentativas de negocia\u00e7\u00e3o dos profissionais com a gest\u00e3o, via atua\u00e7\u00e3o do Sindicato, por meio do di\u00e1logo propositivo, mobiliza\u00e7\u00f5es e a\u00e7\u00f5es da Campanha Sa\u00fade Precisa de Seguran\u00e7a, cujo objetivo \u00e9 alertar as autoridades e a sociedade sobre a inseguran\u00e7a de pacientes e m\u00e9dicos no exerc\u00edcio da profiss\u00e3o. Inclusive, ciente da gravidade da situa\u00e7\u00e3o, o Sindicato solicitou, em julho de 2017, \u00e0 Secretaria de Seguran\u00e7a P\u00fablica e Defesa Social do Estado (SSPDS), a inclus\u00e3o de unidades de sa\u00fade \u2013 com recorrentes casos de viol\u00eancia registrados \u2013 no Programa \u201cCear\u00e1 Pac\u00edfico\u201d.<\/p>\n<p style=\"text-align: justify;\">Tais paralisa\u00e7\u00f5es s\u00e3o perfeitamente amparadas em Lei, sendo leg\u00edtimo exerc\u00edcio do direito reivindicat\u00f3rio classista, para melhores condi\u00e7\u00f5es de trabalho.<\/p>\n<p style=\"text-align: justify;\"><strong>Servi\u00e7o<\/strong><br \/>\nMobiliza\u00e7\u00e3o da categoria m\u00e9dica e demais profissionais da sa\u00fade da Aten\u00e7\u00e3o B\u00e1sica<br \/>\nData: 19 de setembro (quarta-feira)<br \/>\nHor\u00e1rio: a partir das 9 horas<br \/>\nLocal: Secretaria Municipal de Sa\u00fade (SMS) \u2013 (Rua do Ros\u00e1rio, 283 \u2013 Centro)<\/p>\n<p style=\"text-align: justify;\">Fonte: Assessoria de Comunica\u00e7\u00e3o do Sindicato dos M\u00e9dicos do Cear\u00e1 (Simec)<\/p>\n<p>&nbsp;<\/p>\n","protected":false},"excerpt":{"rendered":"<p>M\u00e9dicos e profissionais da Aten\u00e7\u00e3o B\u00e1sica de Fortaleza paralisaram as atividades, nesta ter\u00e7a-feira (18), e reuniram-se em frente \u00e0 C\u00e2mara Municipal, em um ato de mobiliza\u00e7\u00e3o \u00e0s reivindica\u00e7\u00f5es da categoria em virtude da in\u00e9rcia da Prefeitura diante do Of\u00edcio n\u00b0 083\/2018, enviado em 20 de julho, no qual foram dispostas importantes pautas relacionadas, sobretudo, \u00e0 [&hellip;]<\/p>\n","protected":false},"author":1,"featured_media":48592,"comment_status":"open","ping_status":"open","sticky":false,"template":"","format":"standard","meta":{"ocean_post_layout":"","ocean_both_sidebars_style":"","ocean_both_sidebars_content_width":0,"ocean_both_sidebars_sidebars_width":0,"ocean_sidebar":"","ocean_second_sidebar":"","ocean_disable_margins":"enable","ocean_add_body_class":"","ocean_shortcode_before_top_bar":"","ocean_shortcode_after_top_bar":"","ocean_shortcode_before_header":"","ocean_shortcode_after_header":"","ocean_has_shortcode":"","ocean_shortcode_after_title":"","ocean_shortcode_before_footer_widgets":"","ocean_shortcode_after_footer_widgets":"","ocean_shortcode_before_footer_bottom":"","ocean_shortcode_after_footer_bottom":"","ocean_display_top_bar":"default","ocean_display_header":"default","ocean_header_style":"","ocean_center_header_left_menu":"","ocean_custom_header_template":"","ocean_custom_logo":0,"ocean_custom_retina_logo":0,"ocean_custom_logo_max_width":0,"ocean_custom_logo_tablet_max_width":0,"ocean_custom_logo_mobile_max_width":0,"ocean_custom_logo_max_height":0,"ocean_custom_logo_tablet_max_height":0,"ocean_custom_logo_mobile_max_height":0,"ocean_header_custom_menu":"","ocean_menu_typo_font_family":"","ocean_menu_typo_font_subset":"","ocean_menu_typo_font_size":0,"ocean_menu_typo_font_size_tablet":0,"ocean_menu_typo_font_size_mobile":0,"ocean_menu_typo_font_size_unit":"px","ocean_menu_typo_font_weight":"","ocean_menu_typo_font_weight_tablet":"","ocean_menu_typo_font_weight_mobile":"","ocean_menu_typo_transform":"","ocean_menu_typo_transform_tablet":"","ocean_menu_typo_transform_mobile":"","ocean_menu_typo_line_height":0,"ocean_menu_typo_line_height_tablet":0,"ocean_menu_typo_line_height_mobile":0,"ocean_menu_typo_line_height_unit":"","ocean_menu_typo_spacing":0,"ocean_menu_typo_spacing_tablet":0,"ocean_menu_typo_spacing_mobile":0,"ocean_menu_typo_spacing_unit":"","ocean_menu_link_color":"","ocean_menu_link_color_hover":"","ocean_menu_link_color_active":"","ocean_menu_link_background":"","ocean_menu_link_hover_background":"","ocean_menu_link_active_background":"","ocean_menu_social_links_bg":"","ocean_menu_social_hover_links_bg":"","ocean_menu_social_links_color":"","ocean_menu_social_hover_links_color":"","ocean_disable_title":"default","ocean_disable_heading":"default","ocean_post_title":"","ocean_post_subheading":"","ocean_post_title_style":"","ocean_post_title_background_color":"","ocean_post_title_background":0,"ocean_post_title_bg_image_position":"","ocean_post_title_bg_image_attachment":"","ocean_post_title_bg_image_repeat":"","ocean_post_title_bg_image_size":"","ocean_post_title_height":0,"ocean_post_title_bg_overlay":0.5,"ocean_post_title_bg_overlay_color":"","ocean_disable_breadcrumbs":"default","ocean_breadcrumbs_color":"","ocean_breadcrumbs_separator_color":"","ocean_breadcrumbs_links_color":"","ocean_breadcrumbs_links_hover_color":"","ocean_display_footer_widgets":"default","ocean_display_footer_bottom":"default","ocean_custom_footer_template":"","ocean_post_oembed":"","ocean_post_self_hosted_media":"","ocean_post_video_embed":"","ocean_link_format":"","ocean_link_format_target":"self","ocean_quote_format":"","ocean_quote_format_link":"post","ocean_gallery_link_images":"on","ocean_gallery_id":[]},"categories":[1],"tags":[],"acf":[],"_links":{"self":[{"href":"https:\/\/www.simepe.com.br\/novo\/wp-json\/wp\/v2\/posts\/48591"}],"collection":[{"href":"https:\/\/www.simepe.com.br\/novo\/wp-json\/wp\/v2\/posts"}],"about":[{"href":"https:\/\/www.simepe.com.br\/novo\/wp-json\/wp\/v2\/types\/post"}],"author":[{"embeddable":true,"href":"https:\/\/www.simepe.com.br\/novo\/wp-json\/wp\/v2\/users\/1"}],"replies":[{"embeddable":true,"href":"https:\/\/www.simepe.com.br\/novo\/wp-json\/wp\/v2\/comments?post=48591"}],"version-history":[{"count":1,"href":"https:\/\/www.simepe.com.br\/novo\/wp-json\/wp\/v2\/posts\/48591\/revisions"}],"predecessor-version":[{"id":48593,"href":"https:\/\/www.simepe.com.br\/novo\/wp-json\/wp\/v2\/posts\/48591\/revisions\/48593"}],"wp:featuredmedia":[{"embeddable":true,"href":"https:\/\/www.simepe.com.br\/novo\/wp-json\/wp\/v2\/media\/48592"}],"wp:attachment":[{"href":"https:\/\/www.simepe.com.br\/novo\/wp-json\/wp\/v2\/media?parent=48591"}],"wp:term":[{"taxonomy":"category","embeddable":true,"href":"https:\/\/www.simepe.com.br\/novo\/wp-json\/wp\/v2\/categories?post=48591"},{"taxonomy":"post_tag","embeddable":true,"href":"https:\/\/www.simepe.com.br\/novo\/wp-json\/wp\/v2\/tags?post=48591"}],"curies":[{"name":"wp","href":"https:\/\/api.w.org\/{rel}","templated":true}]}}