{"id":48632,"date":"2018-09-20T09:51:42","date_gmt":"2018-09-20T12:51:42","guid":{"rendered":"http:\/\/www.simepe.com.br\/novo\/?p=48632"},"modified":"2018-09-20T09:51:42","modified_gmt":"2018-09-20T12:51:42","slug":"brasil-tem-17-mil-casos-confirmados-e-9-mortes-devido-ao-sarampo-diz-ministerio","status":"publish","type":"post","link":"https:\/\/www.simepe.com.br\/novo\/brasil-tem-17-mil-casos-confirmados-e-9-mortes-devido-ao-sarampo-diz-ministerio\/","title":{"rendered":"Brasil tem 1,7 mil casos confirmados e 9 mortes devido ao sarampo, diz minist\u00e9rio"},"content":{"rendered":"<p style=\"text-align: justify;\">Dados foram atualizados pelas secretarias estaduais de sa\u00fade nesta quarta-feira (19). Outros 7.812 da doen\u00e7a ainda s\u00e3o investigados.<\/p>\n<p style=\"text-align: justify;\">O Minist\u00e9rio da Sa\u00fade divulgou nesta quarta-feira (19) os dados mais recentes sobre o sarampo no Brasil. At\u00e9 a segunda-feira (17), o pa\u00eds teve 1.735 casos confirmados e nove mortes devido \u00e0 doen\u00e7a. Outros 7.812 registros ainda s\u00e3o investigados pelos \u00f3rg\u00e3os de sa\u00fade.<\/p>\n<p style=\"text-align: justify;\">Os estados do Amazonas e de Roraima s\u00e3o os \u00fanicos que apresentam surto. Eles s\u00e3o respons\u00e1veis por 1.358 (72%) e 310 (17%) dos 1,7 mil casos confirmados, respectivamente.<\/p>\n<p style=\"text-align: justify;\">Entre as nove mortes confirmadas, quatro ocorreram em Roraima (tr\u00eas estrangeiros e um brasileiro) e quatro no Amazonas (todos brasileiros, sendo dois de Manaus e dois de Autazes). Apenas uma morte foi registrada no Par\u00e1 (ind\u00edgena Venezuelano).<\/p>\n<p style=\"text-align: justify;\">A Campanha Nacional de Vacina\u00e7\u00e3o contra a Poliomielite e o Sarampo terminou na sexta-feira (14). Mais de 95% das crian\u00e7as de a 1 a 5 anos foram imunizadas. Independente disso, as vacinas contra as duas doen\u00e7as estar\u00e3o dispon\u00edveis no Sistema \u00danico de Sa\u00fade (SUS) durante o ano inteiro.<\/p>\n<p style=\"text-align: justify;\"><strong>Quem pode tomar a vacina?<\/strong><br \/>\nPessoas de todas as idades, diz Isabela Ballalai, da Sociedade Brasileira de Imuniza\u00e7\u00f5es (SBim). O Minist\u00e9rio da Sa\u00fade, no entanto, disponibiliza duas doses para os indiv\u00edduos entre 12 meses e 29 anos. Na rede p\u00fablica, tamb\u00e9m \u00e9 poss\u00edvel a vacina\u00e7\u00e3o gratuita at\u00e9 os 49 anos (nesse caso, uma dose \u00e9 administrada).<\/p>\n<p style=\"text-align: justify;\">\n&#8220;Os indiv\u00edduos acima de 50 anos provavelmente j\u00e1 pegaram a doen\u00e7a e j\u00e1 estariam imunizados pelas altas taxas de vacina\u00e7\u00e3o nos mais jovens. Mas nada impede que procurem a vacina individualmente&#8221;, afirma Isabela.<\/p>\n<p style=\"text-align: justify;\">\n<strong>Quem n\u00e3o pode tomar a vacina?<\/strong><br \/>\nGestantes, casos suspeitos de sarampo, crian\u00e7as menores de seis meses de idade e pessoas imunocomprometidas (com doen\u00e7as que abalam fortemente o sistema imune) .<\/p>\n<p style=\"text-align: justify;\"><strong>A vacina \u00e9 segura?<\/strong><br \/>\nSim, afirmam o Minist\u00e9rio da Sa\u00fade e a SBim (Sociedade Brasileira de Imuniza\u00e7\u00f5es). Ela \u00e9 feita de v\u00edrus atenuado (enfraquecido) e em d\u00e9cadas de imuniza\u00e7\u00e3o no mundo inteiro, apenas casos de alergia a produtos do leite contidos na vacina foram reportados.<\/p>\n<p style=\"text-align: justify;\">Hoje, no entanto, h\u00e1 vacinas sem tra\u00e7os de lactoalbumina (prote\u00edna do leite da vaca).<\/p>\n<p style=\"text-align: justify;\"><strong>N\u00e3o lembro se tomei a vacina. Devo tomar?<\/strong><br \/>\n&#8220;No sinal de qualquer d\u00favida sobre se tomou a vacina ou n\u00e3o, ou se teve a doen\u00e7a no passado, vale tomar a vacina. Na pior das hip\u00f3teses, a pessoa vai se imunizar \u00e0 toa&#8221;, diz Isabela Ballalai.<\/p>\n<p><img src=\"https:\/\/s2.glbimg.com\/JAXDyEgVq--rMAaWoEOVQXCFyGU=\/0x0:1600x2919\/984x0\/smart\/filters:strip_icc()\/i.s3.glbimg.com\/v1\/AUTH_59edd422c0c84a879bd37670ae4f538a\/internal_photos\/bs\/2018\/J\/x\/GmMRC5SOeWyikbbzcPAg\/sarampo.jpg\" alt=\"Entenda o que \u00c3\u00a9 sarampo, quais os sintomas, como \u00c3\u00a9 o tratamento e quem deve se vacinar \u00e2\u0080\u0094 Foto: Infografia: Karina Almeida\/G1\" \/><\/p>\n<p>&nbsp;<\/p>\n<p>Fonte: G1<\/p>\n","protected":false},"excerpt":{"rendered":"<p>Dados foram atualizados pelas secretarias estaduais de sa\u00fade nesta quarta-feira (19). Outros 7.812 da doen\u00e7a ainda s\u00e3o investigados. O Minist\u00e9rio da Sa\u00fade divulgou nesta quarta-feira (19) os dados mais recentes sobre o sarampo no Brasil. At\u00e9 a segunda-feira (17), o pa\u00eds teve 1.735 casos confirmados e nove mortes devido \u00e0 doen\u00e7a. Outros 7.812 registros ainda [&hellip;]<\/p>\n","protected":false},"author":1,"featured_media":48633,"comment_status":"open","ping_status":"open","sticky":false,"template":"","format":"standard","meta":{"ocean_post_layout":"","ocean_both_sidebars_style":"","ocean_both_sidebars_content_width":0,"ocean_both_sidebars_sidebars_width":0,"ocean_sidebar":"","ocean_second_sidebar":"","ocean_disable_margins":"enable","ocean_add_body_class":"","ocean_shortcode_before_top_bar":"","ocean_shortcode_after_top_bar":"","ocean_shortcode_before_header":"","ocean_shortcode_after_header":"","ocean_has_shortcode":"","ocean_shortcode_after_title":"","ocean_shortcode_before_footer_widgets":"","ocean_shortcode_after_footer_widgets":"","ocean_shortcode_before_footer_bottom":"","ocean_shortcode_after_footer_bottom":"","ocean_display_top_bar":"default","ocean_display_header":"default","ocean_header_style":"","ocean_center_header_left_menu":"","ocean_custom_header_template":"","ocean_custom_logo":0,"ocean_custom_retina_logo":0,"ocean_custom_logo_max_width":0,"ocean_custom_logo_tablet_max_width":0,"ocean_custom_logo_mobile_max_width":0,"ocean_custom_logo_max_height":0,"ocean_custom_logo_tablet_max_height":0,"ocean_custom_logo_mobile_max_height":0,"ocean_header_custom_menu":"","ocean_menu_typo_font_family":"","ocean_menu_typo_font_subset":"","ocean_menu_typo_font_size":0,"ocean_menu_typo_font_size_tablet":0,"ocean_menu_typo_font_size_mobile":0,"ocean_menu_typo_font_size_unit":"px","ocean_menu_typo_font_weight":"","ocean_menu_typo_font_weight_tablet":"","ocean_menu_typo_font_weight_mobile":"","ocean_menu_typo_transform":"","ocean_menu_typo_transform_tablet":"","ocean_menu_typo_transform_mobile":"","ocean_menu_typo_line_height":0,"ocean_menu_typo_line_height_tablet":0,"ocean_menu_typo_line_height_mobile":0,"ocean_menu_typo_line_height_unit":"","ocean_menu_typo_spacing":0,"ocean_menu_typo_spacing_tablet":0,"ocean_menu_typo_spacing_mobile":0,"ocean_menu_typo_spacing_unit":"","ocean_menu_link_color":"","ocean_menu_link_color_hover":"","ocean_menu_link_color_active":"","ocean_menu_link_background":"","ocean_menu_link_hover_background":"","ocean_menu_link_active_background":"","ocean_menu_social_links_bg":"","ocean_menu_social_hover_links_bg":"","ocean_menu_social_links_color":"","ocean_menu_social_hover_links_color":"","ocean_disable_title":"default","ocean_disable_heading":"default","ocean_post_title":"","ocean_post_subheading":"","ocean_post_title_style":"","ocean_post_title_background_color":"","ocean_post_title_background":0,"ocean_post_title_bg_image_position":"","ocean_post_title_bg_image_attachment":"","ocean_post_title_bg_image_repeat":"","ocean_post_title_bg_image_size":"","ocean_post_title_height":0,"ocean_post_title_bg_overlay":0.5,"ocean_post_title_bg_overlay_color":"","ocean_disable_breadcrumbs":"default","ocean_breadcrumbs_color":"","ocean_breadcrumbs_separator_color":"","ocean_breadcrumbs_links_color":"","ocean_breadcrumbs_links_hover_color":"","ocean_display_footer_widgets":"default","ocean_display_footer_bottom":"default","ocean_custom_footer_template":"","ocean_post_oembed":"","ocean_post_self_hosted_media":"","ocean_post_video_embed":"","ocean_link_format":"","ocean_link_format_target":"self","ocean_quote_format":"","ocean_quote_format_link":"post","ocean_gallery_link_images":"on","ocean_gallery_id":[]},"categories":[1],"tags":[221,1723,1283,82],"acf":[],"_links":{"self":[{"href":"https:\/\/www.simepe.com.br\/novo\/wp-json\/wp\/v2\/posts\/48632"}],"collection":[{"href":"https:\/\/www.simepe.com.br\/novo\/wp-json\/wp\/v2\/posts"}],"about":[{"href":"https:\/\/www.simepe.com.br\/novo\/wp-json\/wp\/v2\/types\/post"}],"author":[{"embeddable":true,"href":"https:\/\/www.simepe.com.br\/novo\/wp-json\/wp\/v2\/users\/1"}],"replies":[{"embeddable":true,"href":"https:\/\/www.simepe.com.br\/novo\/wp-json\/wp\/v2\/comments?post=48632"}],"version-history":[{"count":1,"href":"https:\/\/www.simepe.com.br\/novo\/wp-json\/wp\/v2\/posts\/48632\/revisions"}],"predecessor-version":[{"id":48634,"href":"https:\/\/www.simepe.com.br\/novo\/wp-json\/wp\/v2\/posts\/48632\/revisions\/48634"}],"wp:featuredmedia":[{"embeddable":true,"href":"https:\/\/www.simepe.com.br\/novo\/wp-json\/wp\/v2\/media\/48633"}],"wp:attachment":[{"href":"https:\/\/www.simepe.com.br\/novo\/wp-json\/wp\/v2\/media?parent=48632"}],"wp:term":[{"taxonomy":"category","embeddable":true,"href":"https:\/\/www.simepe.com.br\/novo\/wp-json\/wp\/v2\/categories?post=48632"},{"taxonomy":"post_tag","embeddable":true,"href":"https:\/\/www.simepe.com.br\/novo\/wp-json\/wp\/v2\/tags?post=48632"}],"curies":[{"name":"wp","href":"https:\/\/api.w.org\/{rel}","templated":true}]}}