{"id":48745,"date":"2018-09-25T08:38:05","date_gmt":"2018-09-25T11:38:05","guid":{"rendered":"http:\/\/www.simepe.com.br\/novo\/?p=48745"},"modified":"2018-09-25T08:38:05","modified_gmt":"2018-09-25T11:38:05","slug":"medicos-residentes-do-hospital-getulio-vargas-anunciam-fim-da-greve","status":"publish","type":"post","link":"https:\/\/www.simepe.com.br\/novo\/medicos-residentes-do-hospital-getulio-vargas-anunciam-fim-da-greve\/","title":{"rendered":"M\u00e9dicos residentes do Hospital Get\u00falio Vargas anunciam fim da greve"},"content":{"rendered":"<p style=\"text-align: justify;\">Atividades realizadas pelos profissionais de sa\u00fade voltam ao normal ainda nesta segunda-feira<\/p>\n<p style=\"text-align: justify;\">Os m\u00e9dicos residentes do Hospital Get\u00falio Vargas, no Cordeiro, Zona Oeste do Recife, anunciaram o fim da paralisa\u00e7\u00e3o da categoria na manh\u00e3 desta segunda-feira (24). O grupo havia decretado greve h\u00e1 uma semana, motivado pelas prec\u00e1rias condi\u00e7\u00f5es de trabalho na unidade.<\/p>\n<p style=\"text-align: justify;\">Entre os problemas alegados por representantes do movimento est\u00e3o quest\u00f5es de estrutura b\u00e1sica, falta de manuten\u00e7\u00e3o dos elevadores e a aus\u00eancia de medicamentos simples, o que estaria afetando diretamente a qualidade de atendimento prestado aos pacientes. Al\u00e9m dessas queixas, a superlota\u00e7\u00e3o cr\u00f4nica tamb\u00e9m seria um grave problema do local.<\/p>\n<p style=\"text-align: justify;\">De acordo com os grevistas, duas reuni\u00f5es foram realizadas com a dire\u00e7\u00e3o do Hospital e com a Secretaria de Sa\u00fade de Pernambuco, mas algumas das pautas do movimento n\u00e3o haviam sido atendidas. A terceira assembleia dos profissionais aconteceria nesta ter\u00e7a-feira (25), mas o fim da greve foi decidido um dia antes por conta de um acordo firmado.<\/p>\n<p style=\"text-align: justify;\">Segundo Gabriela Calado, uma das residentes, as atividades voltam ao normal ainda nesta segunda. O acordo definiu que o Governo do Estado mantenha contato cont\u00ednuo com os profissionais de sa\u00fade da institui\u00e7\u00e3o e que forne\u00e7a os insumos necess\u00e1rios para o trabalho.<\/p>\n<p style=\"text-align: justify;\"><strong>Nova emerg\u00eancia no HGV<\/strong><br \/>\nNo mesmo dia em que os m\u00e9dicos residentes decretaram fim da greve, o Hospital Get\u00falio Vargas (HGV) inaugurou a primeira etapa das obras de readequa\u00e7\u00e3o da emerg\u00eancia. O espa\u00e7o tem \u00e1rea de 1.443 m\u00b2 e conta com 72 leitos, o que representa uma amplia\u00e7\u00e3o de 44% em rela\u00e7\u00e3o ao total anterior. A obra contou com investimento de R$ 16,6 milh\u00f5es.<\/p>\n<p style=\"text-align: justify;\">Ap\u00f3s a inaugura\u00e7\u00e3o, os pacientes internados na unidade de sa\u00fade ser\u00e3o transferidos para a nova emerg\u00eancia. Reformas no espa\u00e7o que abrigava o setor devem ser iniciadas ainda nesta semana, com objetivo de totalizar 100 leitos no HGV. A expectativa \u00e9 de que as obras sejam conclu\u00eddas at\u00e9 o final de 2018.<\/p>\n<p style=\"text-align: justify;\"><strong>M\u00e9dicos do Recife continuam em greve<\/strong><br \/>\nOs m\u00e9dicos da rede municipal de Sa\u00fade do Recife est\u00e3o em greve por tempo indeterminado desde a sexta-feira (21). A decis\u00e3o foi tomada de forma un\u00e2nime em assembleia realizada na quinta (20) ap\u00f3s uma paralisa\u00e7\u00e3o em car\u00e1ter de advert\u00eancia de 72 horas. Consultas e exames est\u00e3o suspensos, enquanto o atendimento continua apenas para emerg\u00eancia, maternidade e nos Centros de Aten\u00e7\u00e3o Psicossocial (Caps).<\/p>\n<p style=\"text-align: justify;\">Entre os principais motivos para deflagra\u00e7\u00e3o do movimento paredista est\u00e3o a falta de seguran\u00e7a nas unidades de sa\u00fade, a escassez de profissionais diante da alta demanda por atendimento e a falta de medicamentos.<\/p>\n<p style=\"text-align: justify;\">\n<p style=\"text-align: justify;\">Fonte: OP9 &#8211; Sistema Opini\u00e3o de Comunica\u00e7\u00e3o<\/p>\n","protected":false},"excerpt":{"rendered":"<p>Atividades realizadas pelos profissionais de sa\u00fade voltam ao normal ainda nesta segunda-feira Os m\u00e9dicos residentes do Hospital Get\u00falio Vargas, no Cordeiro, Zona Oeste do Recife, anunciaram o fim da paralisa\u00e7\u00e3o da categoria na manh\u00e3 desta segunda-feira (24). O grupo havia decretado greve h\u00e1 uma semana, motivado pelas prec\u00e1rias condi\u00e7\u00f5es de trabalho na unidade. Entre os [&hellip;]<\/p>\n","protected":false},"author":1,"featured_media":0,"comment_status":"open","ping_status":"open","sticky":false,"template":"","format":"standard","meta":{"ocean_post_layout":"","ocean_both_sidebars_style":"","ocean_both_sidebars_content_width":0,"ocean_both_sidebars_sidebars_width":0,"ocean_sidebar":"","ocean_second_sidebar":"","ocean_disable_margins":"enable","ocean_add_body_class":"","ocean_shortcode_before_top_bar":"","ocean_shortcode_after_top_bar":"","ocean_shortcode_before_header":"","ocean_shortcode_after_header":"","ocean_has_shortcode":"","ocean_shortcode_after_title":"","ocean_shortcode_before_footer_widgets":"","ocean_shortcode_after_footer_widgets":"","ocean_shortcode_before_footer_bottom":"","ocean_shortcode_after_footer_bottom":"","ocean_display_top_bar":"default","ocean_display_header":"default","ocean_header_style":"","ocean_center_header_left_menu":"","ocean_custom_header_template":"","ocean_custom_logo":0,"ocean_custom_retina_logo":0,"ocean_custom_logo_max_width":0,"ocean_custom_logo_tablet_max_width":0,"ocean_custom_logo_mobile_max_width":0,"ocean_custom_logo_max_height":0,"ocean_custom_logo_tablet_max_height":0,"ocean_custom_logo_mobile_max_height":0,"ocean_header_custom_menu":"","ocean_menu_typo_font_family":"","ocean_menu_typo_font_subset":"","ocean_menu_typo_font_size":0,"ocean_menu_typo_font_size_tablet":0,"ocean_menu_typo_font_size_mobile":0,"ocean_menu_typo_font_size_unit":"px","ocean_menu_typo_font_weight":"","ocean_menu_typo_font_weight_tablet":"","ocean_menu_typo_font_weight_mobile":"","ocean_menu_typo_transform":"","ocean_menu_typo_transform_tablet":"","ocean_menu_typo_transform_mobile":"","ocean_menu_typo_line_height":0,"ocean_menu_typo_line_height_tablet":0,"ocean_menu_typo_line_height_mobile":0,"ocean_menu_typo_line_height_unit":"","ocean_menu_typo_spacing":0,"ocean_menu_typo_spacing_tablet":0,"ocean_menu_typo_spacing_mobile":0,"ocean_menu_typo_spacing_unit":"","ocean_menu_link_color":"","ocean_menu_link_color_hover":"","ocean_menu_link_color_active":"","ocean_menu_link_background":"","ocean_menu_link_hover_background":"","ocean_menu_link_active_background":"","ocean_menu_social_links_bg":"","ocean_menu_social_hover_links_bg":"","ocean_menu_social_links_color":"","ocean_menu_social_hover_links_color":"","ocean_disable_title":"default","ocean_disable_heading":"default","ocean_post_title":"","ocean_post_subheading":"","ocean_post_title_style":"","ocean_post_title_background_color":"","ocean_post_title_background":0,"ocean_post_title_bg_image_position":"","ocean_post_title_bg_image_attachment":"","ocean_post_title_bg_image_repeat":"","ocean_post_title_bg_image_size":"","ocean_post_title_height":0,"ocean_post_title_bg_overlay":0.5,"ocean_post_title_bg_overlay_color":"","ocean_disable_breadcrumbs":"default","ocean_breadcrumbs_color":"","ocean_breadcrumbs_separator_color":"","ocean_breadcrumbs_links_color":"","ocean_breadcrumbs_links_hover_color":"","ocean_display_footer_widgets":"default","ocean_display_footer_bottom":"default","ocean_custom_footer_template":"","ocean_post_oembed":"","ocean_post_self_hosted_media":"","ocean_post_video_embed":"","ocean_link_format":"","ocean_link_format_target":"self","ocean_quote_format":"","ocean_quote_format_link":"post","ocean_gallery_link_images":"on","ocean_gallery_id":[]},"categories":[9],"tags":[295,75,3198],"acf":[],"_links":{"self":[{"href":"https:\/\/www.simepe.com.br\/novo\/wp-json\/wp\/v2\/posts\/48745"}],"collection":[{"href":"https:\/\/www.simepe.com.br\/novo\/wp-json\/wp\/v2\/posts"}],"about":[{"href":"https:\/\/www.simepe.com.br\/novo\/wp-json\/wp\/v2\/types\/post"}],"author":[{"embeddable":true,"href":"https:\/\/www.simepe.com.br\/novo\/wp-json\/wp\/v2\/users\/1"}],"replies":[{"embeddable":true,"href":"https:\/\/www.simepe.com.br\/novo\/wp-json\/wp\/v2\/comments?post=48745"}],"version-history":[{"count":1,"href":"https:\/\/www.simepe.com.br\/novo\/wp-json\/wp\/v2\/posts\/48745\/revisions"}],"predecessor-version":[{"id":48746,"href":"https:\/\/www.simepe.com.br\/novo\/wp-json\/wp\/v2\/posts\/48745\/revisions\/48746"}],"wp:attachment":[{"href":"https:\/\/www.simepe.com.br\/novo\/wp-json\/wp\/v2\/media?parent=48745"}],"wp:term":[{"taxonomy":"category","embeddable":true,"href":"https:\/\/www.simepe.com.br\/novo\/wp-json\/wp\/v2\/categories?post=48745"},{"taxonomy":"post_tag","embeddable":true,"href":"https:\/\/www.simepe.com.br\/novo\/wp-json\/wp\/v2\/tags?post=48745"}],"curies":[{"name":"wp","href":"https:\/\/api.w.org\/{rel}","templated":true}]}}