{"id":48773,"date":"2018-09-26T09:01:53","date_gmt":"2018-09-26T12:01:53","guid":{"rendered":"http:\/\/www.simepe.com.br\/novo\/?p=48773"},"modified":"2018-09-26T09:01:53","modified_gmt":"2018-09-26T12:01:53","slug":"em-greve-medicos-fazem-protesto-contra-precaridade-de-unidades-do-recife","status":"publish","type":"post","link":"https:\/\/www.simepe.com.br\/novo\/em-greve-medicos-fazem-protesto-contra-precaridade-de-unidades-do-recife\/","title":{"rendered":"Em greve, m\u00e9dicos fazem protesto contra precaridade de unidades do Recife"},"content":{"rendered":"<p style=\"text-align: justify;\">Ap\u00f3s realizarem vistorias, os m\u00e9dicos encontraram pacientes com falta de \u00e1gua, medicamento e em estrutura prec\u00e1ria<\/p>\n<p style=\"text-align: justify;\">O Sindicato dos M\u00e9dicos de Pernambuco (Simepe) realizou um protesto nesta ter\u00e7a-feira (25) contestando a precaridade do Centro de Atendimento Psicossocial (Caps) ap\u00f3s realizarem uma vistoria no local e localizarem os pacientes com falta de medicamento e \u00e1gua, sem lugar para deitar e em infraestrutura prec\u00e1ria. Os m\u00e9dicos da Prefeitura do Recife est\u00e3o em greve, por tempo indeterminado, desde a \u00faltima sexta (21).<\/p>\n<p style=\"text-align: justify;\">O sindicato afirmou que decidiu realizar vistorias em unidades m\u00e9dicas, visitando a Unidade de Sa\u00fade da Fam\u00edlia (USF) S\u00edtio do C\u00e9u, de Santo Amaro I, na \u00e1rea central da Capital; a Unidade de Sa\u00fade da Fam\u00edlia Ilha de Santa Terezinha, tamb\u00e9m em Santo Amaro e, por fim, o Caps Jos\u00e9 Carlos Souto, que fica no bairro dos Torr\u00f5es, na Zona Norte de Recife.<\/p>\n<p style=\"text-align: justify;\">Na primeira vistoria, o Simepe afirmou que localizou uma estrutura prec\u00e1ria, com as nebuliza\u00e7\u00f5es acontecendo na recep\u00e7\u00e3o da unidade e os pacientes tendo que esperar serem atendidos sem se protegerem do sol. Os m\u00e9dicos ainda contaram que, no local, faltavam rem\u00e9dios e a improvisa\u00e7\u00e3o fazia parte do trabalho numa \u00e1rea sem ventila\u00e7\u00e3o.<\/p>\n<p style=\"text-align: justify;\">No segundo local visitado, no entanto, o sindicato diz que a situa\u00e7\u00e3o estava normal, tendo, apenas, alguns pacientes reclamando da estrutura da unidade e da aus\u00eancia de medicamentos.<\/p>\n<p style=\"text-align: justify;\"><strong>Caps<\/strong><br \/>\nA maior reclama\u00e7\u00e3o do Simepe \u00e9 em rela\u00e7\u00e3o \u00e0 estrutura do Caps, da qual o sindicato explicou que os pacientes estavam desde essa segunda-feira (24) sem \u00e1gua para beber. O Centro de Atendimento teria solicitado a \u00e1gua por volta das 7h desta ter\u00e7a-feira, e, na visita dos m\u00e9dicos, \u00e0s 13h, a solicita\u00e7\u00e3o n\u00e3o foi conclu\u00edda e o pr\u00f3prio sindicato ofereceu \u00e1gua para os pacientes.<\/p>\n<p style=\"text-align: justify;\">Al\u00e9m disso, o Simepe declarou que n\u00e3o tinha lugar adequado para os pacientes, pois era preciso deitar os pacientes no ch\u00e3o ou em cadeiras para dormir. O sindicato ainda denunciou uma piscina que estava prop\u00edcia para prolifera\u00e7\u00e3o de focos de dengue, al\u00e9m de um teto pr\u00f3ximo a ceder e a aus\u00eancia de medicamentos no local.<\/p>\n<p style=\"text-align: justify;\"><strong>Greve<\/strong><br \/>\nOs m\u00e9dicos da Prefeitura do Recife entraram em greve na \u00faltima sexta-feira (21) por causa da falta de medicamentos, inseguran\u00e7a e infraestrutura prec\u00e1ria que eles relatam ter de enfrentar. Acordos feitos com a gest\u00e3o municipal desde 2017 estavam sendo aguardados pelos profissionais de sa\u00fade desde janeiro deste ano, e, at\u00e9 ent\u00e3o, n\u00e3o receberam nenhum retorno da pasta respons\u00e1vel.<\/p>\n<p style=\"text-align: justify;\">&#8220;V\u00e1rios pontos foram discutidos, entre eles, a seguran\u00e7a das unidades, ronda de vigilantes, que \u00e9 algo mais do que necess\u00e1rio, pois h\u00e1 v\u00e1rios relatos de criminalidade nos estacionamentos dos hospitais&#8221;, relata Tadeu Calheiros, presidente do Sindicato.<\/p>\n<p style=\"text-align: justify;\">Em contrapartida, a Prefeitura do Recife lan\u00e7ou, em nota, ap\u00f3s a defini\u00e7\u00e3o da greve dos m\u00e9dicos do Recife, que o canal de di\u00e1logo entre a categoria sempre esteve em aberto.<\/p>\n<p style=\"text-align: justify;\"><strong>Nota da Prefeitura do Recife<\/strong><br \/>\n&#8220;A Prefeitura do Recife lamenta o uso deste tipo de expediente como forma de manifesta\u00e7\u00e3o e reitera que o canal de di\u00e1logo com a categoria sempre esteve aberto. A Prefeitura lembra ainda que de 2013 at\u00e9 hoje, a categoria foi contemplada com reajuste acumulado de 32,95%, sendo 4,04% dado este ano, al\u00e9m das progress\u00f5es de carreira que impactam diretamente na remunera\u00e7\u00e3o&#8221;.<\/p>\n<p style=\"text-align: justify;\"><strong>Reuni\u00e3o<\/strong><br \/>\nO Simepe afirmou que na manh\u00e3 desta quarta-feira (26) os m\u00e9dicos v\u00e3o realizar uma reuni\u00e3o para discutir se a greve vai permanecer ou n\u00e3o. Questionados sobre a probabilidade do fim da manifesta\u00e7\u00e3o, o sindicato alegou que, possivelmente, a greve deve continuar devido \u00e0 Prefeitura do Recife n\u00e3o entrar em contato com o sindicato para nenhuma negocia\u00e7\u00e3o.<\/p>\n<p style=\"text-align: justify;\">A Coordena\u00e7\u00e3o de Sa\u00fade Mental informou que est\u00e1 sendo feito projeto de readequa\u00e7\u00e3o do outro im\u00f3vel onde ir\u00e1 funcionar o Centro de Aten\u00e7\u00e3o Psicossocial Jos\u00e9 Carlos Souto. J\u00e1 a Ger\u00eancia do Distrito Sanit\u00e1rio II esclareceu que o problema da \u00e1gua mineral foi decorrente do intervalo para reposi\u00e7\u00e3o dos garraf\u00f5es.<\/p>\n<p style=\"text-align: justify;\">\n<p style=\"text-align: justify;\">Fonte: Jornal do Commercio<\/p>\n","protected":false},"excerpt":{"rendered":"<p>Ap\u00f3s realizarem vistorias, os m\u00e9dicos encontraram pacientes com falta de \u00e1gua, medicamento e em estrutura prec\u00e1ria O Sindicato dos M\u00e9dicos de Pernambuco (Simepe) realizou um protesto nesta ter\u00e7a-feira (25) contestando a precaridade do Centro de Atendimento Psicossocial (Caps) ap\u00f3s realizarem uma vistoria no local e localizarem os pacientes com falta de medicamento e \u00e1gua, sem [&hellip;]<\/p>\n","protected":false},"author":1,"featured_media":0,"comment_status":"open","ping_status":"open","sticky":false,"template":"","format":"standard","meta":{"ocean_post_layout":"","ocean_both_sidebars_style":"","ocean_both_sidebars_content_width":0,"ocean_both_sidebars_sidebars_width":0,"ocean_sidebar":"","ocean_second_sidebar":"","ocean_disable_margins":"enable","ocean_add_body_class":"","ocean_shortcode_before_top_bar":"","ocean_shortcode_after_top_bar":"","ocean_shortcode_before_header":"","ocean_shortcode_after_header":"","ocean_has_shortcode":"","ocean_shortcode_after_title":"","ocean_shortcode_before_footer_widgets":"","ocean_shortcode_after_footer_widgets":"","ocean_shortcode_before_footer_bottom":"","ocean_shortcode_after_footer_bottom":"","ocean_display_top_bar":"default","ocean_display_header":"default","ocean_header_style":"","ocean_center_header_left_menu":"","ocean_custom_header_template":"","ocean_custom_logo":0,"ocean_custom_retina_logo":0,"ocean_custom_logo_max_width":0,"ocean_custom_logo_tablet_max_width":0,"ocean_custom_logo_mobile_max_width":0,"ocean_custom_logo_max_height":0,"ocean_custom_logo_tablet_max_height":0,"ocean_custom_logo_mobile_max_height":0,"ocean_header_custom_menu":"","ocean_menu_typo_font_family":"","ocean_menu_typo_font_subset":"","ocean_menu_typo_font_size":0,"ocean_menu_typo_font_size_tablet":0,"ocean_menu_typo_font_size_mobile":0,"ocean_menu_typo_font_size_unit":"px","ocean_menu_typo_font_weight":"","ocean_menu_typo_font_weight_tablet":"","ocean_menu_typo_font_weight_mobile":"","ocean_menu_typo_transform":"","ocean_menu_typo_transform_tablet":"","ocean_menu_typo_transform_mobile":"","ocean_menu_typo_line_height":0,"ocean_menu_typo_line_height_tablet":0,"ocean_menu_typo_line_height_mobile":0,"ocean_menu_typo_line_height_unit":"","ocean_menu_typo_spacing":0,"ocean_menu_typo_spacing_tablet":0,"ocean_menu_typo_spacing_mobile":0,"ocean_menu_typo_spacing_unit":"","ocean_menu_link_color":"","ocean_menu_link_color_hover":"","ocean_menu_link_color_active":"","ocean_menu_link_background":"","ocean_menu_link_hover_background":"","ocean_menu_link_active_background":"","ocean_menu_social_links_bg":"","ocean_menu_social_hover_links_bg":"","ocean_menu_social_links_color":"","ocean_menu_social_hover_links_color":"","ocean_disable_title":"default","ocean_disable_heading":"default","ocean_post_title":"","ocean_post_subheading":"","ocean_post_title_style":"","ocean_post_title_background_color":"","ocean_post_title_background":0,"ocean_post_title_bg_image_position":"","ocean_post_title_bg_image_attachment":"","ocean_post_title_bg_image_repeat":"","ocean_post_title_bg_image_size":"","ocean_post_title_height":0,"ocean_post_title_bg_overlay":0.5,"ocean_post_title_bg_overlay_color":"","ocean_disable_breadcrumbs":"default","ocean_breadcrumbs_color":"","ocean_breadcrumbs_separator_color":"","ocean_breadcrumbs_links_color":"","ocean_breadcrumbs_links_hover_color":"","ocean_display_footer_widgets":"default","ocean_display_footer_bottom":"default","ocean_custom_footer_template":"","ocean_post_oembed":"","ocean_post_self_hosted_media":"","ocean_post_video_embed":"","ocean_link_format":"","ocean_link_format_target":"self","ocean_quote_format":"","ocean_quote_format_link":"post","ocean_gallery_link_images":"on","ocean_gallery_id":[]},"categories":[9],"tags":[],"acf":[],"_links":{"self":[{"href":"https:\/\/www.simepe.com.br\/novo\/wp-json\/wp\/v2\/posts\/48773"}],"collection":[{"href":"https:\/\/www.simepe.com.br\/novo\/wp-json\/wp\/v2\/posts"}],"about":[{"href":"https:\/\/www.simepe.com.br\/novo\/wp-json\/wp\/v2\/types\/post"}],"author":[{"embeddable":true,"href":"https:\/\/www.simepe.com.br\/novo\/wp-json\/wp\/v2\/users\/1"}],"replies":[{"embeddable":true,"href":"https:\/\/www.simepe.com.br\/novo\/wp-json\/wp\/v2\/comments?post=48773"}],"version-history":[{"count":1,"href":"https:\/\/www.simepe.com.br\/novo\/wp-json\/wp\/v2\/posts\/48773\/revisions"}],"predecessor-version":[{"id":48774,"href":"https:\/\/www.simepe.com.br\/novo\/wp-json\/wp\/v2\/posts\/48773\/revisions\/48774"}],"wp:attachment":[{"href":"https:\/\/www.simepe.com.br\/novo\/wp-json\/wp\/v2\/media?parent=48773"}],"wp:term":[{"taxonomy":"category","embeddable":true,"href":"https:\/\/www.simepe.com.br\/novo\/wp-json\/wp\/v2\/categories?post=48773"},{"taxonomy":"post_tag","embeddable":true,"href":"https:\/\/www.simepe.com.br\/novo\/wp-json\/wp\/v2\/tags?post=48773"}],"curies":[{"name":"wp","href":"https:\/\/api.w.org\/{rel}","templated":true}]}}