{"id":48777,"date":"2018-09-26T09:08:58","date_gmt":"2018-09-26T12:08:58","guid":{"rendered":"http:\/\/www.simepe.com.br\/novo\/?p=48777"},"modified":"2018-09-26T09:08:58","modified_gmt":"2018-09-26T12:08:58","slug":"quase-metade-das-familias-de-pacientes-com-morte-cerebral-se-recusa-a-doar-orgaos-em-pe","status":"publish","type":"post","link":"https:\/\/www.simepe.com.br\/novo\/quase-metade-das-familias-de-pacientes-com-morte-cerebral-se-recusa-a-doar-orgaos-em-pe\/","title":{"rendered":"Quase metade das fam\u00edlias de pacientes com morte cerebral se recusa a doar \u00f3rg\u00e3os em PE"},"content":{"rendered":"<p style=\"text-align: justify;\">Quase metade das fam\u00edlias de pacientes com morte cerebral se recusa a doar \u00f3rg\u00e3os em PE<\/p>\n<p style=\"text-align: justify;\">A falta de autoriza\u00e7\u00e3o das fam\u00edlias de pacientes com morte cerebral diagnosticada \u00e9 o principal entrave para a doa\u00e7\u00e3o de \u00f3rg\u00e3os e tecidos e para a realiza\u00e7\u00e3o de transplantes em Pernambuco. De acordo com as Organiza\u00e7\u00f5es de Procura de \u00d3rg\u00e3os (OPO) e Comiss\u00f5es Intra-Hospitalares de Doa\u00e7\u00e3o de \u00d3rg\u00e3os (Cihdotts), entre janeiro e agosto deste ano, o \u00edndice de recusa chegou a 46,2%.<\/p>\n<p style=\"text-align: justify;\">Segundo a Secretaria de Sa\u00fade, nos oito primeiros meses de 2018, foram feitas 227 entrevistas com familiares de pacientes com morte cerebral configurada por meio de exames cl\u00ednicos e de imagem. Desse total, 122 autorizaram a doa\u00e7\u00e3o de \u00f3rg\u00e3os e tecidos e 105 recusaram.<\/p>\n<p style=\"text-align: justify;\">Os n\u00fameros foram repassados pela secretaria, nesta ter\u00e7a-feira (25), quando come\u00e7am as atividades da Semana de Nacional de Incentivo \u00e0 Doa\u00e7\u00e3o de \u00d3rg\u00e3os. No estado, est\u00e3o marcadas a\u00e7\u00f5es em hospitais para conscientizar as equipes que lidam com a capta\u00e7\u00e3o de \u00f3rg\u00e3os, al\u00e9m de homenagens a doadores.<\/p>\n<p style=\"text-align: justify;\">\u201cO \u00edndice aceit\u00e1vel aqui em Pernambuco seria de 30%. Estados como Santa Catarina e Paran\u00e1 conseguiram atingir n\u00edveis bem baixos de recusa, semelhantes at\u00e9 aos da Espanha\u201d, afirmou a coordenadora da Central de Transplantes do estado, Noemy Gomes.<\/p>\n<p style=\"text-align: justify;\">Noemy Gomes ressalta que os n\u00fameros de recusa permanecem altos, apesar de uma queda registrada ao longo do ano. \u201cNo primeiro trimestre deste ano, o \u00edndice de recusa chegou a 56%. Em julho e agosto, baixamos para at\u00e9 29%, mas \u00e9 preciso trabalhar mais para conseguir ampliar a efetividade das doa\u00e7\u00f5es\u201d, declarou.<\/p>\n<p style=\"text-align: justify;\">Para a coordenadora da Central de Transplantes de Pernambuco, a meta das autoridades de sa\u00fade \u00e9 investir em treinamentos para profissionais de sa\u00fade. A capacita\u00e7\u00e3o tem que atingir as equipes que n\u00e3o est\u00e3o envolvidas diretamente no processo da doa\u00e7\u00e3o, mas atuam na \u00e1rea da assist\u00eancia das unidades hospitalares.<\/p>\n<p style=\"text-align: justify;\">\u201cA quest\u00e3o cultural \u00e9 um dos fatores que mais interferem no processo de capta\u00e7\u00e3o de \u00f3rg\u00e3os. E a recusa se torna o principal entrave. Sem autoriza\u00e7\u00e3o, n\u00e3o h\u00e1 transplante\u201d, afirmou Noemy Gomes.<\/p>\n<p style=\"text-align: justify;\">Noemy salienta, ainda, que \u00e9 preciso cumprir todos os ritos do processo. \u201cA fam\u00edlia deve encontrar um profissional preparado para todo o processo de doa\u00e7\u00e3o. N\u00e3o se pode abordar e falar de doa\u00e7\u00e3o de \u00f3rg\u00e3os sem antes confirmar a morte cerebral. N\u00e3o podemos pular etapas. Isso \u00e9 fundamental\u201d, afirmou.<\/p>\n<p style=\"text-align: justify;\">Segundo Gomes, \u00e9 preciso trabalhar com as fam\u00edlias para que elas entendam o que significa a morte cerebral. \u201cAs fam\u00edlias devem entender a morte cerebral como morte&#8221;, observou.<\/p>\n<p style=\"text-align: justify;\">Segundo ela, hoje, entende-se que o centro da vida n\u00e3o \u00e9 o cora\u00e7\u00e3o, mas sim o c\u00e9rebro. &#8220;As equipes m\u00e9dicas devem mostrar para os parentes que a morte cerebral \u00e9 atestada por etapas distintas e que os testes s\u00e3o realizados por m\u00e9dicos sem envolvimento direto em transplantes, para garantir transpar\u00eancia\u201d, comentou.<\/p>\n<p style=\"text-align: justify;\"><strong>Transplantes<\/strong><br \/>\nDados da Secretaria Estadual de Sa\u00fade mostram que, entre janeiro e agosto deste ano, houve um aumento de 13,6% nos transplantes de \u00f3rg\u00e3os s\u00f3lidos (cora\u00e7\u00e3o, f\u00edgado, rim, p\u00e2ncreas), doados quando h\u00e1 a morte encef\u00e1lica do paciente. O rim e parte do f\u00edgado tamb\u00e9m podem ser doados em vida. Foram 450 \u00f3rg\u00e3os s\u00f3lidos transplantados este ano, contra 396 no mesmo per\u00edodo de 2017.<\/p>\n<p style=\"text-align: justify;\">Quando os dados s\u00e3o relativos a \u00f3rg\u00e3os s\u00f3lidos e tecidos (medula e c\u00f3rnea), houve uma redu\u00e7\u00e3o no n\u00famero de transplantes. Nos oito primeiros meses de 2018, foram feitos 1.129 procedimentos, uma diminui\u00e7\u00e3o de 9,27% em rela\u00e7\u00e3o a 2017, com 1.241 cirurgias.<\/p>\n<p style=\"text-align: justify;\">Em 2018, foram realizados 529 transplantes de c\u00f3rnea, com registro de queda de 24% , em rela\u00e7\u00e3o a o mesmo per\u00edodo de 2017. Ocorreram tamb\u00e9m 315 procedimentos de rim, com aumento de 22%, na compara\u00e7\u00e3o com o ano passado. Tamb\u00e9m houve aumento no n\u00famero de transplantes de f\u00edgado e queda nos procedimentos de cora\u00e7\u00e3o.<\/p>\n<p style=\"text-align: justify;\"><strong>Fila<\/strong><br \/>\nDe acordo com o \u00faltimo balan\u00e7o da Central de Transplantes de Pernambuco, 1.067 pessoas est\u00e3o em fila de espera por um \u00f3rg\u00e3o ou tecido. O maior quantitativo \u00e9 para rim (794), seguido de f\u00edgado (117), c\u00f3rnea (111), medula \u00f3ssea (29), cora\u00e7\u00e3o (11) e rim\/p\u00e2ncreas (5).<\/p>\n<p style=\"text-align: justify;\">\n&#8220;A fila tem sido mantida na casa de mil pessoas. A maior necessidade \u00e9 de rim. Esses s\u00e3o casos em que a pessoa pode fazer hemodi\u00e1lise enquanto espera a doa\u00e7\u00e3o. Os outros s\u00e3o urgentes, como o de f\u00edgado e de cora\u00e7\u00e3o\u201d, comentou Noemy Gomes.<\/p>\n<p style=\"text-align: justify;\"><strong>Morte encef\u00e1lica<\/strong><br \/>\nA morte encef\u00e1lica acontece quando o c\u00e9rebro perde a capacidade de comandar as fun\u00e7\u00f5es do corpo, como consequ\u00eancia de uma les\u00e3o conhecida e comprovada. Nesse caso, o paciente \u00e9 um potencial doador. Apesar de n\u00e3o haver mais atividade cerebral, os \u00f3rg\u00e3os continuam em funcionamento com a ajuda de aparelhos.<\/p>\n<p style=\"text-align: justify;\">De acordo com resolu\u00e7\u00e3o do Conselho Federal de Medicina (CFM), atualizada no final de 2017, o diagn\u00f3stico de morte encef\u00e1lica deve ser iniciado em todos os pacientes que apresentem coma n\u00e3o perceptivo, aus\u00eancia de reatividade supraespinhal e apneia persistente.<\/p>\n<p style=\"text-align: justify;\">A morte deve ser atestada por dois m\u00e9dicos n\u00e3o participantes das equipes de remo\u00e7\u00e3o e de transplante, mediante a utiliza\u00e7\u00e3o de crit\u00e9rios cl\u00ednicos e tecnol\u00f3gicos definidos.<\/p>\n<p style=\"text-align: justify;\">Al\u00e9m do exame cl\u00ednico, com um intervalo m\u00ednimo de uma hora entre o primeiro e o segundo, o paciente deve ser submetido a um teste de apneia e a exames complementares.<\/p>\n<p style=\"text-align: justify;\">Entre os exames a serem realizados, podem ser feita a angiografia cerebral, o eletroencefalograma, o doppler transcraniano e a cintilografia. O laudo deve ser assinado por profissional com comprovada experi\u00eancia e capacita\u00e7\u00e3o para a realiza\u00e7\u00e3o desse tipo de exame.<\/p>\n<p style=\"text-align: justify;\">\n<strong>Incentivo<\/strong><br \/>\nPara chamar a aten\u00e7\u00e3o da sociedade, a partir desta ter\u00e7a-feira (25), s\u00e3o realizadas atividades da Semana Nacional de Incentivo \u00e0 Doa\u00e7\u00e3o de \u00d3rg\u00e3os, A programa\u00e7\u00e3o tem in\u00edcio no Hospital Pel\u00f3pidas Silveira, no Recife, com palestras para equipes m\u00e9dicas.<\/p>\n<p style=\"text-align: justify;\">Na quarta-feira (26), o Instituto de Medicina Integral Fernando Figueira (Imip), na \u00e1rea central do Recife, homenageia os doadores de \u00f3rg\u00e3os. O encontro ocorre das 8h \u00e0s 11h, na Sala de Defesa de Tese da unidade.<\/p>\n<p style=\"text-align: justify;\">Na quinta-feira (27), especialistas se re\u00fanem no II Simp\u00f3sio de Transplantes de \u00d3rg\u00e3os e Tecidos, organizado pelo Hospital Portugu\u00eas, na \u00e1rea central do Recife. As palestras, divididas em quatro m\u00f3dulos, tratar\u00e3o dos desafios enfrentados pelos profissionais envolvidos no processo.<\/p>\n<p style=\"text-align: justify;\">\n<p style=\"text-align: justify;\">Fonte: G1<\/p>\n","protected":false},"excerpt":{"rendered":"<p>Quase metade das fam\u00edlias de pacientes com morte cerebral se recusa a doar \u00f3rg\u00e3os em PE A falta de autoriza\u00e7\u00e3o das fam\u00edlias de pacientes com morte cerebral diagnosticada \u00e9 o principal entrave para a doa\u00e7\u00e3o de \u00f3rg\u00e3os e tecidos e para a realiza\u00e7\u00e3o de transplantes em Pernambuco. De acordo com as Organiza\u00e7\u00f5es de Procura de [&hellip;]<\/p>\n","protected":false},"author":1,"featured_media":48778,"comment_status":"open","ping_status":"open","sticky":false,"template":"","format":"standard","meta":{"ocean_post_layout":"","ocean_both_sidebars_style":"","ocean_both_sidebars_content_width":0,"ocean_both_sidebars_sidebars_width":0,"ocean_sidebar":"","ocean_second_sidebar":"","ocean_disable_margins":"enable","ocean_add_body_class":"","ocean_shortcode_before_top_bar":"","ocean_shortcode_after_top_bar":"","ocean_shortcode_before_header":"","ocean_shortcode_after_header":"","ocean_has_shortcode":"","ocean_shortcode_after_title":"","ocean_shortcode_before_footer_widgets":"","ocean_shortcode_after_footer_widgets":"","ocean_shortcode_before_footer_bottom":"","ocean_shortcode_after_footer_bottom":"","ocean_display_top_bar":"default","ocean_display_header":"default","ocean_header_style":"","ocean_center_header_left_menu":"","ocean_custom_header_template":"","ocean_custom_logo":0,"ocean_custom_retina_logo":0,"ocean_custom_logo_max_width":0,"ocean_custom_logo_tablet_max_width":0,"ocean_custom_logo_mobile_max_width":0,"ocean_custom_logo_max_height":0,"ocean_custom_logo_tablet_max_height":0,"ocean_custom_logo_mobile_max_height":0,"ocean_header_custom_menu":"","ocean_menu_typo_font_family":"","ocean_menu_typo_font_subset":"","ocean_menu_typo_font_size":0,"ocean_menu_typo_font_size_tablet":0,"ocean_menu_typo_font_size_mobile":0,"ocean_menu_typo_font_size_unit":"px","ocean_menu_typo_font_weight":"","ocean_menu_typo_font_weight_tablet":"","ocean_menu_typo_font_weight_mobile":"","ocean_menu_typo_transform":"","ocean_menu_typo_transform_tablet":"","ocean_menu_typo_transform_mobile":"","ocean_menu_typo_line_height":0,"ocean_menu_typo_line_height_tablet":0,"ocean_menu_typo_line_height_mobile":0,"ocean_menu_typo_line_height_unit":"","ocean_menu_typo_spacing":0,"ocean_menu_typo_spacing_tablet":0,"ocean_menu_typo_spacing_mobile":0,"ocean_menu_typo_spacing_unit":"","ocean_menu_link_color":"","ocean_menu_link_color_hover":"","ocean_menu_link_color_active":"","ocean_menu_link_background":"","ocean_menu_link_hover_background":"","ocean_menu_link_active_background":"","ocean_menu_social_links_bg":"","ocean_menu_social_hover_links_bg":"","ocean_menu_social_links_color":"","ocean_menu_social_hover_links_color":"","ocean_disable_title":"default","ocean_disable_heading":"default","ocean_post_title":"","ocean_post_subheading":"","ocean_post_title_style":"","ocean_post_title_background_color":"","ocean_post_title_background":0,"ocean_post_title_bg_image_position":"","ocean_post_title_bg_image_attachment":"","ocean_post_title_bg_image_repeat":"","ocean_post_title_bg_image_size":"","ocean_post_title_height":0,"ocean_post_title_bg_overlay":0.5,"ocean_post_title_bg_overlay_color":"","ocean_disable_breadcrumbs":"default","ocean_breadcrumbs_color":"","ocean_breadcrumbs_separator_color":"","ocean_breadcrumbs_links_color":"","ocean_breadcrumbs_links_hover_color":"","ocean_display_footer_widgets":"default","ocean_display_footer_bottom":"default","ocean_custom_footer_template":"","ocean_post_oembed":"","ocean_post_self_hosted_media":"","ocean_post_video_embed":"","ocean_link_format":"","ocean_link_format_target":"self","ocean_quote_format":"","ocean_quote_format_link":"post","ocean_gallery_link_images":"on","ocean_gallery_id":[]},"categories":[1],"tags":[],"acf":[],"_links":{"self":[{"href":"https:\/\/www.simepe.com.br\/novo\/wp-json\/wp\/v2\/posts\/48777"}],"collection":[{"href":"https:\/\/www.simepe.com.br\/novo\/wp-json\/wp\/v2\/posts"}],"about":[{"href":"https:\/\/www.simepe.com.br\/novo\/wp-json\/wp\/v2\/types\/post"}],"author":[{"embeddable":true,"href":"https:\/\/www.simepe.com.br\/novo\/wp-json\/wp\/v2\/users\/1"}],"replies":[{"embeddable":true,"href":"https:\/\/www.simepe.com.br\/novo\/wp-json\/wp\/v2\/comments?post=48777"}],"version-history":[{"count":1,"href":"https:\/\/www.simepe.com.br\/novo\/wp-json\/wp\/v2\/posts\/48777\/revisions"}],"predecessor-version":[{"id":48779,"href":"https:\/\/www.simepe.com.br\/novo\/wp-json\/wp\/v2\/posts\/48777\/revisions\/48779"}],"wp:featuredmedia":[{"embeddable":true,"href":"https:\/\/www.simepe.com.br\/novo\/wp-json\/wp\/v2\/media\/48778"}],"wp:attachment":[{"href":"https:\/\/www.simepe.com.br\/novo\/wp-json\/wp\/v2\/media?parent=48777"}],"wp:term":[{"taxonomy":"category","embeddable":true,"href":"https:\/\/www.simepe.com.br\/novo\/wp-json\/wp\/v2\/categories?post=48777"},{"taxonomy":"post_tag","embeddable":true,"href":"https:\/\/www.simepe.com.br\/novo\/wp-json\/wp\/v2\/tags?post=48777"}],"curies":[{"name":"wp","href":"https:\/\/api.w.org\/{rel}","templated":true}]}}