{"id":48796,"date":"2018-09-27T09:39:28","date_gmt":"2018-09-27T12:39:28","guid":{"rendered":"http:\/\/www.simepe.com.br\/novo\/?p=48796"},"modified":"2018-09-27T09:40:24","modified_gmt":"2018-09-27T12:40:24","slug":"hpv-um-risco-a-ser-evitado","status":"publish","type":"post","link":"https:\/\/www.simepe.com.br\/novo\/hpv-um-risco-a-ser-evitado\/","title":{"rendered":"HPV, um risco a ser evitado"},"content":{"rendered":"<p style=\"text-align: justify;\">Preval\u00eancia da doen\u00e7a no Brasil \u00e9 de 54,3% na faixa de 16 a 25 anos, mas esse percentual pode diminuir com a vacina. S\u00e3o duas doses para a imuniza\u00e7\u00e3o<\/p>\n<p style=\"text-align: justify;\">Ela \u00e9 respons\u00e1vel por reduzir em 70% as chances de desenvolvimento de c\u00e2ncer de colo de \u00fatero se aplicada em jovens at\u00e9 26 anos, antes da primeira rela\u00e7\u00e3o sexual, mas segue negligenciada no Brasil. Aprovada pela Organiza\u00e7\u00e3o Mundial da Sa\u00fade (OMS), a vacina contra o papilomav\u00edrus humano (HPV) segue enfrentando dificuldade de ades\u00e3o entre popula\u00e7\u00e3o. At\u00e9 o in\u00edcio deste m\u00eas, a cobertura da segunda dose n\u00e3o tinha atingido nem metade das meninas p\u00fablico-alvo e s\u00f3 havia alcan\u00e7ado 11,6% dos meninos. O Minist\u00e9rio da Sa\u00fade realiza at\u00e9 o fim desta semana campanha publicit\u00e1ria chamando aten\u00e7\u00e3o para essa realidade.<\/p>\n<p style=\"text-align: justify;\">O HPV \u00e9 um v\u00edrus que infecta pele e mucosas de homens e mulheres e pode causar desde verrugas genitais at\u00e9 diversos tipos de c\u00e2ncer, sendo o mais frequente deles o c\u00e2ncer do colo do \u00fatero. \u00c9 considerada uma Infec\u00e7\u00e3o Sexualmente Transmiss\u00edvel (IST). \u201c\u00c9 um v\u00edrus transmitido principalmente pela via sexual, que causa geralmente les\u00f5es genitais tanto no p\u00eanis quanto na vagina. Tamb\u00e9m pode acometer a regi\u00e3o anal e perianal. A forma de apresenta\u00e7\u00e3o cl\u00ednica mais comum s\u00e3o verrugas cut\u00e2neas. Les\u00f5es na l\u00edngua e mucosa oral tamb\u00e9m podem ser causadas por essa infec\u00e7\u00e3o\u201d, explica o infectologista da Rede D\u2019Or S\u00e3o Luiz Tom\u00e1z Albuquerque.<\/p>\n<p style=\"text-align: justify;\">O problema \u00e9 que a infec\u00e7\u00e3o por HPV n\u00e3o apresenta sintomas na maioria das pessoas, podendo passar de meses a anos sem manifestar sinais vis\u00edveis a olho nu ou manifesta\u00e7\u00f5es subcl\u00ednicas. \u201cO v\u00edrus tamb\u00e9m \u00e9 oncog\u00eanico, o DNA dele pode produzir les\u00f5es malignas e aumentar as chances de c\u00e2ncer de p\u00eanis, na regi\u00e3o anal, de colo de \u00fatero. \u00c9 quando ele se reveste de uma import\u00e2ncia maior, j\u00e1 que a infec\u00e7\u00e3o do colo de \u00fatero n\u00e3o \u00e9 sintom\u00e1tica e nem facilmente identific\u00e1vel se a mulher n\u00e3o tiver o cuidado de fazer o exame preventivo\u201d, acrescenta Tom\u00e1z.<\/p>\n<p style=\"text-align: justify;\">Segundo estudo realizado pelo projeto POP-Brasil no ano passado, a preval\u00eancia estimada do HPV no Brasil \u00e9 de 54,3% na faixa et\u00e1ria de 16 a 25 anos. O estudo entrevistou 7,5 mil pessoas nas capitais do pa\u00eds. Os dados da pesquisa mostram que 37,6% dos participantes apresentaram HPV de alto risco para o desenvolvimento de c\u00e2ncer.<\/p>\n<p style=\"text-align: justify;\">\u00c9 por isso que a vacina\u00e7\u00e3o tem papel determinante na preven\u00e7\u00e3o. Ela previne v\u00e1rios tipos de c\u00e2nceres nas mulheres e homens. No mundo, dos 2,2 milh\u00f5es de tumores provocados por v\u00edrus e outros agentes infecciosos, 640 mil s\u00e3o causados pelo HPV. A vacina usada no Brasil previne 70% dos c\u00e2nceres do colo \u00fatero, 90% c\u00e2ncer anal, 63% do c\u00e2ncer de p\u00eanis, 70% dos c\u00e2nceres de vagina, 72% dos c\u00e2nceres de orofaringe e 90% das verrugas genitais. Al\u00e9m disso, as vacinas protegem contra o pr\u00e9-c\u00e2ncer cervical em mulheres de 15 a 26 anos, associadas ao HPV 16\/18.<\/p>\n<p style=\"text-align: justify;\">A vacina \u00e9 voltada para meninas entre 9 a 14 anos e meninos de 11 a 14 anos. Ela \u00e9 dividida em duas fases, sendo a primeira administrada em mar\u00e7o e a segunda seis meses depois. Esse \u00e9 um momento de inflex\u00e3o, quando o p\u00fablico-alvo deixa de procurar os postos de sa\u00fade. Nos \u00faltimos cinco anos, 75% das meninas tomaram a primeira dose no estado, mas s\u00f3 47% a segunda. Em 2014 e 2015, o Recife chegou a fazer 100% de cobertura na primeira dose, por\u00e9m n\u00e3o repetiu os \u00edndices no segundo momento. Para a coordenadora do Programa Nacional de Imuniza\u00e7\u00e3o do Recife (PNI), Elizabeth Azoubel, os boatos de efeitos colaterais, como o que surgiu em Bertioga (SP) em 2014, e a dist\u00e2ncia de seis meses entre as duas doses podem ajudar a explicar a baixa procura.<\/p>\n<p style=\"text-align: justify;\">\u201cNa \u00e9poca do boato, n\u00e3o foram feitas muitas reportagens para esclarecer. Hoje, h\u00e1 tamb\u00e9m os grupos antivacina crescendo e que s\u00f3 divulgam informa\u00e7\u00f5es negativas. Mas a vacina \u00e9 usada desde 2006 em v\u00e1rios pa\u00edses e \u00e9 supersegura. \u00c9 uma vacina que a pessoa toma na adolesc\u00eancia para n\u00e3o ter riscos na vida adulta. \u00c9 um trabalho que vai colher frutos a longo prazo\u201d, disse ela. A vacina est\u00e1 dispon\u00edvel o ano inteiro nas unidades. Na rede privada, a dose pode chegar a R$ 480. A imuniza\u00e7\u00e3o s\u00f3 acontece para quem toma as duas doses.<\/p>\n<p style=\"text-align: justify;\">Estudos internacionais apontam o impacto da vacina\u00e7\u00e3o na redu\u00e7\u00e3o do HPV. Nos EUA, dados mostram uma diminui\u00e7\u00e3o de 88% nas taxas de infe\u00e7\u00e3o oral por HPV. Na Austr\u00e1lia, redu\u00e7\u00e3o da preval\u00eancia de HPV de 22.7% (2005) para 1.5% (2015) entre mulheres de 18\u201324 anos. Outro estudo internacional mostra que nos EUA, M\u00e9xico e Brasil entre homens de 18 a 70 anos, os brasileiros (72%) t\u00eam mais infec\u00e7\u00e3o por HPV que os mexicanos (62%) e norte-americanos (61%).<\/p>\n<p style=\"text-align: justify;\">Fonte: Diario de Pernambuco<\/p>\n","protected":false},"excerpt":{"rendered":"<p>Preval\u00eancia da doen\u00e7a no Brasil \u00e9 de 54,3% na faixa de 16 a 25 anos, mas esse percentual pode diminuir com a vacina. S\u00e3o duas doses para a imuniza\u00e7\u00e3o Ela \u00e9 respons\u00e1vel por reduzir em 70% as chances de desenvolvimento de c\u00e2ncer de colo de \u00fatero se aplicada em jovens at\u00e9 26 anos, antes da [&hellip;]<\/p>\n","protected":false},"author":1,"featured_media":0,"comment_status":"open","ping_status":"open","sticky":false,"template":"","format":"standard","meta":{"ocean_post_layout":"","ocean_both_sidebars_style":"","ocean_both_sidebars_content_width":0,"ocean_both_sidebars_sidebars_width":0,"ocean_sidebar":"","ocean_second_sidebar":"","ocean_disable_margins":"enable","ocean_add_body_class":"","ocean_shortcode_before_top_bar":"","ocean_shortcode_after_top_bar":"","ocean_shortcode_before_header":"","ocean_shortcode_after_header":"","ocean_has_shortcode":"","ocean_shortcode_after_title":"","ocean_shortcode_before_footer_widgets":"","ocean_shortcode_after_footer_widgets":"","ocean_shortcode_before_footer_bottom":"","ocean_shortcode_after_footer_bottom":"","ocean_display_top_bar":"default","ocean_display_header":"default","ocean_header_style":"","ocean_center_header_left_menu":"","ocean_custom_header_template":"","ocean_custom_logo":0,"ocean_custom_retina_logo":0,"ocean_custom_logo_max_width":0,"ocean_custom_logo_tablet_max_width":0,"ocean_custom_logo_mobile_max_width":0,"ocean_custom_logo_max_height":0,"ocean_custom_logo_tablet_max_height":0,"ocean_custom_logo_mobile_max_height":0,"ocean_header_custom_menu":"","ocean_menu_typo_font_family":"","ocean_menu_typo_font_subset":"","ocean_menu_typo_font_size":0,"ocean_menu_typo_font_size_tablet":0,"ocean_menu_typo_font_size_mobile":0,"ocean_menu_typo_font_size_unit":"px","ocean_menu_typo_font_weight":"","ocean_menu_typo_font_weight_tablet":"","ocean_menu_typo_font_weight_mobile":"","ocean_menu_typo_transform":"","ocean_menu_typo_transform_tablet":"","ocean_menu_typo_transform_mobile":"","ocean_menu_typo_line_height":0,"ocean_menu_typo_line_height_tablet":0,"ocean_menu_typo_line_height_mobile":0,"ocean_menu_typo_line_height_unit":"","ocean_menu_typo_spacing":0,"ocean_menu_typo_spacing_tablet":0,"ocean_menu_typo_spacing_mobile":0,"ocean_menu_typo_spacing_unit":"","ocean_menu_link_color":"","ocean_menu_link_color_hover":"","ocean_menu_link_color_active":"","ocean_menu_link_background":"","ocean_menu_link_hover_background":"","ocean_menu_link_active_background":"","ocean_menu_social_links_bg":"","ocean_menu_social_hover_links_bg":"","ocean_menu_social_links_color":"","ocean_menu_social_hover_links_color":"","ocean_disable_title":"default","ocean_disable_heading":"default","ocean_post_title":"","ocean_post_subheading":"","ocean_post_title_style":"","ocean_post_title_background_color":"","ocean_post_title_background":0,"ocean_post_title_bg_image_position":"","ocean_post_title_bg_image_attachment":"","ocean_post_title_bg_image_repeat":"","ocean_post_title_bg_image_size":"","ocean_post_title_height":0,"ocean_post_title_bg_overlay":0.5,"ocean_post_title_bg_overlay_color":"","ocean_disable_breadcrumbs":"default","ocean_breadcrumbs_color":"","ocean_breadcrumbs_separator_color":"","ocean_breadcrumbs_links_color":"","ocean_breadcrumbs_links_hover_color":"","ocean_display_footer_widgets":"default","ocean_display_footer_bottom":"default","ocean_custom_footer_template":"","ocean_post_oembed":"","ocean_post_self_hosted_media":"","ocean_post_video_embed":"","ocean_link_format":"","ocean_link_format_target":"self","ocean_quote_format":"","ocean_quote_format_link":"post","ocean_gallery_link_images":"on","ocean_gallery_id":[]},"categories":[9],"tags":[332,523,82,467],"acf":[],"_links":{"self":[{"href":"https:\/\/www.simepe.com.br\/novo\/wp-json\/wp\/v2\/posts\/48796"}],"collection":[{"href":"https:\/\/www.simepe.com.br\/novo\/wp-json\/wp\/v2\/posts"}],"about":[{"href":"https:\/\/www.simepe.com.br\/novo\/wp-json\/wp\/v2\/types\/post"}],"author":[{"embeddable":true,"href":"https:\/\/www.simepe.com.br\/novo\/wp-json\/wp\/v2\/users\/1"}],"replies":[{"embeddable":true,"href":"https:\/\/www.simepe.com.br\/novo\/wp-json\/wp\/v2\/comments?post=48796"}],"version-history":[{"count":2,"href":"https:\/\/www.simepe.com.br\/novo\/wp-json\/wp\/v2\/posts\/48796\/revisions"}],"predecessor-version":[{"id":48798,"href":"https:\/\/www.simepe.com.br\/novo\/wp-json\/wp\/v2\/posts\/48796\/revisions\/48798"}],"wp:attachment":[{"href":"https:\/\/www.simepe.com.br\/novo\/wp-json\/wp\/v2\/media?parent=48796"}],"wp:term":[{"taxonomy":"category","embeddable":true,"href":"https:\/\/www.simepe.com.br\/novo\/wp-json\/wp\/v2\/categories?post=48796"},{"taxonomy":"post_tag","embeddable":true,"href":"https:\/\/www.simepe.com.br\/novo\/wp-json\/wp\/v2\/tags?post=48796"}],"curies":[{"name":"wp","href":"https:\/\/api.w.org\/{rel}","templated":true}]}}