{"id":48805,"date":"2018-09-27T09:46:01","date_gmt":"2018-09-27T12:46:01","guid":{"rendered":"http:\/\/www.simepe.com.br\/novo\/?p=48805"},"modified":"2018-09-27T09:46:01","modified_gmt":"2018-09-27T12:46:01","slug":"medicos-decidem-manter-greve-nas-unidades-de-saude-do-recife","status":"publish","type":"post","link":"https:\/\/www.simepe.com.br\/novo\/medicos-decidem-manter-greve-nas-unidades-de-saude-do-recife\/","title":{"rendered":"M\u00e9dicos decidem manter greve nas unidades de sa\u00fade do Recife"},"content":{"rendered":"<p style=\"text-align: justify;\">De acordo com a categoria, a Prefeitura do Recife n\u00e3o cumpriu o que foi acordado em negocia\u00e7\u00e3o janeiro deste ano<\/p>\n<p style=\"text-align: justify;\">No sexto dia de paralisa\u00e7\u00e3o, os m\u00e9dicos do Recife anunciaram que v\u00e3o manter a greve por tempo indeterminado. A decis\u00e3o foi tomada nesta quarta-feira (26) em Assembleia Geral Extraordin\u00e1ria, no audit\u00f3rio da Associa\u00e7\u00e3o M\u00e9dica de Pernambuco (AMPE). A categoria reivindica melhorias na seguran\u00e7a e nas estruturas f\u00edsicas das unidades de sa\u00fade, recomposi\u00e7\u00e3o das escalas m\u00e9dicas, abastecimento adequado de medicamentos, entre outros itens.<\/p>\n<p style=\"text-align: justify;\">Apesar da suspens\u00e3o do atendimento eletivo nos postos e hospitais municipais, a urg\u00eancia, emerg\u00eancia e nos Centros de Aten\u00e7\u00e3o Psicossocial (Caps) continuam funcionando. Na manh\u00e3 dessa ter\u00e7a-feira (25), uma comiss\u00e3o formada pelo Sindicato dos M\u00e9dicos de Pernambuco (Simepe) fez uma blitiz em unidades de sa\u00fade. Em uma delas, no Centro de Aten\u00e7\u00e3o Psicossocial (Caps) Jos\u00e9 Carlos Souto, no bairro do Torre\u00e3o, na Zona Norte do Recife, foi constatado que n\u00e3o h\u00e1 condi\u00e7\u00f5es m\u00ednimas de trabalho.<\/p>\n<p style=\"text-align: justify;\">\u201cA paralisa\u00e7\u00e3o continua por tempo indeterminado porque os m\u00e9dicos querem condi\u00e7\u00f5es para irem trabalhar, querem que haja medicamentos para os pacientes, condi\u00e7\u00f5es para fazer exames e infelizmente n\u00e3o temos isso aqui\u201d &#8211; Tadeu Calheiros, presidente do Simepe.<\/p>\n<p style=\"text-align: justify;\">O Simepe informou ainda que houve uma reuni\u00e3o com a Prefeitura do Recife em janeiro deste ano para a discuss\u00e3o das melhorias nos recursos para o exerc\u00edcio da profiss\u00e3o. Por\u00e9m, segundo os m\u00e9dicos, pouca coisa mudou. \u201cA Prefeitura do Recife vive dizendo que o di\u00e1logo est\u00e1 aberto, mas n\u00e3o tem a\u00e7\u00e3o. Assumiram um compromisso em janeiro, mas n\u00e3o cumpriram 75% do que foi acordado. Precisamos mais do que di\u00e1logo, precisamos de a\u00e7\u00e3o. Eles precisam garantir que v\u00e3o fazer a\u00e7\u00f5es, que v\u00e3o modificar a rede\u201d, disse Tadeu Calheiros, presidente do sindicato.<\/p>\n<p style=\"text-align: justify;\"><a href=\"https:\/\/www.op9.com.br\/pe\/noticias\/medicos-decidem-manter-greve-nas-unidades-de-saude-do-recife\/\">Assista aqui.<\/a><\/p>\n<p style=\"text-align: justify;\">\n<p style=\"text-align: justify;\">Fonte: OP9 &#8211; Sistema Opini\u00e3o de Comunica\u00e7\u00e3o<\/p>\n","protected":false},"excerpt":{"rendered":"<p>De acordo com a categoria, a Prefeitura do Recife n\u00e3o cumpriu o que foi acordado em negocia\u00e7\u00e3o janeiro deste ano No sexto dia de paralisa\u00e7\u00e3o, os m\u00e9dicos do Recife anunciaram que v\u00e3o manter a greve por tempo indeterminado. A decis\u00e3o foi tomada nesta quarta-feira (26) em Assembleia Geral Extraordin\u00e1ria, no audit\u00f3rio da Associa\u00e7\u00e3o M\u00e9dica de [&hellip;]<\/p>\n","protected":false},"author":1,"featured_media":0,"comment_status":"open","ping_status":"open","sticky":false,"template":"","format":"standard","meta":{"ocean_post_layout":"","ocean_both_sidebars_style":"","ocean_both_sidebars_content_width":0,"ocean_both_sidebars_sidebars_width":0,"ocean_sidebar":"","ocean_second_sidebar":"","ocean_disable_margins":"enable","ocean_add_body_class":"","ocean_shortcode_before_top_bar":"","ocean_shortcode_after_top_bar":"","ocean_shortcode_before_header":"","ocean_shortcode_after_header":"","ocean_has_shortcode":"","ocean_shortcode_after_title":"","ocean_shortcode_before_footer_widgets":"","ocean_shortcode_after_footer_widgets":"","ocean_shortcode_before_footer_bottom":"","ocean_shortcode_after_footer_bottom":"","ocean_display_top_bar":"default","ocean_display_header":"default","ocean_header_style":"","ocean_center_header_left_menu":"","ocean_custom_header_template":"","ocean_custom_logo":0,"ocean_custom_retina_logo":0,"ocean_custom_logo_max_width":0,"ocean_custom_logo_tablet_max_width":0,"ocean_custom_logo_mobile_max_width":0,"ocean_custom_logo_max_height":0,"ocean_custom_logo_tablet_max_height":0,"ocean_custom_logo_mobile_max_height":0,"ocean_header_custom_menu":"","ocean_menu_typo_font_family":"","ocean_menu_typo_font_subset":"","ocean_menu_typo_font_size":0,"ocean_menu_typo_font_size_tablet":0,"ocean_menu_typo_font_size_mobile":0,"ocean_menu_typo_font_size_unit":"px","ocean_menu_typo_font_weight":"","ocean_menu_typo_font_weight_tablet":"","ocean_menu_typo_font_weight_mobile":"","ocean_menu_typo_transform":"","ocean_menu_typo_transform_tablet":"","ocean_menu_typo_transform_mobile":"","ocean_menu_typo_line_height":0,"ocean_menu_typo_line_height_tablet":0,"ocean_menu_typo_line_height_mobile":0,"ocean_menu_typo_line_height_unit":"","ocean_menu_typo_spacing":0,"ocean_menu_typo_spacing_tablet":0,"ocean_menu_typo_spacing_mobile":0,"ocean_menu_typo_spacing_unit":"","ocean_menu_link_color":"","ocean_menu_link_color_hover":"","ocean_menu_link_color_active":"","ocean_menu_link_background":"","ocean_menu_link_hover_background":"","ocean_menu_link_active_background":"","ocean_menu_social_links_bg":"","ocean_menu_social_hover_links_bg":"","ocean_menu_social_links_color":"","ocean_menu_social_hover_links_color":"","ocean_disable_title":"default","ocean_disable_heading":"default","ocean_post_title":"","ocean_post_subheading":"","ocean_post_title_style":"","ocean_post_title_background_color":"","ocean_post_title_background":0,"ocean_post_title_bg_image_position":"","ocean_post_title_bg_image_attachment":"","ocean_post_title_bg_image_repeat":"","ocean_post_title_bg_image_size":"","ocean_post_title_height":0,"ocean_post_title_bg_overlay":0.5,"ocean_post_title_bg_overlay_color":"","ocean_disable_breadcrumbs":"default","ocean_breadcrumbs_color":"","ocean_breadcrumbs_separator_color":"","ocean_breadcrumbs_links_color":"","ocean_breadcrumbs_links_hover_color":"","ocean_display_footer_widgets":"default","ocean_display_footer_bottom":"default","ocean_custom_footer_template":"","ocean_post_oembed":"","ocean_post_self_hosted_media":"","ocean_post_video_embed":"","ocean_link_format":"","ocean_link_format_target":"self","ocean_quote_format":"","ocean_quote_format_link":"post","ocean_gallery_link_images":"on","ocean_gallery_id":[]},"categories":[9],"tags":[580,75,62,3204,181],"acf":[],"_links":{"self":[{"href":"https:\/\/www.simepe.com.br\/novo\/wp-json\/wp\/v2\/posts\/48805"}],"collection":[{"href":"https:\/\/www.simepe.com.br\/novo\/wp-json\/wp\/v2\/posts"}],"about":[{"href":"https:\/\/www.simepe.com.br\/novo\/wp-json\/wp\/v2\/types\/post"}],"author":[{"embeddable":true,"href":"https:\/\/www.simepe.com.br\/novo\/wp-json\/wp\/v2\/users\/1"}],"replies":[{"embeddable":true,"href":"https:\/\/www.simepe.com.br\/novo\/wp-json\/wp\/v2\/comments?post=48805"}],"version-history":[{"count":1,"href":"https:\/\/www.simepe.com.br\/novo\/wp-json\/wp\/v2\/posts\/48805\/revisions"}],"predecessor-version":[{"id":48806,"href":"https:\/\/www.simepe.com.br\/novo\/wp-json\/wp\/v2\/posts\/48805\/revisions\/48806"}],"wp:attachment":[{"href":"https:\/\/www.simepe.com.br\/novo\/wp-json\/wp\/v2\/media?parent=48805"}],"wp:term":[{"taxonomy":"category","embeddable":true,"href":"https:\/\/www.simepe.com.br\/novo\/wp-json\/wp\/v2\/categories?post=48805"},{"taxonomy":"post_tag","embeddable":true,"href":"https:\/\/www.simepe.com.br\/novo\/wp-json\/wp\/v2\/tags?post=48805"}],"curies":[{"name":"wp","href":"https:\/\/api.w.org\/{rel}","templated":true}]}}