{"id":48813,"date":"2018-09-28T09:33:36","date_gmt":"2018-09-28T12:33:36","guid":{"rendered":"http:\/\/www.simepe.com.br\/novo\/?p=48813"},"modified":"2018-09-28T09:33:36","modified_gmt":"2018-09-28T12:33:36","slug":"maternidade-tem-dois-setores-interditados-por-falta-de-enfermeiros-no-grande-recife","status":"publish","type":"post","link":"https:\/\/www.simepe.com.br\/novo\/maternidade-tem-dois-setores-interditados-por-falta-de-enfermeiros-no-grande-recife\/","title":{"rendered":"Maternidade tem dois setores interditados por falta de enfermeiros no Grande Recife"},"content":{"rendered":"<p style=\"text-align: justify;\">Segundo Conselho Regional de Enfermagem, Hospital e Maternidade de Abreu e Lima n\u00e3o conta com profissionais de supervis\u00e3o, \u00e0 noite, em duas alas.<\/p>\n<p style=\"text-align: justify;\">Dois setores do Hospital e Maternidade de Abreu e Lima, no Grande Recife, foram interditados eticamente pelo Conselho Regional de Enfermagem de Pernambuco (Coren-PE), por falta de enfermeiros. Al\u00e9m disso, a entidade aponta problemas estruturais na unidade.<\/p>\n<p style=\"text-align: justify;\">De acordo com a entidade, \u00e0 noite, nas alas de Alojamento Conjunto e da Central de Material e Esteriliza\u00e7\u00e3o (CME), os t\u00e9cnicos e auxiliares de enfermagem trabalhavam sem a supervis\u00e3o de enfermeiros com forma\u00e7\u00e3o superior, o que fere a legisla\u00e7\u00e3o federal que regulamenta a profiss\u00e3o.<\/p>\n<p style=\"text-align: justify;\">A interdi\u00e7\u00e3o est\u00e1 em vigor desde as 16h da quarta-feira. Segundo o procurador do Coren-PE, Bruno Becker, nas fiscaliza\u00e7\u00f5es foram detectados tamb\u00e9m problemas como aparelhos de ar-condicionado quebrados, falta de ilumina\u00e7\u00e3o nos corredores, pisos irregulares e danos nos revestimentos das paredes.<\/p>\n<p style=\"text-align: justify;\">&#8220;Essas irregularidades ocorrem desde 2010. Com a interdi\u00e7\u00e3o, esses dois setores ficam sem funcionar, exceto em casos de urg\u00eancia e com rela\u00e7\u00e3o aos pacientes j\u00e1 internados no local. A medida vai vigorar at\u00e9 que o problema das escalas seja resolvido. A institui\u00e7\u00e3o precisa enviar a documenta\u00e7\u00e3o&#8221;, disse Bruno.<\/p>\n<p style=\"text-align: justify;\">De acordo com a secret\u00e1ria de Sa\u00fade do munic\u00edpio, S\u00f4nia de Arruda, a situa\u00e7\u00e3o de efetivo deve ser resolvida at\u00e9 o s\u00e1bado (29).<\/p>\n<p style=\"text-align: justify;\">&#8220;J\u00e1 temos 30 enfermeiros trabalhando no local e eles pediram a contrata\u00e7\u00e3o de outros 17. Se eu tenho 20 leitos, por que preciso de mais essa quantidade de enfermeiros? Vou ao Coren-PE levando uma justificativa, porque n\u00e3o temos condi\u00e7\u00f5es de contratar, nem recursos para isso, por causa da Lei de Responsabilidade Fiscal. A maternidade funciona&#8221;, disse.<\/p>\n<p style=\"text-align: justify;\">Sobre os problemas estruturais, S\u00f4nia afirmou que a gest\u00e3o est\u00e1 adotando medidas para resolver as quest\u00f5es. &#8220;O pr\u00e9dio \u00e9 antigo e alguns setores estavam, de fato, insalubres, mas j\u00e1 estamos com obras na pediatria e a empresa que conserta os ar-condicionados vai resolver o problema at\u00e9 a sexta-feira&#8221;, complementou.<\/p>\n<p style=\"text-align: justify;\"><strong>Falta de m\u00e9dicos<\/strong><\/p>\n<p style=\"text-align: justify;\">Em 2016, a mesma institui\u00e7\u00e3o de sa\u00fade, que atende a cinco munic\u00edpios, deixou de realizar partos por falta de m\u00e9dicos. Na \u00e9poca, a TV Globo foi ao local e atestou que n\u00e3o havia obstetra, neonatologista, neurologista nem anestesista.<\/p>\n<p style=\"text-align: justify;\">\n<p style=\"text-align: justify;\">Fonte: G1<\/p>\n","protected":false},"excerpt":{"rendered":"<p>Segundo Conselho Regional de Enfermagem, Hospital e Maternidade de Abreu e Lima n\u00e3o conta com profissionais de supervis\u00e3o, \u00e0 noite, em duas alas. Dois setores do Hospital e Maternidade de Abreu e Lima, no Grande Recife, foram interditados eticamente pelo Conselho Regional de Enfermagem de Pernambuco (Coren-PE), por falta de enfermeiros. Al\u00e9m disso, a entidade [&hellip;]<\/p>\n","protected":false},"author":1,"featured_media":0,"comment_status":"open","ping_status":"open","sticky":false,"template":"","format":"standard","meta":{"ocean_post_layout":"","ocean_both_sidebars_style":"","ocean_both_sidebars_content_width":0,"ocean_both_sidebars_sidebars_width":0,"ocean_sidebar":"","ocean_second_sidebar":"","ocean_disable_margins":"enable","ocean_add_body_class":"","ocean_shortcode_before_top_bar":"","ocean_shortcode_after_top_bar":"","ocean_shortcode_before_header":"","ocean_shortcode_after_header":"","ocean_has_shortcode":"","ocean_shortcode_after_title":"","ocean_shortcode_before_footer_widgets":"","ocean_shortcode_after_footer_widgets":"","ocean_shortcode_before_footer_bottom":"","ocean_shortcode_after_footer_bottom":"","ocean_display_top_bar":"default","ocean_display_header":"default","ocean_header_style":"","ocean_center_header_left_menu":"","ocean_custom_header_template":"","ocean_custom_logo":0,"ocean_custom_retina_logo":0,"ocean_custom_logo_max_width":0,"ocean_custom_logo_tablet_max_width":0,"ocean_custom_logo_mobile_max_width":0,"ocean_custom_logo_max_height":0,"ocean_custom_logo_tablet_max_height":0,"ocean_custom_logo_mobile_max_height":0,"ocean_header_custom_menu":"","ocean_menu_typo_font_family":"","ocean_menu_typo_font_subset":"","ocean_menu_typo_font_size":0,"ocean_menu_typo_font_size_tablet":0,"ocean_menu_typo_font_size_mobile":0,"ocean_menu_typo_font_size_unit":"px","ocean_menu_typo_font_weight":"","ocean_menu_typo_font_weight_tablet":"","ocean_menu_typo_font_weight_mobile":"","ocean_menu_typo_transform":"","ocean_menu_typo_transform_tablet":"","ocean_menu_typo_transform_mobile":"","ocean_menu_typo_line_height":0,"ocean_menu_typo_line_height_tablet":0,"ocean_menu_typo_line_height_mobile":0,"ocean_menu_typo_line_height_unit":"","ocean_menu_typo_spacing":0,"ocean_menu_typo_spacing_tablet":0,"ocean_menu_typo_spacing_mobile":0,"ocean_menu_typo_spacing_unit":"","ocean_menu_link_color":"","ocean_menu_link_color_hover":"","ocean_menu_link_color_active":"","ocean_menu_link_background":"","ocean_menu_link_hover_background":"","ocean_menu_link_active_background":"","ocean_menu_social_links_bg":"","ocean_menu_social_hover_links_bg":"","ocean_menu_social_links_color":"","ocean_menu_social_hover_links_color":"","ocean_disable_title":"default","ocean_disable_heading":"default","ocean_post_title":"","ocean_post_subheading":"","ocean_post_title_style":"","ocean_post_title_background_color":"","ocean_post_title_background":0,"ocean_post_title_bg_image_position":"","ocean_post_title_bg_image_attachment":"","ocean_post_title_bg_image_repeat":"","ocean_post_title_bg_image_size":"","ocean_post_title_height":0,"ocean_post_title_bg_overlay":0.5,"ocean_post_title_bg_overlay_color":"","ocean_disable_breadcrumbs":"default","ocean_breadcrumbs_color":"","ocean_breadcrumbs_separator_color":"","ocean_breadcrumbs_links_color":"","ocean_breadcrumbs_links_hover_color":"","ocean_display_footer_widgets":"default","ocean_display_footer_bottom":"default","ocean_custom_footer_template":"","ocean_post_oembed":"","ocean_post_self_hosted_media":"","ocean_post_video_embed":"","ocean_link_format":"","ocean_link_format_target":"self","ocean_quote_format":"","ocean_quote_format_link":"post","ocean_gallery_link_images":"on","ocean_gallery_id":[]},"categories":[9],"tags":[3205,3206,310,3021],"acf":[],"_links":{"self":[{"href":"https:\/\/www.simepe.com.br\/novo\/wp-json\/wp\/v2\/posts\/48813"}],"collection":[{"href":"https:\/\/www.simepe.com.br\/novo\/wp-json\/wp\/v2\/posts"}],"about":[{"href":"https:\/\/www.simepe.com.br\/novo\/wp-json\/wp\/v2\/types\/post"}],"author":[{"embeddable":true,"href":"https:\/\/www.simepe.com.br\/novo\/wp-json\/wp\/v2\/users\/1"}],"replies":[{"embeddable":true,"href":"https:\/\/www.simepe.com.br\/novo\/wp-json\/wp\/v2\/comments?post=48813"}],"version-history":[{"count":1,"href":"https:\/\/www.simepe.com.br\/novo\/wp-json\/wp\/v2\/posts\/48813\/revisions"}],"predecessor-version":[{"id":48814,"href":"https:\/\/www.simepe.com.br\/novo\/wp-json\/wp\/v2\/posts\/48813\/revisions\/48814"}],"wp:attachment":[{"href":"https:\/\/www.simepe.com.br\/novo\/wp-json\/wp\/v2\/media?parent=48813"}],"wp:term":[{"taxonomy":"category","embeddable":true,"href":"https:\/\/www.simepe.com.br\/novo\/wp-json\/wp\/v2\/categories?post=48813"},{"taxonomy":"post_tag","embeddable":true,"href":"https:\/\/www.simepe.com.br\/novo\/wp-json\/wp\/v2\/tags?post=48813"}],"curies":[{"name":"wp","href":"https:\/\/api.w.org\/{rel}","templated":true}]}}