{"id":48815,"date":"2018-09-28T09:36:31","date_gmt":"2018-09-28T12:36:31","guid":{"rendered":"http:\/\/www.simepe.com.br\/novo\/?p=48815"},"modified":"2018-09-28T09:36:32","modified_gmt":"2018-09-28T12:36:32","slug":"concurso-da-saude-inscricoes-seguem-ate-03-de-outubro","status":"publish","type":"post","link":"https:\/\/www.simepe.com.br\/novo\/concurso-da-saude-inscricoes-seguem-ate-03-de-outubro\/","title":{"rendered":"Concurso da Sa\u00fade: inscri\u00e7\u00f5es seguem at\u00e9 03 de outubro"},"content":{"rendered":"<p style=\"text-align: justify;\">At\u00e9 o momento, mais de 127 mil pessoas fizeram a inscri\u00e7\u00e3o, contudo, apenas 63 mil j\u00e1 tiveram o pagamento da taxa confirmado<\/p>\n<p style=\"text-align: justify;\">Foi prorrogado at\u00e9 as 14h do dia 3 de outubro o per\u00edodo de inscri\u00e7\u00e3o do concurso p\u00fablico de 1 mil vagas para a Secretaria Estadual de Sa\u00fade (SES). Para validar a participa\u00e7\u00e3o no certame, \u00e9 preciso se inscrever pelo www.institutoaocp.org.br. At\u00e9 o momento, mais de 127 mil pessoas fizeram a inscri\u00e7\u00e3o, contudo, apenas 63 mil j\u00e1 tiveram o pagamento da taxa confirmado. A taxa de inscri\u00e7\u00e3o \u00e9 de R$ 40 (n\u00edvel m\u00e9dio) ou R$ 60 (n\u00edvel superior).<\/p>\n<p style=\"text-align: justify;\">Das 1 mil vagas, 970 s\u00e3o para o grupo ocupacional sa\u00fade p\u00fablica, sendo 260 para o cargo de m\u00e9dico, 250 para analista em sa\u00fade (diversas profiss\u00f5es de n\u00edvel superior) e 460 assistente em sa\u00fade (diversas profiss\u00f5es de n\u00edvel m\u00e9dio). As outras 30 vagas s\u00e3o do grupo ocupacional de fiscaliza\u00e7\u00e3o sanit\u00e1ria da sa\u00fade, todas para fiscal de vigil\u00e2ncia sanit\u00e1ria. No edital, s\u00e3o especificados os requisitos para cada cargo\/especialidade, al\u00e9m das atribui\u00e7\u00f5es. Importante frisar que as vagas s\u00e3o para cargos e lota\u00e7\u00e3o em Ger\u00eancias Regionais de Sa\u00fade (Geres) que a Secretaria n\u00e3o possui mais banco do \u00faltimo concurso realizado em 2014, que ainda est\u00e1 vigente at\u00e9 dezembro de 2018. Os cargos beneficiados com o concurso p\u00fablico de 2014 que ainda possuem banco continuam v\u00e1lidos.<\/p>\n<p>\u201cDesde 2015, por determina\u00e7\u00e3o do governador Paulo C\u00e2mara, mais de 6,1 mil profissionais concursados foram convocados para refor\u00e7ar as escalas dos servi\u00e7os sob gest\u00e3o estadual. Isso comprova o compromisso deste Governo em qualificar a sa\u00fade ofertada a todos os pernambucanos, do Litoral ao Sert\u00e3o. Agora, damos mais um passo para convocar profissionais de cargos que a SES n\u00e3o possui mais banco, ratificando a import\u00e2ncia dessa m\u00e3o de obra concursada para o fortalecimento da Sa\u00fade P\u00fablica\u201d, afirma o secret\u00e1rio estadual de Sa\u00fade, Iran Costa.<\/p>\n<p>O concurso p\u00fablico ser\u00e1 dividido em duas etapas para os profissionais de n\u00edvel superior (m\u00e9dicos, analistas em sa\u00fade e fiscais de vigil\u00e2ncia sanit\u00e1ria), sendo uma prova objetiva e, para os aprovados nessa etapa, avalia\u00e7\u00e3o de t\u00edtulo. J\u00e1 para os assistentes em sa\u00fade (n\u00edvel m\u00e9dio), o certame ser\u00e1 em uma fase (prova objetiva). A prova objetiva ser\u00e1 realizada de acordo com conhecimentos da l\u00edngua portuguesa, conhecimentos gerais do Sistema \u00danico de Sa\u00fade (SUS) e conhecimentos espec\u00edficos relacionados diretamente \u00e0 natureza de cada cargo\/especialidade, como descrito no edital.<\/p>\n<p>A prova objetiva ser\u00e1 realizada em 21 de outubro, com divulga\u00e7\u00e3o do resultado final dessa etapa em 26.11. J\u00e1 a convoca\u00e7\u00e3o dos candidatos classificados para a avalia\u00e7\u00e3o de t\u00edtulos ser\u00e1 entre 26 e 30 de novembro. O resultado final do concurso, ap\u00f3s o per\u00edodo de recurso, ser\u00e1 em 15 de janeiro de 2019.<\/p>\n<p>O concurso, realizado pelo Instituto AOCP, ter\u00e1 validade de dois anos ap\u00f3s a homologa\u00e7\u00e3o, podendo ser prorrogado pelo mesmo per\u00edodo.<\/p>\n<p><strong>INSEN\u00c7\u00c3O<\/strong> \u2013 O candidato inscrito no Cadastro \u00danico para Programas Sociais do Governo Federal (Cad\u00danico) p\u00f4de solicitar a isen\u00e7\u00e3o da taxa de inscri\u00e7\u00e3o at\u00e9 o \u00faltimo dia 20.09. Nesta quinta-feira (27.09), foi divulgado o resultado da solicita\u00e7\u00e3o. Os recursos contra o indeferimento poder\u00e3o ser feitos at\u00e9 1\u00ba.10, com divulga\u00e7\u00e3o do resultado em 2.10.<\/p>\n<p><strong>\u00daLTIMOS CONCURSOS<\/strong> \u2013 O Governo de Pernambuco tem se empenhado para refor\u00e7ar as escalas das unidades da rede. De 2015 at\u00e9 o momento, j\u00e1 houve a convoca\u00e7\u00e3o de 6.176 mil profissionais concursados, sendo 843 m\u00e9dicos e 5.062 n\u00e3o m\u00e9dicos. Desta forma, o governador Paulo C\u00e2mara j\u00e1 entrou para a hist\u00f3ria da Sa\u00fade em Pernambuco com a maior contrata\u00e7\u00e3o de profissionais concursados para a \u00e1rea.<\/p>\n<p>Al\u00e9m disso, tamb\u00e9m houve a contrata\u00e7\u00e3o de profissionais por meio de sele\u00e7\u00f5es p\u00fablicas simplificadas. Somando os profissionais concursados e os contratados por meio de sele\u00e7\u00e3o p\u00fablica, o governo contratou, desde 2015, um total de 6,9 mil profissionais para a sa\u00fade, sendo 1.071 m\u00e9dicos e 5.880 n\u00e3o m\u00e9dicos.<\/p>\n<p><strong>CARGOS DO CONCURSO<\/strong><\/p>\n<p>Assistente em sa\u00fade (n\u00edvel m\u00e9dio): assistente t\u00e9cnico de administra\u00e7\u00e3o, t\u00e9cnico de enfermagem, t\u00e9cnico de imobiliza\u00e7\u00e3o ortop\u00e9dica, t\u00e9cnico de laborat\u00f3rio, t\u00e9cnico de necr\u00f3psia, t\u00e9cnico de radiologia, t\u00e9cnico em sa\u00fade bucal, t\u00e9cnico em farm\u00e1cia.<\/p>\n<p>Analista em sa\u00fade (n\u00edvel superior): assistente social, biom\u00e9dico, enfermeiro, enfermeiro cardiologista, enfermeiro obstetra, enfermeiro oncologista, enfermeiro uteista, farmac\u00eautico, fisioterapeuta, fisioterapeuta em terapia intensiva, fisioterapeuta respirat\u00f3rio, nutricionista, psic\u00f3logo, sanitarista, m\u00e9dico veterin\u00e1rio, administrador, contador e analista em educa\u00e7\u00e3o na sa\u00fade.<\/p>\n<p>Fiscal de vigil\u00e2ncia sanit\u00e1ria (n\u00edvel superior): enfermeiro, farmac\u00eautico e nutricionista.<\/p>\n<p>M\u00e9dico (n\u00edvel superior): anatomopatologista, anestesiologista, cardiologista, cirurgi\u00e3o de cabe\u00e7a e pesco\u00e7o, cirurgi\u00e3o geral, cirurgi\u00e3o oncol\u00f3gico, cirurgi\u00e3o pedi\u00e1trico, cirurgi\u00e3o tor\u00e1xico, cirurgi\u00e3o vascular, cirurgi\u00e3o geral, coloproctologista, endoscopista, infectologista, intensivista adultio, intensivista pedi\u00e1trico, neonatologista, neurocirurgi\u00e3o, neuropediatra, oncologista, otorrinolaringologista, pediatra, pneumologista, psiquiatra, tocoginecologista, traumato-ortopedista, urologista e m\u00e9dico em radiologia e diagn\u00f3stico por imagem.<\/p>\n<p style=\"text-align: justify;\">\n<p style=\"text-align: justify;\">Fonte: Diario de Pernambuco<\/p>\n","protected":false},"excerpt":{"rendered":"<p>At\u00e9 o momento, mais de 127 mil pessoas fizeram a inscri\u00e7\u00e3o, contudo, apenas 63 mil j\u00e1 tiveram o pagamento da taxa confirmado Foi prorrogado at\u00e9 as 14h do dia 3 de outubro o per\u00edodo de inscri\u00e7\u00e3o do concurso p\u00fablico de 1 mil vagas para a Secretaria Estadual de Sa\u00fade (SES). Para validar a participa\u00e7\u00e3o no [&hellip;]<\/p>\n","protected":false},"author":1,"featured_media":0,"comment_status":"open","ping_status":"open","sticky":false,"template":"","format":"standard","meta":{"ocean_post_layout":"","ocean_both_sidebars_style":"","ocean_both_sidebars_content_width":0,"ocean_both_sidebars_sidebars_width":0,"ocean_sidebar":"","ocean_second_sidebar":"","ocean_disable_margins":"enable","ocean_add_body_class":"","ocean_shortcode_before_top_bar":"","ocean_shortcode_after_top_bar":"","ocean_shortcode_before_header":"","ocean_shortcode_after_header":"","ocean_has_shortcode":"","ocean_shortcode_after_title":"","ocean_shortcode_before_footer_widgets":"","ocean_shortcode_after_footer_widgets":"","ocean_shortcode_before_footer_bottom":"","ocean_shortcode_after_footer_bottom":"","ocean_display_top_bar":"default","ocean_display_header":"default","ocean_header_style":"","ocean_center_header_left_menu":"","ocean_custom_header_template":"","ocean_custom_logo":0,"ocean_custom_retina_logo":0,"ocean_custom_logo_max_width":0,"ocean_custom_logo_tablet_max_width":0,"ocean_custom_logo_mobile_max_width":0,"ocean_custom_logo_max_height":0,"ocean_custom_logo_tablet_max_height":0,"ocean_custom_logo_mobile_max_height":0,"ocean_header_custom_menu":"","ocean_menu_typo_font_family":"","ocean_menu_typo_font_subset":"","ocean_menu_typo_font_size":0,"ocean_menu_typo_font_size_tablet":0,"ocean_menu_typo_font_size_mobile":0,"ocean_menu_typo_font_size_unit":"px","ocean_menu_typo_font_weight":"","ocean_menu_typo_font_weight_tablet":"","ocean_menu_typo_font_weight_mobile":"","ocean_menu_typo_transform":"","ocean_menu_typo_transform_tablet":"","ocean_menu_typo_transform_mobile":"","ocean_menu_typo_line_height":0,"ocean_menu_typo_line_height_tablet":0,"ocean_menu_typo_line_height_mobile":0,"ocean_menu_typo_line_height_unit":"","ocean_menu_typo_spacing":0,"ocean_menu_typo_spacing_tablet":0,"ocean_menu_typo_spacing_mobile":0,"ocean_menu_typo_spacing_unit":"","ocean_menu_link_color":"","ocean_menu_link_color_hover":"","ocean_menu_link_color_active":"","ocean_menu_link_background":"","ocean_menu_link_hover_background":"","ocean_menu_link_active_background":"","ocean_menu_social_links_bg":"","ocean_menu_social_hover_links_bg":"","ocean_menu_social_links_color":"","ocean_menu_social_hover_links_color":"","ocean_disable_title":"default","ocean_disable_heading":"default","ocean_post_title":"","ocean_post_subheading":"","ocean_post_title_style":"","ocean_post_title_background_color":"","ocean_post_title_background":0,"ocean_post_title_bg_image_position":"","ocean_post_title_bg_image_attachment":"","ocean_post_title_bg_image_repeat":"","ocean_post_title_bg_image_size":"","ocean_post_title_height":0,"ocean_post_title_bg_overlay":0.5,"ocean_post_title_bg_overlay_color":"","ocean_disable_breadcrumbs":"default","ocean_breadcrumbs_color":"","ocean_breadcrumbs_separator_color":"","ocean_breadcrumbs_links_color":"","ocean_breadcrumbs_links_hover_color":"","ocean_display_footer_widgets":"default","ocean_display_footer_bottom":"default","ocean_custom_footer_template":"","ocean_post_oembed":"","ocean_post_self_hosted_media":"","ocean_post_video_embed":"","ocean_link_format":"","ocean_link_format_target":"self","ocean_quote_format":"","ocean_quote_format_link":"post","ocean_gallery_link_images":"on","ocean_gallery_id":[]},"categories":[9],"tags":[94,82,24],"acf":[],"_links":{"self":[{"href":"https:\/\/www.simepe.com.br\/novo\/wp-json\/wp\/v2\/posts\/48815"}],"collection":[{"href":"https:\/\/www.simepe.com.br\/novo\/wp-json\/wp\/v2\/posts"}],"about":[{"href":"https:\/\/www.simepe.com.br\/novo\/wp-json\/wp\/v2\/types\/post"}],"author":[{"embeddable":true,"href":"https:\/\/www.simepe.com.br\/novo\/wp-json\/wp\/v2\/users\/1"}],"replies":[{"embeddable":true,"href":"https:\/\/www.simepe.com.br\/novo\/wp-json\/wp\/v2\/comments?post=48815"}],"version-history":[{"count":1,"href":"https:\/\/www.simepe.com.br\/novo\/wp-json\/wp\/v2\/posts\/48815\/revisions"}],"predecessor-version":[{"id":48816,"href":"https:\/\/www.simepe.com.br\/novo\/wp-json\/wp\/v2\/posts\/48815\/revisions\/48816"}],"wp:attachment":[{"href":"https:\/\/www.simepe.com.br\/novo\/wp-json\/wp\/v2\/media?parent=48815"}],"wp:term":[{"taxonomy":"category","embeddable":true,"href":"https:\/\/www.simepe.com.br\/novo\/wp-json\/wp\/v2\/categories?post=48815"},{"taxonomy":"post_tag","embeddable":true,"href":"https:\/\/www.simepe.com.br\/novo\/wp-json\/wp\/v2\/tags?post=48815"}],"curies":[{"name":"wp","href":"https:\/\/api.w.org\/{rel}","templated":true}]}}