{"id":49078,"date":"2018-10-11T11:19:35","date_gmt":"2018-10-11T14:19:35","guid":{"rendered":"http:\/\/www.simepe.com.br\/novo\/?p=49078"},"modified":"2018-10-11T11:19:35","modified_gmt":"2018-10-11T14:19:35","slug":"depressao-sera-a-doenca-mental-mais-incapacitante-do-mundo","status":"publish","type":"post","link":"https:\/\/www.simepe.com.br\/novo\/depressao-sera-a-doenca-mental-mais-incapacitante-do-mundo\/","title":{"rendered":"Depress\u00e3o ser\u00e1 a doen\u00e7a mental mais incapacitante do mundo"},"content":{"rendered":"<p style=\"text-align: justify;\">Brasil \u00e9 campe\u00e3o de casos de depress\u00e3o na Am\u00e9rica Latina<\/p>\n<p style=\"text-align: justify;\">Nesta quarta-feira, 10 de outubro, \u00e9 celebrado o Dia Internacional da Sa\u00fade Mental e o alto n\u00famero de relatos envolvendo transtornos preocupa. De acordo com dados da Organiza\u00e7\u00e3o Mundial da Sa\u00fade (OMS), a quantidade de casos de depress\u00e3o cresceu 18% em dez anos. At\u00e9 2020, esta ser\u00e1 a doen\u00e7a mais incapacitante do planeta, na previs\u00e3o da Organiza\u00e7\u00e3o Mundial da Sa\u00fade.<\/p>\n<p style=\"text-align: justify;\">&#8220;Globalmente, apenas metade daqueles que precisam de tratamento psiqui\u00e1trico recebem ajuda&#8221;, afirma Nad\u00e8ge Herdy, psiquiatra da Rede de Hospitais S\u00e3o Camilo, de S\u00e3o Paulo. Quadros depressivos s\u00e3o as principais causas de suic\u00eddio no mundo.<\/p>\n<p style=\"text-align: justify;\">O Brasil \u00e9 campe\u00e3o de casos de depress\u00e3o na Am\u00e9rica Latina. Quase 6% da popula\u00e7\u00e3o, um total de 11,5 milh\u00f5es de pessoas, sofrem com a doen\u00e7a, segundo dados da OMS. Mas Nad\u00e8ge Herdy alerta para o aumento do n\u00famero de registros de Transtornos de Ansiedade. &#8220;Os mais comuns s\u00e3o os transtornos de ansiedade generalizada e s\u00edndrome do p\u00e2nico. Em 2015, 18,6 milh\u00f5es de pessoas sofriam com transtorno de ansiedade no Brasil&#8221;.<\/p>\n<p style=\"text-align: justify;\">Se perguntarmos por a\u00ed se as pessoas s\u00e3o ansiosas, a maioria dir\u00e1 que sim. Por\u00e9m, para ter o diagn\u00f3stico de alguns transtornos de ansiedade n\u00e3o \u00e9 t\u00e3o simples. O DSM-V &#8211; Manual Diagn\u00f3stico e Estat\u00edstico de Transtornos Mentais &#8211; aponta 12 tipos de patologias relacionadas \u00e0 ansiedade.<\/p>\n<p style=\"text-align: justify;\">No geral, alguns sintomas merecem aten\u00e7\u00e3o: sentir medo ou receio, em excesso, de situa\u00e7\u00f5es que ainda n\u00e3o aconteceram, altera\u00e7\u00f5es do sono, tens\u00e3o muscular, medo de falar em p\u00fablico, medo de lugares fechados ou com grandes aglomera\u00e7\u00f5es, inquieta\u00e7\u00f5es constantes, pensamentos obsessivos e comportamentos compulsivos.<\/p>\n<p style=\"text-align: justify;\">O ideal, em casos assim, \u00e9 buscar ajuda de um psicoterapeuta. O psic\u00f3logo ir\u00e1 fazer uma s\u00e9rie de perguntas sobre seu estado f\u00edsico e emocional. Na terapia, voc\u00ea ter\u00e1 a oportunidade de falar mais sobre as situa\u00e7\u00f5es que lhe causam ansiedade, sem julgamentos. Em alguns casos, o psic\u00f3logo pode recomendar que voc\u00ea procure um psiquiatra, que ir\u00e1 receitar uma medica\u00e7\u00e3o espec\u00edfica para baixar a ansiedade.<\/p>\n<p style=\"text-align: justify;\">Nad\u00e8ge Herdy relata que h\u00e1 um aumento na procura por profissionais de sa\u00fade mental, mas o preconceito ainda \u00e9 evidente. &#8220;O estigma social ainda \u00e9 um dos mais importantes e dif\u00edceis obst\u00e1culos para recupera\u00e7\u00e3o e reabilita\u00e7\u00e3o das pessoas que sofrem de doen\u00e7a mental. Esses indiv\u00edduos, al\u00e9m de precisar lutar contra seus sintomas que muitas vezes interferem na autonomia, independ\u00eancia, qualidade de vida, precisam lutar contra o estigma&#8221;, avalia.<\/p>\n<p style=\"text-align: justify;\">A resist\u00eancia em procurar ajuda em sa\u00fade mental pode ser explicada, em parte, pelo preconceito contra as pessoas que t\u00eam transtornos. A psicofobia carrega uma heran\u00e7a de s\u00e9culos de discrimina\u00e7\u00e3o contra os doentes mentais ao longo da hist\u00f3ria. Acreditava-se que eles eram &#8220;bruxos&#8221; ou &#8220;possu\u00eddos por dem\u00f4nios&#8221;.<\/p>\n<p style=\"text-align: justify;\">Atualmente, Psicologia e Psiquiatria trabalham juntas para desmistificar todas essas quest\u00f5es. &#8220;O preconceito, que gera estigma, pode ser combatido com conhecimento. Melhorar o conhecimento gera desmistifica\u00e7\u00e3o de falsas cren\u00e7as e estere\u00f3tipos, fornecendo dados reais acerca da doen\u00e7a e de quem sofre dela. Afinal, as doen\u00e7as mentais s\u00e3o trat\u00e1veis e muitos pacientes se recuperam&#8221;, finaliza Nad\u00e8ge Herdy.<\/p>\n<p style=\"text-align: justify;\">\n<p style=\"text-align: justify;\">Fonte: Leia J\u00e1<\/p>\n","protected":false},"excerpt":{"rendered":"<p>Brasil \u00e9 campe\u00e3o de casos de depress\u00e3o na Am\u00e9rica Latina Nesta quarta-feira, 10 de outubro, \u00e9 celebrado o Dia Internacional da Sa\u00fade Mental e o alto n\u00famero de relatos envolvendo transtornos preocupa. De acordo com dados da Organiza\u00e7\u00e3o Mundial da Sa\u00fade (OMS), a quantidade de casos de depress\u00e3o cresceu 18% em dez anos. At\u00e9 2020, [&hellip;]<\/p>\n","protected":false},"author":1,"featured_media":49079,"comment_status":"open","ping_status":"open","sticky":false,"template":"","format":"standard","meta":{"ocean_post_layout":"","ocean_both_sidebars_style":"","ocean_both_sidebars_content_width":0,"ocean_both_sidebars_sidebars_width":0,"ocean_sidebar":"","ocean_second_sidebar":"","ocean_disable_margins":"enable","ocean_add_body_class":"","ocean_shortcode_before_top_bar":"","ocean_shortcode_after_top_bar":"","ocean_shortcode_before_header":"","ocean_shortcode_after_header":"","ocean_has_shortcode":"","ocean_shortcode_after_title":"","ocean_shortcode_before_footer_widgets":"","ocean_shortcode_after_footer_widgets":"","ocean_shortcode_before_footer_bottom":"","ocean_shortcode_after_footer_bottom":"","ocean_display_top_bar":"default","ocean_display_header":"default","ocean_header_style":"","ocean_center_header_left_menu":"","ocean_custom_header_template":"","ocean_custom_logo":0,"ocean_custom_retina_logo":0,"ocean_custom_logo_max_width":0,"ocean_custom_logo_tablet_max_width":0,"ocean_custom_logo_mobile_max_width":0,"ocean_custom_logo_max_height":0,"ocean_custom_logo_tablet_max_height":0,"ocean_custom_logo_mobile_max_height":0,"ocean_header_custom_menu":"","ocean_menu_typo_font_family":"","ocean_menu_typo_font_subset":"","ocean_menu_typo_font_size":0,"ocean_menu_typo_font_size_tablet":0,"ocean_menu_typo_font_size_mobile":0,"ocean_menu_typo_font_size_unit":"px","ocean_menu_typo_font_weight":"","ocean_menu_typo_font_weight_tablet":"","ocean_menu_typo_font_weight_mobile":"","ocean_menu_typo_transform":"","ocean_menu_typo_transform_tablet":"","ocean_menu_typo_transform_mobile":"","ocean_menu_typo_line_height":0,"ocean_menu_typo_line_height_tablet":0,"ocean_menu_typo_line_height_mobile":0,"ocean_menu_typo_line_height_unit":"","ocean_menu_typo_spacing":0,"ocean_menu_typo_spacing_tablet":0,"ocean_menu_typo_spacing_mobile":0,"ocean_menu_typo_spacing_unit":"","ocean_menu_link_color":"","ocean_menu_link_color_hover":"","ocean_menu_link_color_active":"","ocean_menu_link_background":"","ocean_menu_link_hover_background":"","ocean_menu_link_active_background":"","ocean_menu_social_links_bg":"","ocean_menu_social_hover_links_bg":"","ocean_menu_social_links_color":"","ocean_menu_social_hover_links_color":"","ocean_disable_title":"default","ocean_disable_heading":"default","ocean_post_title":"","ocean_post_subheading":"","ocean_post_title_style":"","ocean_post_title_background_color":"","ocean_post_title_background":0,"ocean_post_title_bg_image_position":"","ocean_post_title_bg_image_attachment":"","ocean_post_title_bg_image_repeat":"","ocean_post_title_bg_image_size":"","ocean_post_title_height":0,"ocean_post_title_bg_overlay":0.5,"ocean_post_title_bg_overlay_color":"","ocean_disable_breadcrumbs":"default","ocean_breadcrumbs_color":"","ocean_breadcrumbs_separator_color":"","ocean_breadcrumbs_links_color":"","ocean_breadcrumbs_links_hover_color":"","ocean_display_footer_widgets":"default","ocean_display_footer_bottom":"default","ocean_custom_footer_template":"","ocean_post_oembed":"","ocean_post_self_hosted_media":"","ocean_post_video_embed":"","ocean_link_format":"","ocean_link_format_target":"self","ocean_quote_format":"","ocean_quote_format_link":"post","ocean_gallery_link_images":"on","ocean_gallery_id":[]},"categories":[1],"tags":[658,448,82],"acf":[],"_links":{"self":[{"href":"https:\/\/www.simepe.com.br\/novo\/wp-json\/wp\/v2\/posts\/49078"}],"collection":[{"href":"https:\/\/www.simepe.com.br\/novo\/wp-json\/wp\/v2\/posts"}],"about":[{"href":"https:\/\/www.simepe.com.br\/novo\/wp-json\/wp\/v2\/types\/post"}],"author":[{"embeddable":true,"href":"https:\/\/www.simepe.com.br\/novo\/wp-json\/wp\/v2\/users\/1"}],"replies":[{"embeddable":true,"href":"https:\/\/www.simepe.com.br\/novo\/wp-json\/wp\/v2\/comments?post=49078"}],"version-history":[{"count":1,"href":"https:\/\/www.simepe.com.br\/novo\/wp-json\/wp\/v2\/posts\/49078\/revisions"}],"predecessor-version":[{"id":49080,"href":"https:\/\/www.simepe.com.br\/novo\/wp-json\/wp\/v2\/posts\/49078\/revisions\/49080"}],"wp:featuredmedia":[{"embeddable":true,"href":"https:\/\/www.simepe.com.br\/novo\/wp-json\/wp\/v2\/media\/49079"}],"wp:attachment":[{"href":"https:\/\/www.simepe.com.br\/novo\/wp-json\/wp\/v2\/media?parent=49078"}],"wp:term":[{"taxonomy":"category","embeddable":true,"href":"https:\/\/www.simepe.com.br\/novo\/wp-json\/wp\/v2\/categories?post=49078"},{"taxonomy":"post_tag","embeddable":true,"href":"https:\/\/www.simepe.com.br\/novo\/wp-json\/wp\/v2\/tags?post=49078"}],"curies":[{"name":"wp","href":"https:\/\/api.w.org\/{rel}","templated":true}]}}