{"id":49084,"date":"2018-10-11T11:27:00","date_gmt":"2018-10-11T14:27:00","guid":{"rendered":"http:\/\/www.simepe.com.br\/novo\/?p=49084"},"modified":"2018-10-11T11:27:00","modified_gmt":"2018-10-11T14:27:00","slug":"entidades-medicas-nacionais-discutem-projetos-de-interesse-medico-e-as-mudancas-no-quadro-politico-brasileiro","status":"publish","type":"post","link":"https:\/\/www.simepe.com.br\/novo\/entidades-medicas-nacionais-discutem-projetos-de-interesse-medico-e-as-mudancas-no-quadro-politico-brasileiro\/","title":{"rendered":"Entidades m\u00e9dicas nacionais discutem projetos de interesse m\u00e9dico e as mudan\u00e7as no quadro pol\u00edtico brasileiro"},"content":{"rendered":"<p style=\"text-align: justify;\"><img src=\"http:\/\/www.fenam.org.br\/site\/imgs\/noticias\/CAP.jpeg\" alt=\"\" \/><\/p>\n<p style=\"text-align: justify;\">A Comiss\u00e3o de Assuntos Parlamentares das Entidades M\u00e9dicas, com sede no Conselho Federal de Medicina (CFM), reuniu-se nesta quarta-feira (10), sob a presid\u00eancia do Conselheiro Federal Alceu Peixoto, e com a participa\u00e7\u00e3o de representantes da Federa\u00e7\u00e3o Nacional dos M\u00e9dicos (Fenam), da Associa\u00e7\u00e3o M\u00e9dica Brasileira (AMB), da Federa\u00e7\u00e3o M\u00e9dica Brasileira (FMB) e de estudantes de medicina. A pauta do encontro incluiu a avalia\u00e7\u00e3o da nova composi\u00e7\u00e3o do Congresso Nacional, o debate sobre alguns projetos de lei de interesse da categoria m\u00e9dica, em especial o PLS n\u00ba 316\/2014, que institui o piso salarial dos m\u00e9dicos, conhecido como piso Fenam. O presidente da Fenam, Jorge Darze, participou do encontro.<\/p>\n<p style=\"text-align: justify;\">A Comiss\u00e3o vai solicitar audi\u00eancia ao Senador Garibaldi Alves filho (MDB\/RN), relator do PLS na Comiss\u00e3o de Assuntos Econ\u00f4micos (CAE), para discutir a sua tramita\u00e7\u00e3o. O Projeto j\u00e1 foi encaminhado \u00e0 CAE e \u00e0 Comiss\u00e3o de Assuntos Sociais (CAS). A CAE j\u00e1 emitiu parecer, por meio do Senador Garibaldi Alves Filho, relator da proposi\u00e7\u00e3o, recomendando a sua aprova\u00e7\u00e3o na forma do Substitutivo \u2013 que retira o Art. 3\u00ba, revogando a letra \u201cb\u201d do art. 2\u00ba e os arts. 11,12,18 e 19 da Lei n\u00ba 3.999\/1961, do texto inicial. Em 05 de setembro deste ano, foi anexado of\u00edcio \u00e0 tramita\u00e7\u00e3o da mat\u00e9ria, de autoria da Federa\u00e7\u00e3o Nacional de Odontologia (FNO), requerendo provid\u00eancias para a aprova\u00e7\u00e3o do PLS, em car\u00e1ter de urg\u00eancia.<\/p>\n<p style=\"text-align: justify;\">O PLS 316\/2014, de autoria do Senador Paulo Davim (PV\/RN), altera a Lei 3.999\/1961 para instituir piso salarial de R$ 10.991,19 para os m\u00e9dicos e cirurgi\u00f5es-dentistas, com reajuste anual pelo INPC, para jornada de quatro horas di\u00e1rias ou 20 horas semanais de trabalho, estabelecendo remunera\u00e7\u00e3o da hora suplementar nunca inferior a 50% da hora normal e excluindo da aplica\u00e7\u00e3o da lei os auxiliares de laboratorista e radiologista e internos. O piso salarial proposto pelo projeto ainda ser\u00e1 atualizado para o momento.<\/p>\n<p style=\"text-align: justify;\">A surpreendente renova\u00e7\u00e3o parlamentar na C\u00e2mara dos Deputados e no Senado Federal que resultou das elei\u00e7\u00f5es do \u00faltimo domingo tamb\u00e9m foi discutida pelos m\u00e9dicos da Comiss\u00e3o. Dos 444 candidatos que buscavam a reelei\u00e7\u00e3o na C\u00e2mara, apenas 251 foram reeleitos. O \u00edndice de renova\u00e7\u00e3o na C\u00e2mara foi de 47,37%, com 243 deputados de primeiro mandato. O PT e o PSL, os dois partidos que disputam o 2\u00ba turno na corrida presidencial, fizeram as maiores bancadas. O PT, atualmente com 61 deputados, elegeu 56. Mas o maior crescimento foi do PSL, atualmente com oito deputados, que saltou para 52, sendo a segunda sigla com mais parlamentares eleitos. Ao todo, ser\u00e3o 30 legendas com representa\u00e7\u00e3o no Parlamento, cinco a mais do que a composi\u00e7\u00e3o atual. O tamanho das bancadas \u00e9 fundamental na atua\u00e7\u00e3o parlamentar. O maior partido ou bloco tem peso na escolha dos cargos mais importantes da Casa, como a presid\u00eancia da C\u00e2mara dos Deputados e a indica\u00e7\u00e3o para as presid\u00eancias das comiss\u00f5es permanentes. At\u00e9 fevereiro de 2019, quando os deputados tomam posse, os partidos ainda podem se aliar em blocos para ajustar a atua\u00e7\u00e3o parlamentar conforme a elei\u00e7\u00e3o \u00e0 Presid\u00eancia da Rep\u00fablica.<\/p>\n<p style=\"text-align: justify;\">No Senado, que tinha 54 vagas em disputa neste ano, dos 32 senadores concorriam \u00e0 reelei\u00e7\u00e3o, apenas oito foram reeleitos, o que corresponde a 85,18% de renova\u00e7\u00e3o. A elei\u00e7\u00e3o para as outras 27 vagas do Senado ocorrer\u00e1 somente em 2022. Essa elei\u00e7\u00e3o resultou na mudan\u00e7a na correla\u00e7\u00e3o de for\u00e7as no Senado, com o aumento no n\u00famero de partidos representados. A Casa come\u00e7a a pr\u00f3xima sess\u00e3o legislativa com 21 legendas. Atualmente, os 81 senadores est\u00e3o em 18 diferentes representa\u00e7\u00f5es (17 em partidos e um senador sem legenda). O MDB continuar\u00e1 com a maior bancada da Casa, mas com menor n\u00famero de senadores: em vez dos atuais 18, ser\u00e3o 12 a partir de fevereiro de 2019. O PSDB, atualmente com 12, ficar\u00e1 com oito representantes no Senado. O PT, por sua vez, que atualmente tem nove senadores, ter\u00e1 seis na pr\u00f3xima sess\u00e3o legislativa. Destaque para partidos como Rede, que passar\u00e1 de um para cinco senadores; PSL, que n\u00e3o tem representa\u00e7\u00e3o e passar\u00e1 a quatro parlamentares; e PHS, que tamb\u00e9m n\u00e3o possui senadores atualmente e ter\u00e1 dois a partir de fevereiro.<\/p>\n<p style=\"text-align: justify;\">\n<p style=\"text-align: justify;\">Fonte: Assessoria de Comunica\u00e7\u00e3o da FENAM<\/p>\n","protected":false},"excerpt":{"rendered":"<p>A Comiss\u00e3o de Assuntos Parlamentares das Entidades M\u00e9dicas, com sede no Conselho Federal de Medicina (CFM), reuniu-se nesta quarta-feira (10), sob a presid\u00eancia do Conselheiro Federal Alceu Peixoto, e com a participa\u00e7\u00e3o de representantes da Federa\u00e7\u00e3o Nacional dos M\u00e9dicos (Fenam), da Associa\u00e7\u00e3o M\u00e9dica Brasileira (AMB), da Federa\u00e7\u00e3o M\u00e9dica Brasileira (FMB) e de estudantes de medicina. [&hellip;]<\/p>\n","protected":false},"author":1,"featured_media":0,"comment_status":"open","ping_status":"open","sticky":false,"template":"","format":"standard","meta":{"ocean_post_layout":"","ocean_both_sidebars_style":"","ocean_both_sidebars_content_width":0,"ocean_both_sidebars_sidebars_width":0,"ocean_sidebar":"","ocean_second_sidebar":"","ocean_disable_margins":"enable","ocean_add_body_class":"","ocean_shortcode_before_top_bar":"","ocean_shortcode_after_top_bar":"","ocean_shortcode_before_header":"","ocean_shortcode_after_header":"","ocean_has_shortcode":"","ocean_shortcode_after_title":"","ocean_shortcode_before_footer_widgets":"","ocean_shortcode_after_footer_widgets":"","ocean_shortcode_before_footer_bottom":"","ocean_shortcode_after_footer_bottom":"","ocean_display_top_bar":"default","ocean_display_header":"default","ocean_header_style":"","ocean_center_header_left_menu":"","ocean_custom_header_template":"","ocean_custom_logo":0,"ocean_custom_retina_logo":0,"ocean_custom_logo_max_width":0,"ocean_custom_logo_tablet_max_width":0,"ocean_custom_logo_mobile_max_width":0,"ocean_custom_logo_max_height":0,"ocean_custom_logo_tablet_max_height":0,"ocean_custom_logo_mobile_max_height":0,"ocean_header_custom_menu":"","ocean_menu_typo_font_family":"","ocean_menu_typo_font_subset":"","ocean_menu_typo_font_size":0,"ocean_menu_typo_font_size_tablet":0,"ocean_menu_typo_font_size_mobile":0,"ocean_menu_typo_font_size_unit":"px","ocean_menu_typo_font_weight":"","ocean_menu_typo_font_weight_tablet":"","ocean_menu_typo_font_weight_mobile":"","ocean_menu_typo_transform":"","ocean_menu_typo_transform_tablet":"","ocean_menu_typo_transform_mobile":"","ocean_menu_typo_line_height":0,"ocean_menu_typo_line_height_tablet":0,"ocean_menu_typo_line_height_mobile":0,"ocean_menu_typo_line_height_unit":"","ocean_menu_typo_spacing":0,"ocean_menu_typo_spacing_tablet":0,"ocean_menu_typo_spacing_mobile":0,"ocean_menu_typo_spacing_unit":"","ocean_menu_link_color":"","ocean_menu_link_color_hover":"","ocean_menu_link_color_active":"","ocean_menu_link_background":"","ocean_menu_link_hover_background":"","ocean_menu_link_active_background":"","ocean_menu_social_links_bg":"","ocean_menu_social_hover_links_bg":"","ocean_menu_social_links_color":"","ocean_menu_social_hover_links_color":"","ocean_disable_title":"default","ocean_disable_heading":"default","ocean_post_title":"","ocean_post_subheading":"","ocean_post_title_style":"","ocean_post_title_background_color":"","ocean_post_title_background":0,"ocean_post_title_bg_image_position":"","ocean_post_title_bg_image_attachment":"","ocean_post_title_bg_image_repeat":"","ocean_post_title_bg_image_size":"","ocean_post_title_height":0,"ocean_post_title_bg_overlay":0.5,"ocean_post_title_bg_overlay_color":"","ocean_disable_breadcrumbs":"default","ocean_breadcrumbs_color":"","ocean_breadcrumbs_separator_color":"","ocean_breadcrumbs_links_color":"","ocean_breadcrumbs_links_hover_color":"","ocean_display_footer_widgets":"default","ocean_display_footer_bottom":"default","ocean_custom_footer_template":"","ocean_post_oembed":"","ocean_post_self_hosted_media":"","ocean_post_video_embed":"","ocean_link_format":"","ocean_link_format_target":"self","ocean_quote_format":"","ocean_quote_format_link":"post","ocean_gallery_link_images":"on","ocean_gallery_id":[]},"categories":[9],"tags":[215,37,1591],"acf":[],"_links":{"self":[{"href":"https:\/\/www.simepe.com.br\/novo\/wp-json\/wp\/v2\/posts\/49084"}],"collection":[{"href":"https:\/\/www.simepe.com.br\/novo\/wp-json\/wp\/v2\/posts"}],"about":[{"href":"https:\/\/www.simepe.com.br\/novo\/wp-json\/wp\/v2\/types\/post"}],"author":[{"embeddable":true,"href":"https:\/\/www.simepe.com.br\/novo\/wp-json\/wp\/v2\/users\/1"}],"replies":[{"embeddable":true,"href":"https:\/\/www.simepe.com.br\/novo\/wp-json\/wp\/v2\/comments?post=49084"}],"version-history":[{"count":1,"href":"https:\/\/www.simepe.com.br\/novo\/wp-json\/wp\/v2\/posts\/49084\/revisions"}],"predecessor-version":[{"id":49085,"href":"https:\/\/www.simepe.com.br\/novo\/wp-json\/wp\/v2\/posts\/49084\/revisions\/49085"}],"wp:attachment":[{"href":"https:\/\/www.simepe.com.br\/novo\/wp-json\/wp\/v2\/media?parent=49084"}],"wp:term":[{"taxonomy":"category","embeddable":true,"href":"https:\/\/www.simepe.com.br\/novo\/wp-json\/wp\/v2\/categories?post=49084"},{"taxonomy":"post_tag","embeddable":true,"href":"https:\/\/www.simepe.com.br\/novo\/wp-json\/wp\/v2\/tags?post=49084"}],"curies":[{"name":"wp","href":"https:\/\/api.w.org\/{rel}","templated":true}]}}