{"id":49486,"date":"2018-11-01T16:44:15","date_gmt":"2018-11-01T19:44:15","guid":{"rendered":"http:\/\/www.simepe.com.br\/novo\/?p=49486"},"modified":"2018-11-01T16:44:15","modified_gmt":"2018-11-01T19:44:15","slug":"escola-e-posto-de-saude-indigenas-sao-incendiados-em-pernambuco","status":"publish","type":"post","link":"https:\/\/www.simepe.com.br\/novo\/escola-e-posto-de-saude-indigenas-sao-incendiados-em-pernambuco\/","title":{"rendered":"Escola e posto de sa\u00fade ind\u00edgenas s\u00e3o incendiados em Pernambuco"},"content":{"rendered":"<p style=\"text-align: justify;\">&#8220;Que se fa\u00e7a a devida investiga\u00e7\u00e3o, que os culpados sejam punidos, que haja justi\u00e7a!&#8221; pediu a comunidade Povo Pankararu em nota<\/p>\n<p style=\"text-align: justify;\">A comunidade ind\u00edgena Povo Pankararu, localizada no sert\u00e3o Pernambucano, utilizou sua p\u00e1gina do Facebook para repudiar os atos de vandalismo praticados em sua \u00fanica escola e seu \u00fanico posto de sa\u00fade neste \u00faltimo domingo (28).<\/p>\n<p style=\"text-align: justify;\">Os ind\u00edgenas contam que os pr\u00e9dios &#8220;foram criminosamente incendiados tendo praticamente perda total da estrutura f\u00edsica&#8221;, al\u00e9m de afirmarem que m\u00f3veis, documentos e equipamentos foram perdidos.<\/p>\n<p style=\"text-align: justify;\">&#8220;A comunidade Bem Querer de Baixo \u00e9 uma das principais \u00e1reas de conflitos entre ind\u00edgenas e posseiros e onde recentemente tivemos ganho de causa pela reintegra\u00e7\u00e3o de posse do nosso territ\u00f3rio&#8221; diz a nota na p\u00e1gina do facebook. Os maiores prejudicados s\u00e3o as crian\u00e7as sem escola nas v\u00e9speras do fim do ano letivo, a comunidade sem o PSF onde eram realizados cerca de 500 atendimentos mensais e a nossa alma que \u00e9 constantemente ferida, machucada&#8230; Mas jamais silenciada.&#8221;<\/p>\n<p style=\"text-align: justify;\">Nesta tarde, a Pol\u00edcia Civil informou que est\u00e1 investigando a motiva\u00e7\u00e3o e os suspeitos do inc\u00eandio que destruiu a Unidade de Sa\u00fade da Fam\u00edlia e a Escola Municipal de Jabot\u00e1, no Sert\u00e3o de Pernambuco. O fato ocorreu na madrugada desta segunda-feira (29). H\u00e1 uma equipe realizando a per\u00edcia nos locais e ser\u00e1 aberto um inqu\u00e9rito policial para investigar o caso, que est\u00e1 sobre o comando do delegado Daniel Angeli.<\/p>\n<p style=\"text-align: justify;\">A nota, intitulada de &#8220;a barb\u00e1rie come\u00e7ou&#8221; \u00e9 finalizada com pedidos: &#8220;Que se fa\u00e7a a devida investiga\u00e7\u00e3o, que os culpados sejam punidos, que haja justi\u00e7a!&#8221;<\/p>\n<p style=\"text-align: justify;\">\n<p style=\"text-align: justify;\">Fonte: Diario de Pernambuco<\/p>\n<p>&nbsp;<\/p>\n","protected":false},"excerpt":{"rendered":"<p>&#8220;Que se fa\u00e7a a devida investiga\u00e7\u00e3o, que os culpados sejam punidos, que haja justi\u00e7a!&#8221; pediu a comunidade Povo Pankararu em nota A comunidade ind\u00edgena Povo Pankararu, localizada no sert\u00e3o Pernambucano, utilizou sua p\u00e1gina do Facebook para repudiar os atos de vandalismo praticados em sua \u00fanica escola e seu \u00fanico posto de sa\u00fade neste \u00faltimo domingo [&hellip;]<\/p>\n","protected":false},"author":1,"featured_media":0,"comment_status":"open","ping_status":"open","sticky":false,"template":"","format":"standard","meta":{"ocean_post_layout":"","ocean_both_sidebars_style":"","ocean_both_sidebars_content_width":0,"ocean_both_sidebars_sidebars_width":0,"ocean_sidebar":"","ocean_second_sidebar":"","ocean_disable_margins":"enable","ocean_add_body_class":"","ocean_shortcode_before_top_bar":"","ocean_shortcode_after_top_bar":"","ocean_shortcode_before_header":"","ocean_shortcode_after_header":"","ocean_has_shortcode":"","ocean_shortcode_after_title":"","ocean_shortcode_before_footer_widgets":"","ocean_shortcode_after_footer_widgets":"","ocean_shortcode_before_footer_bottom":"","ocean_shortcode_after_footer_bottom":"","ocean_display_top_bar":"default","ocean_display_header":"default","ocean_header_style":"","ocean_center_header_left_menu":"","ocean_custom_header_template":"","ocean_custom_logo":0,"ocean_custom_retina_logo":0,"ocean_custom_logo_max_width":0,"ocean_custom_logo_tablet_max_width":0,"ocean_custom_logo_mobile_max_width":0,"ocean_custom_logo_max_height":0,"ocean_custom_logo_tablet_max_height":0,"ocean_custom_logo_mobile_max_height":0,"ocean_header_custom_menu":"","ocean_menu_typo_font_family":"","ocean_menu_typo_font_subset":"","ocean_menu_typo_font_size":0,"ocean_menu_typo_font_size_tablet":0,"ocean_menu_typo_font_size_mobile":0,"ocean_menu_typo_font_size_unit":"px","ocean_menu_typo_font_weight":"","ocean_menu_typo_font_weight_tablet":"","ocean_menu_typo_font_weight_mobile":"","ocean_menu_typo_transform":"","ocean_menu_typo_transform_tablet":"","ocean_menu_typo_transform_mobile":"","ocean_menu_typo_line_height":0,"ocean_menu_typo_line_height_tablet":0,"ocean_menu_typo_line_height_mobile":0,"ocean_menu_typo_line_height_unit":"","ocean_menu_typo_spacing":0,"ocean_menu_typo_spacing_tablet":0,"ocean_menu_typo_spacing_mobile":0,"ocean_menu_typo_spacing_unit":"","ocean_menu_link_color":"","ocean_menu_link_color_hover":"","ocean_menu_link_color_active":"","ocean_menu_link_background":"","ocean_menu_link_hover_background":"","ocean_menu_link_active_background":"","ocean_menu_social_links_bg":"","ocean_menu_social_hover_links_bg":"","ocean_menu_social_links_color":"","ocean_menu_social_hover_links_color":"","ocean_disable_title":"default","ocean_disable_heading":"default","ocean_post_title":"","ocean_post_subheading":"","ocean_post_title_style":"","ocean_post_title_background_color":"","ocean_post_title_background":0,"ocean_post_title_bg_image_position":"","ocean_post_title_bg_image_attachment":"","ocean_post_title_bg_image_repeat":"","ocean_post_title_bg_image_size":"","ocean_post_title_height":0,"ocean_post_title_bg_overlay":0.5,"ocean_post_title_bg_overlay_color":"","ocean_disable_breadcrumbs":"default","ocean_breadcrumbs_color":"","ocean_breadcrumbs_separator_color":"","ocean_breadcrumbs_links_color":"","ocean_breadcrumbs_links_hover_color":"","ocean_display_footer_widgets":"default","ocean_display_footer_bottom":"default","ocean_custom_footer_template":"","ocean_post_oembed":"","ocean_post_self_hosted_media":"","ocean_post_video_embed":"","ocean_link_format":"","ocean_link_format_target":"self","ocean_quote_format":"","ocean_quote_format_link":"post","ocean_gallery_link_images":"on","ocean_gallery_id":[]},"categories":[9],"tags":[],"acf":[],"_links":{"self":[{"href":"https:\/\/www.simepe.com.br\/novo\/wp-json\/wp\/v2\/posts\/49486"}],"collection":[{"href":"https:\/\/www.simepe.com.br\/novo\/wp-json\/wp\/v2\/posts"}],"about":[{"href":"https:\/\/www.simepe.com.br\/novo\/wp-json\/wp\/v2\/types\/post"}],"author":[{"embeddable":true,"href":"https:\/\/www.simepe.com.br\/novo\/wp-json\/wp\/v2\/users\/1"}],"replies":[{"embeddable":true,"href":"https:\/\/www.simepe.com.br\/novo\/wp-json\/wp\/v2\/comments?post=49486"}],"version-history":[{"count":1,"href":"https:\/\/www.simepe.com.br\/novo\/wp-json\/wp\/v2\/posts\/49486\/revisions"}],"predecessor-version":[{"id":49487,"href":"https:\/\/www.simepe.com.br\/novo\/wp-json\/wp\/v2\/posts\/49486\/revisions\/49487"}],"wp:attachment":[{"href":"https:\/\/www.simepe.com.br\/novo\/wp-json\/wp\/v2\/media?parent=49486"}],"wp:term":[{"taxonomy":"category","embeddable":true,"href":"https:\/\/www.simepe.com.br\/novo\/wp-json\/wp\/v2\/categories?post=49486"},{"taxonomy":"post_tag","embeddable":true,"href":"https:\/\/www.simepe.com.br\/novo\/wp-json\/wp\/v2\/tags?post=49486"}],"curies":[{"name":"wp","href":"https:\/\/api.w.org\/{rel}","templated":true}]}}