{"id":49491,"date":"2018-11-01T16:52:21","date_gmt":"2018-11-01T19:52:21","guid":{"rendered":"http:\/\/www.simepe.com.br\/novo\/?p=49491"},"modified":"2018-11-01T16:52:21","modified_gmt":"2018-11-01T19:52:21","slug":"brasil-gasta-menos-com-saude-que-desenvolvidos-e-despesa-pressionara-teto","status":"publish","type":"post","link":"https:\/\/www.simepe.com.br\/novo\/brasil-gasta-menos-com-saude-que-desenvolvidos-e-despesa-pressionara-teto\/","title":{"rendered":"Brasil gasta menos com sa\u00fade que desenvolvidos e despesa pressionar\u00e1 teto"},"content":{"rendered":"<p style=\"text-align: justify;\">No ano passado, os desembolsos federais em sa\u00fade somaram R$ 117,1 bilh\u00f5es<\/p>\n<p style=\"text-align: justify;\">Apesar do crescimento nos gastos com sa\u00fade na \u00faltima d\u00e9cada, o Brasil ainda distante do patamar de despesas com a \u00e1rea nos pa\u00edses desenvolvidos. A conclus\u00e3o est\u00e1 no estudo &#8220;Aspectos Fiscais da Sa\u00fade no Brasil&#8221; que foi divulgado nesta quinta-feira dia 1\u00ba, pelo Tesouro Nacional. O documento admite ainda que emenda do teto de gastos tornou ainda mais desafiadora a din\u00e2mica futura das despesas na \u00e1rea.<\/p>\n<p style=\"text-align: justify;\">O levantamento mostra que os gastos com sa\u00fade tiveram um crescimento real de 31,9% nos \u00faltimos dez anos, com uma m\u00e9dia de expans\u00e3o anual de 3,1% entre 2008 e 2017. No mesmo per\u00edodo, a Receita Corrente L\u00edquida cresceu apenas 6,7%. Com isso, a participa\u00e7\u00e3o das despesas com sa\u00fade em propor\u00e7\u00e3o da receita corrente passou de 6,7% para 8,3%.<\/p>\n<p style=\"text-align: justify;\">Mas, em rela\u00e7\u00e3o ao Produto Interno Bruto (PIB), o crescimento do gasto com a \u00e1rea foi de apenas 0,2 pontos porcentuais nos \u00faltimos dez anos. As despesas na \u00e1rea passaram de 1,6% do PIB em 2008 para 1,8% do PIB em 2017. No ano passado, os desembolsos federais em sa\u00fade somaram R$ 117,1 bilh\u00f5es.<\/p>\n<p style=\"text-align: justify;\">Considerando tamb\u00e9m dos desembolsos de Estados e munic\u00edpios, o gasto do Pa\u00eds na \u00e1rea foi equivalente a 3,8% do PIB no ano passado, de acordo com levantamento do Banco Mundial. Apesar de estar melhor que a m\u00e9dia da Am\u00e9rica Latina e Caribe (3,6%), o Brasil ainda ocupa a 64\u00aa posi\u00e7\u00e3o em um ranking com 183 na\u00e7\u00f5es. Os pa\u00edses da Organiza\u00e7\u00e3o para a Coopera\u00e7\u00e3o e Desenvolvimento Econ\u00f4mico (OCDE) &#8211; grupo do qual o Brasil deseja fazer parte &#8211; gastaram em m\u00e9dia 6,5% do PIB com sa\u00fade em 2017.<\/p>\n<p style=\"text-align: justify;\"><strong>Teto<\/strong><\/p>\n<p style=\"text-align: justify;\">Aprovado no fim de 2016, o regime do teto de gastos limita a expans\u00e3o das despesas prim\u00e1rias \u00e0 varia\u00e7\u00e3o da infla\u00e7\u00e3o em 12 meses at\u00e9 junho do ano anterior. Em tese, o gasto com sa\u00fade n\u00e3o precisa respeitar esse limite, mas est\u00e1 dentro do limite global do or\u00e7amento federal. Ou seja, para que o gasto com sa\u00fade aumente acima da infla\u00e7\u00e3o, \u00e9 necess\u00e1rio cancelar despesas em outras \u00e1reas.<\/p>\n<p style=\"text-align: justify;\">O problema \u00e9 que a sa\u00fade sofre forte press\u00e3o por eleva\u00e7\u00e3o de despesas, porque os custos dos servi\u00e7os da \u00e1rea t\u00eam uma infla\u00e7\u00e3o bem superior \u00e0 da m\u00e9dia da economia. Al\u00e9m disso, a din\u00e2mica de envelhecimento da popula\u00e7\u00e3o deve pressionar ainda mais o or\u00e7amento para a \u00e1rea.<\/p>\n<p style=\"text-align: justify;\">&#8220;A din\u00e2mica futura das despesas em sa\u00fade torna-se ainda mais desafiadora em um contexto de limita\u00e7\u00e3o do crescimento dos gastos p\u00fablicos e de ajuste fiscal. Dessa forma, \u00e9 fundamental o debate sobre maneiras de aumentar a efici\u00eancia e a equidade do gasto em sa\u00fade.&#8221;, avaliou o Tesouro.<\/p>\n<p style=\"text-align: justify;\">O Tesouro estima que a demanda por despesas prim\u00e1rias da Uni\u00e3o com sa\u00fade ter\u00e1 crescimento real de 25,9% os pr\u00f3ximos 10 anos, ou cerca de apenas 2,6% por ano. Com isso, as despesas federais devem ficar est\u00e1veis em rela\u00e7\u00e3o ao PIB no per\u00edodo. O \u00f3rg\u00e3o tamb\u00e9m apresenta um cen\u00e1rio de expans\u00e3o para o gasto que contempla um crescimento real de 37,0% no per\u00edodo, ou cerca de 3 6% ao ano.<\/p>\n<p style=\"text-align: justify;\">&#8220;Dessa forma, o crescimento superior \u00e0 infla\u00e7\u00e3o resultaria em um cen\u00e1rio de press\u00e3o sobre o teto de gastos, na medida em que a despesa prim\u00e1ria da Uni\u00e3o na \u00e1rea de sa\u00fade, que em 2017 atingiu 8,7% do teto, passaria, em 2027, a representar 11,5% no Cen\u00e1rio Base e 12,6% no Cen\u00e1rio de Expans\u00e3o&#8221;, conclui o Tesouro.<\/p>\n<p style=\"text-align: justify;\">\n<p style=\"text-align: justify;\">Fonte: Diario de Pernambuco<\/p>\n","protected":false},"excerpt":{"rendered":"<p>No ano passado, os desembolsos federais em sa\u00fade somaram R$ 117,1 bilh\u00f5es Apesar do crescimento nos gastos com sa\u00fade na \u00faltima d\u00e9cada, o Brasil ainda distante do patamar de despesas com a \u00e1rea nos pa\u00edses desenvolvidos. A conclus\u00e3o est\u00e1 no estudo &#8220;Aspectos Fiscais da Sa\u00fade no Brasil&#8221; que foi divulgado nesta quinta-feira dia 1\u00ba, pelo [&hellip;]<\/p>\n","protected":false},"author":1,"featured_media":0,"comment_status":"open","ping_status":"open","sticky":false,"template":"","format":"standard","meta":{"ocean_post_layout":"","ocean_both_sidebars_style":"","ocean_both_sidebars_content_width":0,"ocean_both_sidebars_sidebars_width":0,"ocean_sidebar":"","ocean_second_sidebar":"","ocean_disable_margins":"enable","ocean_add_body_class":"","ocean_shortcode_before_top_bar":"","ocean_shortcode_after_top_bar":"","ocean_shortcode_before_header":"","ocean_shortcode_after_header":"","ocean_has_shortcode":"","ocean_shortcode_after_title":"","ocean_shortcode_before_footer_widgets":"","ocean_shortcode_after_footer_widgets":"","ocean_shortcode_before_footer_bottom":"","ocean_shortcode_after_footer_bottom":"","ocean_display_top_bar":"default","ocean_display_header":"default","ocean_header_style":"","ocean_center_header_left_menu":"","ocean_custom_header_template":"","ocean_custom_logo":0,"ocean_custom_retina_logo":0,"ocean_custom_logo_max_width":0,"ocean_custom_logo_tablet_max_width":0,"ocean_custom_logo_mobile_max_width":0,"ocean_custom_logo_max_height":0,"ocean_custom_logo_tablet_max_height":0,"ocean_custom_logo_mobile_max_height":0,"ocean_header_custom_menu":"","ocean_menu_typo_font_family":"","ocean_menu_typo_font_subset":"","ocean_menu_typo_font_size":0,"ocean_menu_typo_font_size_tablet":0,"ocean_menu_typo_font_size_mobile":0,"ocean_menu_typo_font_size_unit":"px","ocean_menu_typo_font_weight":"","ocean_menu_typo_font_weight_tablet":"","ocean_menu_typo_font_weight_mobile":"","ocean_menu_typo_transform":"","ocean_menu_typo_transform_tablet":"","ocean_menu_typo_transform_mobile":"","ocean_menu_typo_line_height":0,"ocean_menu_typo_line_height_tablet":0,"ocean_menu_typo_line_height_mobile":0,"ocean_menu_typo_line_height_unit":"","ocean_menu_typo_spacing":0,"ocean_menu_typo_spacing_tablet":0,"ocean_menu_typo_spacing_mobile":0,"ocean_menu_typo_spacing_unit":"","ocean_menu_link_color":"","ocean_menu_link_color_hover":"","ocean_menu_link_color_active":"","ocean_menu_link_background":"","ocean_menu_link_hover_background":"","ocean_menu_link_active_background":"","ocean_menu_social_links_bg":"","ocean_menu_social_hover_links_bg":"","ocean_menu_social_links_color":"","ocean_menu_social_hover_links_color":"","ocean_disable_title":"default","ocean_disable_heading":"default","ocean_post_title":"","ocean_post_subheading":"","ocean_post_title_style":"","ocean_post_title_background_color":"","ocean_post_title_background":0,"ocean_post_title_bg_image_position":"","ocean_post_title_bg_image_attachment":"","ocean_post_title_bg_image_repeat":"","ocean_post_title_bg_image_size":"","ocean_post_title_height":0,"ocean_post_title_bg_overlay":0.5,"ocean_post_title_bg_overlay_color":"","ocean_disable_breadcrumbs":"default","ocean_breadcrumbs_color":"","ocean_breadcrumbs_separator_color":"","ocean_breadcrumbs_links_color":"","ocean_breadcrumbs_links_hover_color":"","ocean_display_footer_widgets":"default","ocean_display_footer_bottom":"default","ocean_custom_footer_template":"","ocean_post_oembed":"","ocean_post_self_hosted_media":"","ocean_post_video_embed":"","ocean_link_format":"","ocean_link_format_target":"self","ocean_quote_format":"","ocean_quote_format_link":"post","ocean_gallery_link_images":"on","ocean_gallery_id":[]},"categories":[9],"tags":[],"acf":[],"_links":{"self":[{"href":"https:\/\/www.simepe.com.br\/novo\/wp-json\/wp\/v2\/posts\/49491"}],"collection":[{"href":"https:\/\/www.simepe.com.br\/novo\/wp-json\/wp\/v2\/posts"}],"about":[{"href":"https:\/\/www.simepe.com.br\/novo\/wp-json\/wp\/v2\/types\/post"}],"author":[{"embeddable":true,"href":"https:\/\/www.simepe.com.br\/novo\/wp-json\/wp\/v2\/users\/1"}],"replies":[{"embeddable":true,"href":"https:\/\/www.simepe.com.br\/novo\/wp-json\/wp\/v2\/comments?post=49491"}],"version-history":[{"count":1,"href":"https:\/\/www.simepe.com.br\/novo\/wp-json\/wp\/v2\/posts\/49491\/revisions"}],"predecessor-version":[{"id":49492,"href":"https:\/\/www.simepe.com.br\/novo\/wp-json\/wp\/v2\/posts\/49491\/revisions\/49492"}],"wp:attachment":[{"href":"https:\/\/www.simepe.com.br\/novo\/wp-json\/wp\/v2\/media?parent=49491"}],"wp:term":[{"taxonomy":"category","embeddable":true,"href":"https:\/\/www.simepe.com.br\/novo\/wp-json\/wp\/v2\/categories?post=49491"},{"taxonomy":"post_tag","embeddable":true,"href":"https:\/\/www.simepe.com.br\/novo\/wp-json\/wp\/v2\/tags?post=49491"}],"curies":[{"name":"wp","href":"https:\/\/api.w.org\/{rel}","templated":true}]}}