{"id":49536,"date":"2018-11-05T12:01:05","date_gmt":"2018-11-05T15:01:05","guid":{"rendered":"http:\/\/www.simepe.com.br\/novo\/?p=49536"},"modified":"2018-11-09T09:48:25","modified_gmt":"2018-11-09T12:48:25","slug":"carta-aberta-ao-prefeito-do-recife","status":"publish","type":"post","link":"https:\/\/www.simepe.com.br\/novo\/carta-aberta-ao-prefeito-do-recife\/","title":{"rendered":"Carta aberta ao Prefeito do Recife"},"content":{"rendered":"<p style=\"text-align: justify;\">Os m\u00e9dicos do Recife vivem um pesadelo di\u00e1rio nas unidades de sa\u00fade da cidade. As estruturas s\u00e3o prec\u00e1rias; faltam medicamentos; a inseguran\u00e7a \u00e9 generalizada, amedrontando profissionais e pacientes. Como se n\u00e3o bastasse isso, um grave d\u00e9ficit \u00e9 registrado nas escalas m\u00e9dicas de toda a rede, ou seja, a demanda \u00e9 muito maior do que o n\u00famero de servidores. Al\u00e9m disso, \u00e9 preciso valoriza\u00e7\u00e3o da categoria.<\/p>\n<p style=\"text-align: justify;\">Por esses problemas, que se somaram \u00e0 falta de medidas concretas por parte da Secretaria Municipal de Sa\u00fade, os M\u00e9dicos do Recife est\u00e3o em greve h\u00e1 mais de 40 dias. Para uma categoria que sempre trabalha lado a lado com o povo, esse tempo trata-se de uma eternidade. N\u00e3o existem condi\u00e7\u00f5es de retorno aos postos de trabalho, pois a grande parte deles est\u00e1 do mesmo jeito. Foram diversas tentativas de negocia\u00e7\u00e3o com a secretaria municipal com um \u00fanico objetivo: o cumprimento do Termo de Compromisso proposto e firmado pela pr\u00f3pria PCR, em janeiro deste ano. Nada feito! Nem se honrou o acordo prometido e pior: portas fechadas para o di\u00e1logo franco, com proposta efetiva e vi\u00e1vel para solu\u00e7\u00e3o do caos da rede.<\/p>\n<p style=\"text-align: justify;\">Com isso, infelizmente, os profissionais m\u00e9dicos seguem unidos, fortes, com o apoio da popula\u00e7\u00e3o, firmes na luta. A categoria entende que a falta de di\u00e1logo nos impele a seguir adiante com o movimento grevista e solicitar, nesta carta aberta, uma audi\u00eancia com o Prefeito da Cidade do Recife, pelo povo. N\u00e3o podemos mais esperar.<\/p>\n<p style=\"text-align: justify;\">A popula\u00e7\u00e3o est\u00e1 sofrendo.<\/p>\n","protected":false},"excerpt":{"rendered":"<p>Os m\u00e9dicos do Recife vivem um pesadelo di\u00e1rio nas unidades de sa\u00fade da cidade. As estruturas s\u00e3o prec\u00e1rias; faltam medicamentos; a inseguran\u00e7a \u00e9 generalizada, amedrontando profissionais e pacientes. Como se n\u00e3o bastasse isso, um grave d\u00e9ficit \u00e9 registrado nas escalas m\u00e9dicas de toda a rede, ou seja, a demanda \u00e9 muito maior do que o [&hellip;]<\/p>\n","protected":false},"author":1,"featured_media":49537,"comment_status":"open","ping_status":"open","sticky":false,"template":"","format":"standard","meta":{"ocean_post_layout":"","ocean_both_sidebars_style":"","ocean_both_sidebars_content_width":0,"ocean_both_sidebars_sidebars_width":0,"ocean_sidebar":"","ocean_second_sidebar":"","ocean_disable_margins":"enable","ocean_add_body_class":"","ocean_shortcode_before_top_bar":"","ocean_shortcode_after_top_bar":"","ocean_shortcode_before_header":"","ocean_shortcode_after_header":"","ocean_has_shortcode":"","ocean_shortcode_after_title":"","ocean_shortcode_before_footer_widgets":"","ocean_shortcode_after_footer_widgets":"","ocean_shortcode_before_footer_bottom":"","ocean_shortcode_after_footer_bottom":"","ocean_display_top_bar":"default","ocean_display_header":"default","ocean_header_style":"","ocean_center_header_left_menu":"","ocean_custom_header_template":"","ocean_custom_logo":0,"ocean_custom_retina_logo":0,"ocean_custom_logo_max_width":0,"ocean_custom_logo_tablet_max_width":0,"ocean_custom_logo_mobile_max_width":0,"ocean_custom_logo_max_height":0,"ocean_custom_logo_tablet_max_height":0,"ocean_custom_logo_mobile_max_height":0,"ocean_header_custom_menu":"","ocean_menu_typo_font_family":"","ocean_menu_typo_font_subset":"","ocean_menu_typo_font_size":0,"ocean_menu_typo_font_size_tablet":0,"ocean_menu_typo_font_size_mobile":0,"ocean_menu_typo_font_size_unit":"px","ocean_menu_typo_font_weight":"","ocean_menu_typo_font_weight_tablet":"","ocean_menu_typo_font_weight_mobile":"","ocean_menu_typo_transform":"","ocean_menu_typo_transform_tablet":"","ocean_menu_typo_transform_mobile":"","ocean_menu_typo_line_height":0,"ocean_menu_typo_line_height_tablet":0,"ocean_menu_typo_line_height_mobile":0,"ocean_menu_typo_line_height_unit":"","ocean_menu_typo_spacing":0,"ocean_menu_typo_spacing_tablet":0,"ocean_menu_typo_spacing_mobile":0,"ocean_menu_typo_spacing_unit":"","ocean_menu_link_color":"","ocean_menu_link_color_hover":"","ocean_menu_link_color_active":"","ocean_menu_link_background":"","ocean_menu_link_hover_background":"","ocean_menu_link_active_background":"","ocean_menu_social_links_bg":"","ocean_menu_social_hover_links_bg":"","ocean_menu_social_links_color":"","ocean_menu_social_hover_links_color":"","ocean_disable_title":"default","ocean_disable_heading":"default","ocean_post_title":"","ocean_post_subheading":"","ocean_post_title_style":"","ocean_post_title_background_color":"","ocean_post_title_background":0,"ocean_post_title_bg_image_position":"","ocean_post_title_bg_image_attachment":"","ocean_post_title_bg_image_repeat":"","ocean_post_title_bg_image_size":"","ocean_post_title_height":0,"ocean_post_title_bg_overlay":0.5,"ocean_post_title_bg_overlay_color":"","ocean_disable_breadcrumbs":"default","ocean_breadcrumbs_color":"","ocean_breadcrumbs_separator_color":"","ocean_breadcrumbs_links_color":"","ocean_breadcrumbs_links_hover_color":"","ocean_display_footer_widgets":"default","ocean_display_footer_bottom":"default","ocean_custom_footer_template":"","ocean_post_oembed":"","ocean_post_self_hosted_media":"","ocean_post_video_embed":"","ocean_link_format":"","ocean_link_format_target":"self","ocean_quote_format":"","ocean_quote_format_link":"post","ocean_gallery_link_images":"on","ocean_gallery_id":[]},"categories":[1],"tags":[],"acf":[],"_links":{"self":[{"href":"https:\/\/www.simepe.com.br\/novo\/wp-json\/wp\/v2\/posts\/49536"}],"collection":[{"href":"https:\/\/www.simepe.com.br\/novo\/wp-json\/wp\/v2\/posts"}],"about":[{"href":"https:\/\/www.simepe.com.br\/novo\/wp-json\/wp\/v2\/types\/post"}],"author":[{"embeddable":true,"href":"https:\/\/www.simepe.com.br\/novo\/wp-json\/wp\/v2\/users\/1"}],"replies":[{"embeddable":true,"href":"https:\/\/www.simepe.com.br\/novo\/wp-json\/wp\/v2\/comments?post=49536"}],"version-history":[{"count":3,"href":"https:\/\/www.simepe.com.br\/novo\/wp-json\/wp\/v2\/posts\/49536\/revisions"}],"predecessor-version":[{"id":49659,"href":"https:\/\/www.simepe.com.br\/novo\/wp-json\/wp\/v2\/posts\/49536\/revisions\/49659"}],"wp:featuredmedia":[{"embeddable":true,"href":"https:\/\/www.simepe.com.br\/novo\/wp-json\/wp\/v2\/media\/49537"}],"wp:attachment":[{"href":"https:\/\/www.simepe.com.br\/novo\/wp-json\/wp\/v2\/media?parent=49536"}],"wp:term":[{"taxonomy":"category","embeddable":true,"href":"https:\/\/www.simepe.com.br\/novo\/wp-json\/wp\/v2\/categories?post=49536"},{"taxonomy":"post_tag","embeddable":true,"href":"https:\/\/www.simepe.com.br\/novo\/wp-json\/wp\/v2\/tags?post=49536"}],"curies":[{"name":"wp","href":"https:\/\/api.w.org\/{rel}","templated":true}]}}