{"id":49550,"date":"2018-11-06T09:20:56","date_gmt":"2018-11-06T12:20:56","guid":{"rendered":"http:\/\/www.simepe.com.br\/novo\/?p=49550"},"modified":"2018-11-06T09:20:56","modified_gmt":"2018-11-06T12:20:56","slug":"reajuste-de-plano-de-saude-individual-tera-nova-regra","status":"publish","type":"post","link":"https:\/\/www.simepe.com.br\/novo\/reajuste-de-plano-de-saude-individual-tera-nova-regra\/","title":{"rendered":"Reajuste de plano de sa\u00fade individual ter\u00e1 nova regra"},"content":{"rendered":"<p style=\"text-align: justify;\">A expectativa \u00e9 de que a nova norma, que leva em conta a varia\u00e7\u00e3o das despesas e a infla\u00e7\u00e3o, seja colocada em pr\u00e1tica a partir de 2019<\/p>\n<p style=\"text-align: justify;\">A Ag\u00eancia Nacional de Sa\u00fade Suplementar (ANS) colocou em consulta uma nova regra para o reajuste de planos de sa\u00fade individuais e familiares. A expectativa \u00e9 de que a nova norma, que leva em conta a varia\u00e7\u00e3o das despesas e a infla\u00e7\u00e3o, seja colocada em pr\u00e1tica a partir de 2019. Mas, segundo entidades de direito do consumidor, o \u00f3rg\u00e3o n\u00e3o divulgou informa\u00e7\u00f5es suficientes para saber qual ser\u00e1 o efeito da mudan\u00e7a.<\/p>\n<p style=\"text-align: justify;\">&#8220;N\u00e3o h\u00e1 como saber se com o novo m\u00e9todo reajustes seriam maiores ou menores do que se mantida a regra atual. Da\u00ed a import\u00e2ncia de que a ANS apresente uma simula\u00e7\u00e3o&#8221;, disse a superintendente do Procon de S\u00e3o Paulo, Maria Feitosa Lacerda. Em reuni\u00e3o na semana passada com a ANS, entidades de defesa do consumidor pediram que a compara\u00e7\u00e3o seja apresentada.<\/p>\n<p style=\"text-align: justify;\">A ANS marcou para o dia 13 audi\u00eancia p\u00fablica para discutir o novo formato. &#8220;O ideal \u00e9 que tenhamos isso com anteced\u00eancia&#8221;, disse a advogada do Instituto de Defesa do Consumidor (Idec), Ana Carolina Navarette.<\/p>\n<p style=\"text-align: justify;\">Em nota, a ANS argumentou que n\u00e3o seria adequado fazer uma simula\u00e7\u00e3o que poder\u00e1 n\u00e3o se efetivar depois. Segundo o \u00f3rg\u00e3o, dados usados para o novo c\u00e1lculo s\u00e3o p\u00fablicos, auditados e est\u00e3o dispon\u00edveis. Disse ainda que trabalha &#8220;para elaborar a melhor metodologia poss\u00edvel&#8221;.<\/p>\n<p style=\"text-align: justify;\">Hoje, o reajuste \u00e9 feito a partir de uma m\u00e9dia do aumento nos planos coletivos com mais de 30 benefici\u00e1rios. O an\u00fancio da mudan\u00e7a \u00e9 feito pouco ap\u00f3s o Tribunal de Contas da Uni\u00e3o afirmar que a metodologia usada pela ANS para calcular o reajuste cont\u00e9m falhas, \u00e9 pouco transparente e sem mecanismos para conter abusos.<\/p>\n<p style=\"text-align: justify;\">A ANS agora prop\u00f5e que o aumento tenha como ponto de partida a varia\u00e7\u00e3o das despesas de assist\u00eancia, o quanto operadoras desembolsaram para custear exames, tratamentos e consultas dos clientes. Esse \u00edndice (de sigla VDA) teria peso de 80% no c\u00e1lculo.<\/p>\n<p style=\"text-align: justify;\">Mas, para us\u00e1-lo, seria preciso adotar tamb\u00e9m dois moderadores. Um seria a varia\u00e7\u00e3o das mensalidades causada pela regra da faixa et\u00e1ria. Al\u00e9m do moderador por faixa et\u00e1ria, a ANS fixou um fator de efici\u00eancia, medido pelos gastos com assist\u00eancia. A ag\u00eancia tamb\u00e9m incluiu no c\u00e1lculo a varia\u00e7\u00e3o de infla\u00e7\u00e3o IPCA, retirando do \u00edndice as despesas com sa\u00fade. A varia\u00e7\u00e3o do IPCA ter\u00e1 peso de 20%.<\/p>\n<p style=\"text-align: justify;\">&#8220;\u00c9 uma medida importante. Afinal, nem todas as despesas de operadoras est\u00e3o relacionadas \u00e0 assist\u00eancia. H\u00e1 gastos com pessoal, com administra\u00e7\u00e3o&#8221;, afirmou Maria Feitosa.<\/p>\n<p style=\"text-align: justify;\">Questionada, a Associa\u00e7\u00e3o Brasileira de Planos de Sa\u00fade (Abramge) afirmou que analisa no momento as propostas. A entidade considera o tema de extrema import\u00e2ncia para a sociedade e a sustentabilidade do setor. J\u00e1 a Federa\u00e7\u00e3o Nacional de Sa\u00fade Suplementar (Fenasa\u00fade) disse que vai avaliar a proposta e participar dos debates.<\/p>\n<p style=\"text-align: justify;\">\n<strong>Migra\u00e7\u00e3o de clientes<\/strong><\/p>\n<p style=\"text-align: justify;\">Ao justificar a mudan\u00e7a, a Ag\u00eancia Nacional de Sa\u00fade Suplementar (ANS) diz que o novo formato dar\u00e1 maior transpar\u00eancia, trar\u00e1 maior previsibilidade para o reajuste e estimular\u00e1 a efici\u00eancia do setor. O aumento de mensalidades de planos de sa\u00fade tem se transformado em uma fonte crescente de insatisfa\u00e7\u00e3o entre usu\u00e1rios.<\/p>\n<p style=\"text-align: justify;\">Com o aumento do desemprego, um n\u00famero significativo de pessoas que antes tinha planos empresariais acabou migrando para planos &#8220;falso coletivos&#8221; ou por ades\u00e3o. Nesses dois formatos, o poder de barganha \u00e9 menor e o risco de reajustes abusivos, maior. Em nota, a ANS ainda afirmou que o trabalho para elaborar o novo \u00edndice &#8220;vai se refletir positivamente em um \u00edndice adequado para o reajuste anual dos planos individuais e familiares&#8221;.<\/p>\n<p style=\"text-align: justify;\">Levantamento feito pelo Observat\u00f3rio da Judicializa\u00e7\u00e3o da Sa\u00fade Suplementar da Faculdade de Medicina da Universidade de S\u00e3o Paulo (USP) mostra que 14,7% dos julgamentos em 2.\u00aa inst\u00e2ncia sobre planos de sa\u00fade eram referentes a aumento de mensalidade, entre janeiro e setembro de 2011. J\u00e1 no mesmo per\u00edodo de 2018, esse porcentual aumentou para 28%.<\/p>\n<p style=\"text-align: justify;\">Professor da USP e coordenador do Observat\u00f3rio, M\u00e1rio Scheffer diz que ainda n\u00e3o \u00e9 poss\u00edvel avaliar se a proposta \u00e9 boa. Alerta tamb\u00e9m para o fato de que a medida ter\u00e1 efeitos s\u00f3 para uma parcela de usu\u00e1rios de planos. &#8220;H\u00e1 uma quest\u00e3o ainda mais urgente, que \u00e9 regular os reajustes de planos coletivos, maioria no mercado.&#8221;<\/p>\n<p style=\"text-align: justify;\"><strong>Redu\u00e7\u00e3o<\/strong><\/p>\n<p style=\"text-align: justify;\">O agravamento da crise econ\u00f4mica tamb\u00e9m fez o mercado de sa\u00fade suplementar encolher no Pa\u00eds. Em dezembro de 2014, o total de usu\u00e1rios era de 50,4 milh\u00f5es e, em setembro deste ano, de 47,3 milh\u00f5es. As informa\u00e7\u00f5es s\u00e3o do jornal O Estado de S. Paulo.<\/p>\n<p style=\"text-align: justify;\">\n<p style=\"text-align: justify;\">Fonte: Leia J\u00e1<\/p>\n","protected":false},"excerpt":{"rendered":"<p>A expectativa \u00e9 de que a nova norma, que leva em conta a varia\u00e7\u00e3o das despesas e a infla\u00e7\u00e3o, seja colocada em pr\u00e1tica a partir de 2019 A Ag\u00eancia Nacional de Sa\u00fade Suplementar (ANS) colocou em consulta uma nova regra para o reajuste de planos de sa\u00fade individuais e familiares. A expectativa \u00e9 de que [&hellip;]<\/p>\n","protected":false},"author":1,"featured_media":0,"comment_status":"open","ping_status":"open","sticky":false,"template":"","format":"standard","meta":{"ocean_post_layout":"","ocean_both_sidebars_style":"","ocean_both_sidebars_content_width":0,"ocean_both_sidebars_sidebars_width":0,"ocean_sidebar":"","ocean_second_sidebar":"","ocean_disable_margins":"enable","ocean_add_body_class":"","ocean_shortcode_before_top_bar":"","ocean_shortcode_after_top_bar":"","ocean_shortcode_before_header":"","ocean_shortcode_after_header":"","ocean_has_shortcode":"","ocean_shortcode_after_title":"","ocean_shortcode_before_footer_widgets":"","ocean_shortcode_after_footer_widgets":"","ocean_shortcode_before_footer_bottom":"","ocean_shortcode_after_footer_bottom":"","ocean_display_top_bar":"default","ocean_display_header":"default","ocean_header_style":"","ocean_center_header_left_menu":"","ocean_custom_header_template":"","ocean_custom_logo":0,"ocean_custom_retina_logo":0,"ocean_custom_logo_max_width":0,"ocean_custom_logo_tablet_max_width":0,"ocean_custom_logo_mobile_max_width":0,"ocean_custom_logo_max_height":0,"ocean_custom_logo_tablet_max_height":0,"ocean_custom_logo_mobile_max_height":0,"ocean_header_custom_menu":"","ocean_menu_typo_font_family":"","ocean_menu_typo_font_subset":"","ocean_menu_typo_font_size":0,"ocean_menu_typo_font_size_tablet":0,"ocean_menu_typo_font_size_mobile":0,"ocean_menu_typo_font_size_unit":"px","ocean_menu_typo_font_weight":"","ocean_menu_typo_font_weight_tablet":"","ocean_menu_typo_font_weight_mobile":"","ocean_menu_typo_transform":"","ocean_menu_typo_transform_tablet":"","ocean_menu_typo_transform_mobile":"","ocean_menu_typo_line_height":0,"ocean_menu_typo_line_height_tablet":0,"ocean_menu_typo_line_height_mobile":0,"ocean_menu_typo_line_height_unit":"","ocean_menu_typo_spacing":0,"ocean_menu_typo_spacing_tablet":0,"ocean_menu_typo_spacing_mobile":0,"ocean_menu_typo_spacing_unit":"","ocean_menu_link_color":"","ocean_menu_link_color_hover":"","ocean_menu_link_color_active":"","ocean_menu_link_background":"","ocean_menu_link_hover_background":"","ocean_menu_link_active_background":"","ocean_menu_social_links_bg":"","ocean_menu_social_hover_links_bg":"","ocean_menu_social_links_color":"","ocean_menu_social_hover_links_color":"","ocean_disable_title":"default","ocean_disable_heading":"default","ocean_post_title":"","ocean_post_subheading":"","ocean_post_title_style":"","ocean_post_title_background_color":"","ocean_post_title_background":0,"ocean_post_title_bg_image_position":"","ocean_post_title_bg_image_attachment":"","ocean_post_title_bg_image_repeat":"","ocean_post_title_bg_image_size":"","ocean_post_title_height":0,"ocean_post_title_bg_overlay":0.5,"ocean_post_title_bg_overlay_color":"","ocean_disable_breadcrumbs":"default","ocean_breadcrumbs_color":"","ocean_breadcrumbs_separator_color":"","ocean_breadcrumbs_links_color":"","ocean_breadcrumbs_links_hover_color":"","ocean_display_footer_widgets":"default","ocean_display_footer_bottom":"default","ocean_custom_footer_template":"","ocean_post_oembed":"","ocean_post_self_hosted_media":"","ocean_post_video_embed":"","ocean_link_format":"","ocean_link_format_target":"self","ocean_quote_format":"","ocean_quote_format_link":"post","ocean_gallery_link_images":"on","ocean_gallery_id":[]},"categories":[9],"tags":[175,510,943],"acf":[],"_links":{"self":[{"href":"https:\/\/www.simepe.com.br\/novo\/wp-json\/wp\/v2\/posts\/49550"}],"collection":[{"href":"https:\/\/www.simepe.com.br\/novo\/wp-json\/wp\/v2\/posts"}],"about":[{"href":"https:\/\/www.simepe.com.br\/novo\/wp-json\/wp\/v2\/types\/post"}],"author":[{"embeddable":true,"href":"https:\/\/www.simepe.com.br\/novo\/wp-json\/wp\/v2\/users\/1"}],"replies":[{"embeddable":true,"href":"https:\/\/www.simepe.com.br\/novo\/wp-json\/wp\/v2\/comments?post=49550"}],"version-history":[{"count":1,"href":"https:\/\/www.simepe.com.br\/novo\/wp-json\/wp\/v2\/posts\/49550\/revisions"}],"predecessor-version":[{"id":49551,"href":"https:\/\/www.simepe.com.br\/novo\/wp-json\/wp\/v2\/posts\/49550\/revisions\/49551"}],"wp:attachment":[{"href":"https:\/\/www.simepe.com.br\/novo\/wp-json\/wp\/v2\/media?parent=49550"}],"wp:term":[{"taxonomy":"category","embeddable":true,"href":"https:\/\/www.simepe.com.br\/novo\/wp-json\/wp\/v2\/categories?post=49550"},{"taxonomy":"post_tag","embeddable":true,"href":"https:\/\/www.simepe.com.br\/novo\/wp-json\/wp\/v2\/tags?post=49550"}],"curies":[{"name":"wp","href":"https:\/\/api.w.org\/{rel}","templated":true}]}}