{"id":49552,"date":"2018-11-06T09:22:54","date_gmt":"2018-11-06T12:22:54","guid":{"rendered":"http:\/\/www.simepe.com.br\/novo\/?p=49552"},"modified":"2018-11-06T09:22:54","modified_gmt":"2018-11-06T12:22:54","slug":"conselho-interdita-postos-de-saude-do-ibura-por-violencia","status":"publish","type":"post","link":"https:\/\/www.simepe.com.br\/novo\/conselho-interdita-postos-de-saude-do-ibura-por-violencia\/","title":{"rendered":"Conselho interdita postos de sa\u00fade do Ibura por viol\u00eancia"},"content":{"rendered":"<p style=\"text-align: justify;\">Com a interdi\u00e7\u00e3o \u00e9tica aplicada pelo Cremepe, os m\u00e9dicos est\u00e3o impedidos de trabalhar em duas unidades de sa\u00fade do Ibura. As unidades continuar\u00e3o funcionando com enfermeiros e t\u00e9cnicos<\/p>\n<p style=\"text-align: justify;\">Confronto de quadrilhas de tr\u00e1fico de drogas, homic\u00eddios, tiroteios e toques de recolher. Este cen\u00e1rio de viol\u00eancia fez com que o Conselho Regional de Medicina de Pernambuco (Cremepe) determinasse que os m\u00e9dicos n\u00e3o atendam em duas unidades de sa\u00fade do bairro do Ibura, na Zona Sul do Recife.<\/p>\n<p style=\"text-align: justify;\">A chamada \u2018interdi\u00e7\u00e3o \u00e9tica\u2019 passar\u00e1 a valer \u00e0 0h da pr\u00f3xima quarta-feira (7) e atingir\u00e1 cerca de 18 mil pessoas do Ibura. Foram atingidas pela interdi\u00e7\u00e3o a Unidade de Sa\u00fade da Fam\u00edlia (USF) 341 &#8211; Pantanal\/Professor Fernandes Figueira, na Rua Bandeirante Raposo Tavares, n\u00famero 100, e USF 347 &#8211; Parque dos Milagres, na Rua Clara Nunes, n\u00ba 60.<\/p>\n<p style=\"text-align: justify;\">O bairro do Ibura, principalmente a \u00e1rea das comunidades dos Milagres e Pantanal, tem vivido um per\u00edodo de inseguran\u00e7a, devido a confrontos envolvendo o tr\u00e1fico de drogas na regi\u00e3o. Para o Cremepe, n\u00e3o h\u00e1 condi\u00e7\u00f5es m\u00ednimas de seguran\u00e7a para os profissionais diante dessa situa\u00e7\u00e3o. O conselho cita um caso em que todos que estavam dentro da unidade foram impedidos de deixar o local porque ocorria algum confronto do lado de fora. O \u00f4nibus do transporte p\u00fablico tamb\u00e9m parou de entrar na localidade, obrigando alguns profissionais a se deslocarem por \u00e1reas consideradas inseguras.<\/p>\n<p style=\"text-align: justify;\">Conforme o Cremepe, desde agosto a inseguran\u00e7a nas unidades do Ibura est\u00e3o sendo discutidas e a Prefeitura do Recife teria sido devidamente informada. \u201cInclusive, alargamos o prazo para a prefeitura se posicionar\u201d, explica o secret\u00e1rio-geral M\u00e1rio Jorge Lobo.<\/p>\n<p style=\"text-align: justify;\">A gest\u00e3o municipal, segundo Lobo, se posicionou muito depois e propondo medidas consideradas insuficientes. A proposta da prefeitura envolveria a instala\u00e7\u00e3o de c\u00e2meras de seguran\u00e7a e a presen\u00e7a de guardas municipais. \u201cN\u00f3s estamos propondo que as unidades sejam transferidas para locais com melhor acesso, perto das principais vias\u201d, comenta o diretor do Cremepe M\u00e1rio Fernando Lins.<\/p>\n<p style=\"text-align: justify;\">Ao todo, quatro m\u00e9dicos est\u00e3o impedidos de exercer a fun\u00e7\u00e3o nas USFs. Na pr\u00e1tica, a situa\u00e7\u00e3o permanece a mesma, visto que eles n\u00e3o estavam trabalhando por causa da greve dos m\u00e9dicos recifenses. Por\u00e9m, caso a paralisa\u00e7\u00e3o seja finalizada, eles continuar\u00e3o sem atuar por causa da interdi\u00e7\u00e3o \u00e9tica. A decis\u00e3o dos representantes dos m\u00e9dicos n\u00e3o atinge outros profissionais, como enfermeiros e t\u00e9cnicos, portanto as unidades podem continuar recebendo a popula\u00e7\u00e3o. N\u00e3o h\u00e1 prazo para a interdi\u00e7\u00e3o encerrar.<\/p>\n<p style=\"text-align: justify;\">Esta n\u00e3o \u00e9 a primeira vez que o Cremepe interdita uma unidade de sa\u00fade por conta da viol\u00eancia. Em 2016, o mesmo ocorreu com o Servi\u00e7o de Atendimento M\u00f3vel de Urg\u00eancia (Samu) de Olinda. O 2\u00ba secret\u00e1rio do Cremepe, Silvio Rodrigues, lembra que, na ocasi\u00e3o, em quest\u00f5es de semanas a unidade foi transferida de endere\u00e7o e, ap\u00f3s refor\u00e7o da seguran\u00e7a, retornou ao endere\u00e7o anterior. \u201cN\u00e3o \u00e9 algo dif\u00edcil de fazer. A maior parte desses im\u00f3veis s\u00e3o alugados\u201d, salienta Rodrigues.<\/p>\n<p style=\"text-align: justify;\">Al\u00e9m das USFs do Ibura, outras tr\u00eas unidades est\u00e3o na mira do Cremepe. Elas j\u00e1 est\u00e3o na fase de indicativo de interdi\u00e7\u00e3o, aguardando posicionamento da gest\u00e3o municipal. S\u00e3o elas: Centro de Aten\u00e7\u00e3o Psicossocial (CAPS) Jos\u00e9 Carlos Souto, no Torre\u00e3o, por motivos estruturais; USF S\u00edtio dos Macacos, no bairro de Dois Irm\u00e3os, tamb\u00e9m por problemas estruturais; e Policl\u00ednica Amaury Coutinho, em Campina do Barreto, por falta de profissionais.<\/p>\n<p style=\"text-align: justify;\">Procurada, a Secretaria de Sa\u00fade do Recife informou que, para n\u00e3o prejudicar os usu\u00e1rios do Sistema \u00danico de Sa\u00fade (SUS), as duas USFs permanecer\u00e3o abertas. A Prefeitura j\u00e1 estaria tomando medidas como a instala\u00e7\u00e3o de postos de vigil\u00e2ncia, implanta\u00e7\u00e3o de c\u00e2meras ligadas \u00e0 Central de Videomonitoramento da Central da Secretaria Estadual de Defesa Social (SDS), fixa\u00e7\u00e3o de grades e vidros nas portas e realiza\u00e7\u00e3o de reuni\u00f5es de escuta com os profissionais e SDS. Ainda em nota, a secretaria refor\u00e7ou que recentemente foi implantada a Ronda da Sa\u00fade, em parceria com a Guarda Municipal, para contribuir na preven\u00e7\u00e3o da criminalidade e na redu\u00e7\u00e3o da viol\u00eancia nas unidades de sa\u00fade e proximidades, com o patrulhamento motorizado 24 horas e revezamento de 36 guardas municipais.<\/p>\n<p style=\"text-align: justify;\">A Pol\u00edcia Militar informou que atrav\u00e9s do 19\u00ba Batalh\u00e3o esteve nas unidades de sa\u00fade citadas na mat\u00e9ria, se reunindo com funcion\u00e1rios e criando um grupo de WhatsApp para que as equipes que se sentissem amea\u00e7adas acionassem os policiais. Conforme a corpora\u00e7\u00e3o, as comunidades dos Milagres e do Pantanal contam com um policiamento fixo e diferenciado, 24 horas por dia, atrav\u00e9s do Grupo de Apoio T\u00e1tico Itinerante (GATI). As localidades recebem equipes da Patrulha do Bairro das viaturas de Contrarresposta.<\/p>\n<p style=\"text-align: justify;\">\n<p style=\"text-align: justify;\">Fonte: Leia J\u00e1<\/p>\n","protected":false},"excerpt":{"rendered":"<p>Com a interdi\u00e7\u00e3o \u00e9tica aplicada pelo Cremepe, os m\u00e9dicos est\u00e3o impedidos de trabalhar em duas unidades de sa\u00fade do Ibura. As unidades continuar\u00e3o funcionando com enfermeiros e t\u00e9cnicos Confronto de quadrilhas de tr\u00e1fico de drogas, homic\u00eddios, tiroteios e toques de recolher. Este cen\u00e1rio de viol\u00eancia fez com que o Conselho Regional de Medicina de Pernambuco [&hellip;]<\/p>\n","protected":false},"author":1,"featured_media":0,"comment_status":"open","ping_status":"open","sticky":false,"template":"","format":"standard","meta":{"ocean_post_layout":"","ocean_both_sidebars_style":"","ocean_both_sidebars_content_width":0,"ocean_both_sidebars_sidebars_width":0,"ocean_sidebar":"","ocean_second_sidebar":"","ocean_disable_margins":"enable","ocean_add_body_class":"","ocean_shortcode_before_top_bar":"","ocean_shortcode_after_top_bar":"","ocean_shortcode_before_header":"","ocean_shortcode_after_header":"","ocean_has_shortcode":"","ocean_shortcode_after_title":"","ocean_shortcode_before_footer_widgets":"","ocean_shortcode_after_footer_widgets":"","ocean_shortcode_before_footer_bottom":"","ocean_shortcode_after_footer_bottom":"","ocean_display_top_bar":"default","ocean_display_header":"default","ocean_header_style":"","ocean_center_header_left_menu":"","ocean_custom_header_template":"","ocean_custom_logo":0,"ocean_custom_retina_logo":0,"ocean_custom_logo_max_width":0,"ocean_custom_logo_tablet_max_width":0,"ocean_custom_logo_mobile_max_width":0,"ocean_custom_logo_max_height":0,"ocean_custom_logo_tablet_max_height":0,"ocean_custom_logo_mobile_max_height":0,"ocean_header_custom_menu":"","ocean_menu_typo_font_family":"","ocean_menu_typo_font_subset":"","ocean_menu_typo_font_size":0,"ocean_menu_typo_font_size_tablet":0,"ocean_menu_typo_font_size_mobile":0,"ocean_menu_typo_font_size_unit":"px","ocean_menu_typo_font_weight":"","ocean_menu_typo_font_weight_tablet":"","ocean_menu_typo_font_weight_mobile":"","ocean_menu_typo_transform":"","ocean_menu_typo_transform_tablet":"","ocean_menu_typo_transform_mobile":"","ocean_menu_typo_line_height":0,"ocean_menu_typo_line_height_tablet":0,"ocean_menu_typo_line_height_mobile":0,"ocean_menu_typo_line_height_unit":"","ocean_menu_typo_spacing":0,"ocean_menu_typo_spacing_tablet":0,"ocean_menu_typo_spacing_mobile":0,"ocean_menu_typo_spacing_unit":"","ocean_menu_link_color":"","ocean_menu_link_color_hover":"","ocean_menu_link_color_active":"","ocean_menu_link_background":"","ocean_menu_link_hover_background":"","ocean_menu_link_active_background":"","ocean_menu_social_links_bg":"","ocean_menu_social_hover_links_bg":"","ocean_menu_social_links_color":"","ocean_menu_social_hover_links_color":"","ocean_disable_title":"default","ocean_disable_heading":"default","ocean_post_title":"","ocean_post_subheading":"","ocean_post_title_style":"","ocean_post_title_background_color":"","ocean_post_title_background":0,"ocean_post_title_bg_image_position":"","ocean_post_title_bg_image_attachment":"","ocean_post_title_bg_image_repeat":"","ocean_post_title_bg_image_size":"","ocean_post_title_height":0,"ocean_post_title_bg_overlay":0.5,"ocean_post_title_bg_overlay_color":"","ocean_disable_breadcrumbs":"default","ocean_breadcrumbs_color":"","ocean_breadcrumbs_separator_color":"","ocean_breadcrumbs_links_color":"","ocean_breadcrumbs_links_hover_color":"","ocean_display_footer_widgets":"default","ocean_display_footer_bottom":"default","ocean_custom_footer_template":"","ocean_post_oembed":"","ocean_post_self_hosted_media":"","ocean_post_video_embed":"","ocean_link_format":"","ocean_link_format_target":"self","ocean_quote_format":"","ocean_quote_format_link":"post","ocean_gallery_link_images":"on","ocean_gallery_id":[]},"categories":[9],"tags":[55,390,62,181],"acf":[],"_links":{"self":[{"href":"https:\/\/www.simepe.com.br\/novo\/wp-json\/wp\/v2\/posts\/49552"}],"collection":[{"href":"https:\/\/www.simepe.com.br\/novo\/wp-json\/wp\/v2\/posts"}],"about":[{"href":"https:\/\/www.simepe.com.br\/novo\/wp-json\/wp\/v2\/types\/post"}],"author":[{"embeddable":true,"href":"https:\/\/www.simepe.com.br\/novo\/wp-json\/wp\/v2\/users\/1"}],"replies":[{"embeddable":true,"href":"https:\/\/www.simepe.com.br\/novo\/wp-json\/wp\/v2\/comments?post=49552"}],"version-history":[{"count":1,"href":"https:\/\/www.simepe.com.br\/novo\/wp-json\/wp\/v2\/posts\/49552\/revisions"}],"predecessor-version":[{"id":49553,"href":"https:\/\/www.simepe.com.br\/novo\/wp-json\/wp\/v2\/posts\/49552\/revisions\/49553"}],"wp:attachment":[{"href":"https:\/\/www.simepe.com.br\/novo\/wp-json\/wp\/v2\/media?parent=49552"}],"wp:term":[{"taxonomy":"category","embeddable":true,"href":"https:\/\/www.simepe.com.br\/novo\/wp-json\/wp\/v2\/categories?post=49552"},{"taxonomy":"post_tag","embeddable":true,"href":"https:\/\/www.simepe.com.br\/novo\/wp-json\/wp\/v2\/tags?post=49552"}],"curies":[{"name":"wp","href":"https:\/\/api.w.org\/{rel}","templated":true}]}}